{"id":356,"date":"2024-01-22T11:37:23","date_gmt":"2024-01-22T11:37:23","guid":{"rendered":"https:\/\/ehlendergisi.com\/?p=356"},"modified":"2024-01-22T11:40:50","modified_gmt":"2024-01-22T11:40:50","slug":"londra-ve-mannheimde-ras-is-seni-kutlamalari","status":"publish","type":"post","link":"http:\/\/ehlendergisi.com\/index.php\/2024\/01\/22\/londra-ve-mannheimde-ras-is-seni-kutlamalari\/","title":{"rendered":"Londra ve Mannheim&#8217;de R\u00e2s is-Seni kutlamalar\u0131"},"content":{"rendered":"\n<p>\u0130ngiltere&#8217;nin Londra ve Almanya&#8217;n\u0131n Mannheim kentlerinde <strong>R\u00e2s is-Seni<\/strong> kutlamalar\u0131 yap\u0131ld\u0131. <\/p>\n\n\n\n<p>Londra&#8217;dan Ehlen&#8217;e bildiren Mithat Mansur, &#8220;\u0130ngiltere\u2019deki Ahalina Toplulu\u011fu, R\u00e2s is-Seni\u2019yi bu y\u0131l Londra da kalabal\u0131k bir kat\u0131l\u0131mla co\u015fkuyla kutlad\u0131&#8221; dedi. Mithat Mansur, kutlamalar\u0131 \u015fu s\u00f6zlerle anlatt\u0131: &#8220;Londra\u2019da, bu \u00e7apta ve formatta ilk defa yap\u0131lan R\u00e2s is-Seni\u2019ye gen\u00e7lerin ilgi g\u00f6stermesi gelece\u011fe dair umudumuzu g\u00fc\u00e7lendirdi. Londra ve \u00e7evresin de Ahalimizin say\u0131s\u0131n\u0131n az\u0131msanmayacak bir d\u00fczeyde oldu\u011funu g\u00f6rm\u00fc\u015f olduk. Geleneksel yemeklerimizin ortakla\u015fa haz\u0131rlan\u0131p payla\u015f\u0131ld\u0131\u011f\u0131 etkinlikte; Prof. Dr. Mehmet U\u011fur yapt\u0131\u011f\u0131 konu\u015fmada 6 \u015eubat felaketinden sonra Arap Alevi toplumun k\u00fclt\u00fcrel miras\u0131n\u0131n korunmas\u0131 ve ya\u015fat\u0131lmas\u0131n\u0131n \u00f6nemine de\u011findi. \u0130ngiltere\u2019deki Arap Alevilerinin \u201cFriends of Antioch\u201d ad\u0131yla bir dernek kurma haz\u0131rl\u0131\u011f\u0131n\u0131n ba\u015flad\u0131\u011f\u0131 m\u00fcjdesi de verildi. Ayr\u0131ca, etkinlikte kat\u0131l\u0131mc\u0131lar\u0131n ahalimizin ortak sesi olan EHLEN dergisiyle tan\u0131\u015fmas\u0131 ve dergiye g\u00f6sterdikleri ilgi bizleri son derece mutlu etti.&#8221;<\/p>\n\n\n\n<p>Almanya&#8217;da Mannheim R\u00e2s is-Seni \u0130nisiyatifi, kentte yap\u0131lan kutlamay\u0131 ve bulu\u015fmay\u0131 \u015fu \u015fekilde \u00f6zetledi: <\/p>\n\n\n\n<p>&#8220;Ge\u00e7ti\u011fimiz y\u0131l Mannheim ve \u00e7evresinde ya\u015fayan Antakya\/ Adana ve Mersin\u2019den Arap Alevi ve Arap Hristiyan dostlar\u0131n kat\u0131l\u0131m\u0131yla ilk R\u00e2s is-Seni bulu\u015fmas\u0131 yap\u0131lm\u0131\u015ft\u0131. Bu y\u0131l da Mannheim R\u00e2s is-Seni \u0130nisiyatifi olarak 13 Ocak\u2019ta 2. R\u00e2s is-Seni bulu\u015fmas\u0131n\u0131 ger\u00e7ekle\u015ftirdik. Bu y\u0131lki bulu\u015fmada ebetteki 6 ve 20 \u015eubat depremlerinin yaratt\u0131\u011f\u0131 y\u0131k\u0131m ve deprem b\u00f6lgelerinin kendi kaderlerine terk edilmesi meselesi nedeniyle kat\u0131lan herkesin y\u00fcre\u011finde keder ve y\u00fcz\u00fcnde h\u00fcz\u00fcnl\u00fc bir ifade vard\u0131. Ancak, Leyla Uyar\u2019\u0131n a\u00e7\u0131l\u0131\u015f konu\u015fmas\u0131, \u201ck\u00fcllerimizde yeniden do\u011faca\u011f\u0131z\u201d diyen Hakan Mertcan\u2019\u0131n umut verici sunumu ile birlikte var olabilmek i\u00e7in i\u00e7e kapan\u0131p yas tutman\u0131n \u00f6tesinde direnmenin, ortakla\u015fman\u0131n \u00f6nemi; kentlerimizi yeniden kurmak i\u00e7in dayan\u0131\u015fmaya ve m\u00fccadeleye devam etmekten ba\u015fka se\u00e7ene\u011fin olmad\u0131\u011f\u0131 vurguland\u0131. \u00a0Zeynep Ba\u015faran\u2019\u0131n Arap\u00e7a \u015fark\u0131lar\u0131yla birlikte umutlar biraz daha artt\u0131; diren\u00e7li \u015fiirler okundu. G\u00fcn\u00fcn rit\u00fceline uygun geleneksel yemeklerimizi de payla\u015farak bir sonraki R\u00e2s is-Seni\u2019de bulu\u015fmak \u00fczere \u201ckill \u0295\u00e2m w intu b-x\u00ear\u201d diyerek vedala\u015ft\u0131k.&#8221;<\/p>\n\n\n\n<figure class=\"wp-block-gallery has-nested-images columns-default is-cropped wp-block-gallery-1 is-layout-flex wp-block-gallery-is-layout-flex\">\n<figure class=\"wp-block-image size-large\"><img decoding=\"async\" width=\"322\" height=\"455\" data-id=\"359\" data-src=\"https:\/\/ehlendergisi.com\/wp-content\/uploads\/2024\/01\/Picture3.jpg\" alt=\"\" class=\"wp-image-359 lazyload\" data-srcset=\"http:\/\/ehlendergisi.com\/wp-content\/uploads\/2024\/01\/Picture3.jpg 322w, http:\/\/ehlendergisi.com\/wp-content\/uploads\/2024\/01\/Picture3-212x300.jpg 212w, http:\/\/ehlendergisi.com\/wp-content\/uploads\/2024\/01\/Picture3-150x212.jpg 150w, http:\/\/ehlendergisi.com\/wp-content\/uploads\/2024\/01\/Picture3-300x424.jpg 300w\" data-sizes=\"(max-width: 322px) 100vw, 322px\" src=\"data:image\/svg+xml;base64,PHN2ZyB3aWR0aD0iMSIgaGVpZ2h0PSIxIiB4bWxucz0iaHR0cDovL3d3dy53My5vcmcvMjAwMC9zdmciPjwvc3ZnPg==\" style=\"--smush-placeholder-width: 322px; --smush-placeholder-aspect-ratio: 322\/455;\" \/><\/figure>\n\n\n\n<figure class=\"wp-block-image size-large\"><img decoding=\"async\" width=\"615\" height=\"461\" data-id=\"360\" data-src=\"https:\/\/ehlendergisi.com\/wp-content\/uploads\/2024\/01\/Picture2.jpg\" alt=\"\" class=\"wp-image-360 lazyload\" data-srcset=\"http:\/\/ehlendergisi.com\/wp-content\/uploads\/2024\/01\/Picture2.jpg 615w, http:\/\/ehlendergisi.com\/wp-content\/uploads\/2024\/01\/Picture2-300x225.jpg 300w, http:\/\/ehlendergisi.com\/wp-content\/uploads\/2024\/01\/Picture2-150x112.jpg 150w, http:\/\/ehlendergisi.com\/wp-content\/uploads\/2024\/01\/Picture2-265x198.jpg 265w\" data-sizes=\"(max-width: 615px) 100vw, 615px\" src=\"data:image\/svg+xml;base64,PHN2ZyB3aWR0aD0iMSIgaGVpZ2h0PSIxIiB4bWxucz0iaHR0cDovL3d3dy53My5vcmcvMjAwMC9zdmciPjwvc3ZnPg==\" style=\"--smush-placeholder-width: 615px; --smush-placeholder-aspect-ratio: 615\/461;\" \/><\/figure>\n<\/figure>\n","protected":false},"excerpt":{"rendered":"<p>\u0130ngiltere&#8217;nin Londra ve Almanya&#8217;n\u0131n Mannheim kentlerinde R\u00e2s is-Seni kutlamalar\u0131 yap\u0131ld\u0131. Londra&#8217;dan Ehlen&#8217;e bildiren Mithat Mansur, &#8220;\u0130ngiltere\u2019deki Ahalina Toplulu\u011fu, R\u00e2s is-Seni\u2019yi bu y\u0131l Londra da kalabal\u0131k bir kat\u0131l\u0131mla co\u015fkuyla kutlad\u0131&#8221; dedi. Mithat Mansur, kutlamalar\u0131 \u015fu s\u00f6zlerle anlatt\u0131: &#8220;Londra\u2019da, bu \u00e7apta ve formatta ilk defa yap\u0131lan R\u00e2s is-Seni\u2019ye gen\u00e7lerin ilgi g\u00f6stermesi gelece\u011fe dair umudumuzu g\u00fc\u00e7lendirdi. Londra ve [&hellip;]<\/p>\n","protected":false},"author":1,"featured_media":358,"comment_status":"closed","ping_status":"open","sticky":false,"template":"","format":"standard","meta":{"tdm_status":"","tdm_grid_status":"","footnotes":""},"categories":[6],"tags":[],"class_list":{"0":"post-356","1":"post","2":"type-post","3":"status-publish","4":"format-standard","5":"has-post-thumbnail","7":"category-kultur"},"yoast_head":"<!-- This site is optimized with the Yoast SEO plugin v26.6 - https:\/\/yoast.com\/wordpress\/plugins\/seo\/ -->\n<title>Londra ve Mannheim&#039;de R\u00e2s is-Seni kutlamalar\u0131 - ehlen<\/title>\n<meta name=\"robots\" content=\"index, follow, max-snippet:-1, max-image-preview:large, max-video-preview:-1\" \/>\n<link rel=\"canonical\" href=\"https:\/\/ehlendergisi.com\/index.php\/2024\/01\/22\/londra-ve-mannheimde-ras-is-seni-kutlamalari\/\" \/>\n<meta property=\"og:locale\" content=\"tr_TR\" \/>\n<meta property=\"og:type\" content=\"article\" \/>\n<meta property=\"og:title\" content=\"Londra ve Mannheim&#039;de R\u00e2s is-Seni kutlamalar\u0131 - ehlen\" \/>\n<meta property=\"og:description\" content=\"\u0130ngiltere&#8217;nin Londra ve Almanya&#8217;n\u0131n Mannheim kentlerinde R\u00e2s is-Seni kutlamalar\u0131 yap\u0131ld\u0131. Londra&#8217;dan Ehlen&#8217;e bildiren Mithat Mansur, &#8220;\u0130ngiltere\u2019deki Ahalina Toplulu\u011fu, R\u00e2s is-Seni\u2019yi bu y\u0131l Londra da kalabal\u0131k bir kat\u0131l\u0131mla co\u015fkuyla kutlad\u0131&#8221; dedi. Mithat Mansur, kutlamalar\u0131 \u015fu s\u00f6zlerle anlatt\u0131: &#8220;Londra\u2019da, bu \u00e7apta ve formatta ilk defa yap\u0131lan R\u00e2s is-Seni\u2019ye gen\u00e7lerin ilgi g\u00f6stermesi gelece\u011fe dair umudumuzu g\u00fc\u00e7lendirdi. Londra ve [&hellip;]\" \/>\n<meta property=\"og:url\" content=\"https:\/\/ehlendergisi.com\/index.php\/2024\/01\/22\/londra-ve-mannheimde-ras-is-seni-kutlamalari\/\" \/>\n<meta property=\"og:site_name\" content=\"ehlen\" \/>\n<meta property=\"article:publisher\" content=\"https:\/\/www.facebook.com\/ehlendergisi\/?locale=tr_TR\" \/>\n<meta property=\"article:published_time\" content=\"2024-01-22T11:37:23+00:00\" \/>\n<meta property=\"article:modified_time\" content=\"2024-01-22T11:40:50+00:00\" \/>\n<meta property=\"og:image\" content=\"https:\/\/ehlendergisi.com\/wp-content\/uploads\/2024\/01\/Picture1.jpg\" \/>\n\t<meta property=\"og:image:width\" content=\"931\" \/>\n\t<meta property=\"og:image:height\" content=\"419\" \/>\n\t<meta property=\"og:image:type\" content=\"image\/jpeg\" \/>\n<meta name=\"author\" content=\"admin\" \/>\n<meta name=\"twitter:card\" content=\"summary_large_image\" \/>\n<meta name=\"twitter:image\" content=\"http:\/\/ehlendergisi.com\/wp-content\/uploads\/2024\/01\/Picture1.jpg\" \/>\n<meta name=\"twitter:creator\" content=\"@yenidenehlen\" \/>\n<meta name=\"twitter:site\" content=\"@yenidenehlen\" \/>\n<meta name=\"twitter:label1\" content=\"Yazan:\" \/>\n\t<meta name=\"twitter:data1\" content=\"admin\" \/>\n\t<meta name=\"twitter:label2\" content=\"Tahmini okuma s\u00fcresi\" \/>\n\t<meta name=\"twitter:data2\" content=\"3 dakika\" \/>\n<script type=\"application\/ld+json\" class=\"yoast-schema-graph\">{\"@context\":\"https:\/\/schema.org\",\"@graph\":[{\"@type\":\"Article\",\"@id\":\"https:\/\/ehlendergisi.com\/index.php\/2024\/01\/22\/londra-ve-mannheimde-ras-is-seni-kutlamalari\/#article\",\"isPartOf\":{\"@id\":\"https:\/\/ehlendergisi.com\/index.php\/2024\/01\/22\/londra-ve-mannheimde-ras-is-seni-kutlamalari\/\"},\"author\":{\"name\":\"admin\",\"@id\":\"https:\/\/ehlendergisi.com\/#\/schema\/person\/de94365e0837ae704e10d1723547402a\"},\"headline\":\"Londra ve Mannheim&#8217;de R\u00e2s is-Seni kutlamalar\u0131\",\"datePublished\":\"2024-01-22T11:37:23+00:00\",\"dateModified\":\"2024-01-22T11:40:50+00:00\",\"mainEntityOfPage\":{\"@id\":\"https:\/\/ehlendergisi.com\/index.php\/2024\/01\/22\/londra-ve-mannheimde-ras-is-seni-kutlamalari\/\"},\"wordCount\":413,\"publisher\":{\"@id\":\"https:\/\/ehlendergisi.com\/#organization\"},\"image\":{\"@id\":\"https:\/\/ehlendergisi.com\/index.php\/2024\/01\/22\/londra-ve-mannheimde-ras-is-seni-kutlamalari\/#primaryimage\"},\"thumbnailUrl\":\"http:\/\/ehlendergisi.com\/wp-content\/uploads\/2024\/01\/Picture1.jpg\",\"articleSection\":[\"K\u00fclt\u00fcr\"],\"inLanguage\":\"tr\"},{\"@type\":\"WebPage\",\"@id\":\"https:\/\/ehlendergisi.com\/index.php\/2024\/01\/22\/londra-ve-mannheimde-ras-is-seni-kutlamalari\/\",\"url\":\"https:\/\/ehlendergisi.com\/index.php\/2024\/01\/22\/londra-ve-mannheimde-ras-is-seni-kutlamalari\/\",\"name\":\"Londra ve Mannheim'de R\u00e2s is-Seni kutlamalar\u0131 - ehlen\",\"isPartOf\":{\"@id\":\"https:\/\/ehlendergisi.com\/#website\"},\"primaryImageOfPage\":{\"@id\":\"https:\/\/ehlendergisi.com\/index.php\/2024\/01\/22\/londra-ve-mannheimde-ras-is-seni-kutlamalari\/#primaryimage\"},\"image\":{\"@id\":\"https:\/\/ehlendergisi.com\/index.php\/2024\/01\/22\/londra-ve-mannheimde-ras-is-seni-kutlamalari\/#primaryimage\"},\"thumbnailUrl\":\"http:\/\/ehlendergisi.com\/wp-content\/uploads\/2024\/01\/Picture1.jpg\",\"datePublished\":\"2024-01-22T11:37:23+00:00\",\"dateModified\":\"2024-01-22T11:40:50+00:00\",\"breadcrumb\":{\"@id\":\"https:\/\/ehlendergisi.com\/index.php\/2024\/01\/22\/londra-ve-mannheimde-ras-is-seni-kutlamalari\/#breadcrumb\"},\"inLanguage\":\"tr\",\"potentialAction\":[{\"@type\":\"ReadAction\",\"target\":[\"https:\/\/ehlendergisi.com\/index.php\/2024\/01\/22\/londra-ve-mannheimde-ras-is-seni-kutlamalari\/\"]}]},{\"@type\":\"ImageObject\",\"inLanguage\":\"tr\",\"@id\":\"https:\/\/ehlendergisi.com\/index.php\/2024\/01\/22\/londra-ve-mannheimde-ras-is-seni-kutlamalari\/#primaryimage\",\"url\":\"http:\/\/ehlendergisi.com\/wp-content\/uploads\/2024\/01\/Picture1.jpg\",\"contentUrl\":\"http:\/\/ehlendergisi.com\/wp-content\/uploads\/2024\/01\/Picture1.jpg\",\"width\":931,\"height\":419},{\"@type\":\"BreadcrumbList\",\"@id\":\"https:\/\/ehlendergisi.com\/index.php\/2024\/01\/22\/londra-ve-mannheimde-ras-is-seni-kutlamalari\/#breadcrumb\",\"itemListElement\":[{\"@type\":\"ListItem\",\"position\":1,\"name\":\"Anasayfa\",\"item\":\"https:\/\/ehlendergisi.com\/\"},{\"@type\":\"ListItem\",\"position\":2,\"name\":\"Londra ve Mannheim&#8217;de R\u00e2s is-Seni kutlamalar\u0131\"}]},{\"@type\":\"WebSite\",\"@id\":\"https:\/\/ehlendergisi.com\/#website\",\"url\":\"https:\/\/ehlendergisi.com\/\",\"name\":\"ehlen\",\"description\":\"k\u00fclt\u00fcr, sanat, siyaset dergisi\",\"publisher\":{\"@id\":\"https:\/\/ehlendergisi.com\/#organization\"},\"potentialAction\":[{\"@type\":\"SearchAction\",\"target\":{\"@type\":\"EntryPoint\",\"urlTemplate\":\"https:\/\/ehlendergisi.com\/?s={search_term_string}\"},\"query-input\":{\"@type\":\"PropertyValueSpecification\",\"valueRequired\":true,\"valueName\":\"search_term_string\"}}],\"inLanguage\":\"tr\"},{\"@type\":\"Organization\",\"@id\":\"https:\/\/ehlendergisi.com\/#organization\",\"name\":\"ehlen\",\"url\":\"https:\/\/ehlendergisi.com\/\",\"logo\":{\"@type\":\"ImageObject\",\"inLanguage\":\"tr\",\"@id\":\"https:\/\/ehlendergisi.com\/#\/schema\/logo\/image\/\",\"url\":\"https:\/\/ehlendergisi.com\/wp-content\/uploads\/2023\/06\/IMG_9500404081E2-1-2.jpeg\",\"contentUrl\":\"https:\/\/ehlendergisi.com\/wp-content\/uploads\/2023\/06\/IMG_9500404081E2-1-2.jpeg\",\"width\":2560,\"height\":1341,\"caption\":\"ehlen\"},\"image\":{\"@id\":\"https:\/\/ehlendergisi.com\/#\/schema\/logo\/image\/\"},\"sameAs\":[\"https:\/\/www.facebook.com\/ehlendergisi\/?locale=tr_TR\",\"https:\/\/x.com\/yenidenehlen\"]},{\"@type\":\"Person\",\"@id\":\"https:\/\/ehlendergisi.com\/#\/schema\/person\/de94365e0837ae704e10d1723547402a\",\"name\":\"admin\",\"image\":{\"@type\":\"ImageObject\",\"inLanguage\":\"tr\",\"@id\":\"https:\/\/ehlendergisi.com\/#\/schema\/person\/image\/\",\"url\":\"https:\/\/secure.gravatar.com\/avatar\/4e3d1b4ba20db56c5c7cda805db9aa90e8ae36f8cd48a7e189f21124a32188a7?s=96&d=mm&r=g\",\"contentUrl\":\"https:\/\/secure.gravatar.com\/avatar\/4e3d1b4ba20db56c5c7cda805db9aa90e8ae36f8cd48a7e189f21124a32188a7?s=96&d=mm&r=g\",\"caption\":\"admin\"},\"sameAs\":[\"http:\/\/ehlendergisi.com\"],\"url\":\"http:\/\/ehlendergisi.com\/index.php\/author\/admin\/\"}]}<\/script>\n<!-- \/ Yoast SEO plugin. -->","yoast_head_json":{"title":"Londra ve Mannheim'de R\u00e2s is-Seni kutlamalar\u0131 - ehlen","robots":{"index":"index","follow":"follow","max-snippet":"max-snippet:-1","max-image-preview":"max-image-preview:large","max-video-preview":"max-video-preview:-1"},"canonical":"https:\/\/ehlendergisi.com\/index.php\/2024\/01\/22\/londra-ve-mannheimde-ras-is-seni-kutlamalari\/","og_locale":"tr_TR","og_type":"article","og_title":"Londra ve Mannheim'de R\u00e2s is-Seni kutlamalar\u0131 - ehlen","og_description":"\u0130ngiltere&#8217;nin Londra ve Almanya&#8217;n\u0131n Mannheim kentlerinde R\u00e2s is-Seni kutlamalar\u0131 yap\u0131ld\u0131. Londra&#8217;dan Ehlen&#8217;e bildiren Mithat Mansur, &#8220;\u0130ngiltere\u2019deki Ahalina Toplulu\u011fu, R\u00e2s is-Seni\u2019yi bu y\u0131l Londra da kalabal\u0131k bir kat\u0131l\u0131mla co\u015fkuyla kutlad\u0131&#8221; dedi. Mithat Mansur, kutlamalar\u0131 \u015fu s\u00f6zlerle anlatt\u0131: &#8220;Londra\u2019da, bu \u00e7apta ve formatta ilk defa yap\u0131lan R\u00e2s is-Seni\u2019ye gen\u00e7lerin ilgi g\u00f6stermesi gelece\u011fe dair umudumuzu g\u00fc\u00e7lendirdi. Londra ve [&hellip;]","og_url":"https:\/\/ehlendergisi.com\/index.php\/2024\/01\/22\/londra-ve-mannheimde-ras-is-seni-kutlamalari\/","og_site_name":"ehlen","article_publisher":"https:\/\/www.facebook.com\/ehlendergisi\/?locale=tr_TR","article_published_time":"2024-01-22T11:37:23+00:00","article_modified_time":"2024-01-22T11:40:50+00:00","og_image":[{"width":931,"height":419,"url":"https:\/\/ehlendergisi.com\/wp-content\/uploads\/2024\/01\/Picture1.jpg","type":"image\/jpeg"}],"author":"admin","twitter_card":"summary_large_image","twitter_image":"http:\/\/ehlendergisi.com\/wp-content\/uploads\/2024\/01\/Picture1.jpg","twitter_creator":"@yenidenehlen","twitter_site":"@yenidenehlen","twitter_misc":{"Yazan:":"admin","Tahmini okuma s\u00fcresi":"3 dakika"},"schema":{"@context":"https:\/\/schema.org","@graph":[{"@type":"Article","@id":"https:\/\/ehlendergisi.com\/index.php\/2024\/01\/22\/londra-ve-mannheimde-ras-is-seni-kutlamalari\/#article","isPartOf":{"@id":"https:\/\/ehlendergisi.com\/index.php\/2024\/01\/22\/londra-ve-mannheimde-ras-is-seni-kutlamalari\/"},"author":{"name":"admin","@id":"https:\/\/ehlendergisi.com\/#\/schema\/person\/de94365e0837ae704e10d1723547402a"},"headline":"Londra ve Mannheim&#8217;de R\u00e2s is-Seni kutlamalar\u0131","datePublished":"2024-01-22T11:37:23+00:00","dateModified":"2024-01-22T11:40:50+00:00","mainEntityOfPage":{"@id":"https:\/\/ehlendergisi.com\/index.php\/2024\/01\/22\/londra-ve-mannheimde-ras-is-seni-kutlamalari\/"},"wordCount":413,"publisher":{"@id":"https:\/\/ehlendergisi.com\/#organization"},"image":{"@id":"https:\/\/ehlendergisi.com\/index.php\/2024\/01\/22\/londra-ve-mannheimde-ras-is-seni-kutlamalari\/#primaryimage"},"thumbnailUrl":"http:\/\/ehlendergisi.com\/wp-content\/uploads\/2024\/01\/Picture1.jpg","articleSection":["K\u00fclt\u00fcr"],"inLanguage":"tr"},{"@type":"WebPage","@id":"https:\/\/ehlendergisi.com\/index.php\/2024\/01\/22\/londra-ve-mannheimde-ras-is-seni-kutlamalari\/","url":"https:\/\/ehlendergisi.com\/index.php\/2024\/01\/22\/londra-ve-mannheimde-ras-is-seni-kutlamalari\/","name":"Londra ve Mannheim'de R\u00e2s is-Seni kutlamalar\u0131 - ehlen","isPartOf":{"@id":"https:\/\/ehlendergisi.com\/#website"},"primaryImageOfPage":{"@id":"https:\/\/ehlendergisi.com\/index.php\/2024\/01\/22\/londra-ve-mannheimde-ras-is-seni-kutlamalari\/#primaryimage"},"image":{"@id":"https:\/\/ehlendergisi.com\/index.php\/2024\/01\/22\/londra-ve-mannheimde-ras-is-seni-kutlamalari\/#primaryimage"},"thumbnailUrl":"http:\/\/ehlendergisi.com\/wp-content\/uploads\/2024\/01\/Picture1.jpg","datePublished":"2024-01-22T11:37:23+00:00","dateModified":"2024-01-22T11:40:50+00:00","breadcrumb":{"@id":"https:\/\/ehlendergisi.com\/index.php\/2024\/01\/22\/londra-ve-mannheimde-ras-is-seni-kutlamalari\/#breadcrumb"},"inLanguage":"tr","potentialAction":[{"@type":"ReadAction","target":["https:\/\/ehlendergisi.com\/index.php\/2024\/01\/22\/londra-ve-mannheimde-ras-is-seni-kutlamalari\/"]}]},{"@type":"ImageObject","inLanguage":"tr","@id":"https:\/\/ehlendergisi.com\/index.php\/2024\/01\/22\/londra-ve-mannheimde-ras-is-seni-kutlamalari\/#primaryimage","url":"http:\/\/ehlendergisi.com\/wp-content\/uploads\/2024\/01\/Picture1.jpg","contentUrl":"http:\/\/ehlendergisi.com\/wp-content\/uploads\/2024\/01\/Picture1.jpg","width":931,"height":419},{"@type":"BreadcrumbList","@id":"https:\/\/ehlendergisi.com\/index.php\/2024\/01\/22\/londra-ve-mannheimde-ras-is-seni-kutlamalari\/#breadcrumb","itemListElement":[{"@type":"ListItem","position":1,"name":"Anasayfa","item":"https:\/\/ehlendergisi.com\/"},{"@type":"ListItem","position":2,"name":"Londra ve Mannheim&#8217;de R\u00e2s is-Seni kutlamalar\u0131"}]},{"@type":"WebSite","@id":"https:\/\/ehlendergisi.com\/#website","url":"https:\/\/ehlendergisi.com\/","name":"ehlen","description":"k\u00fclt\u00fcr, sanat, siyaset dergisi","publisher":{"@id":"https:\/\/ehlendergisi.com\/#organization"},"potentialAction":[{"@type":"SearchAction","target":{"@type":"EntryPoint","urlTemplate":"https:\/\/ehlendergisi.com\/?s={search_term_string}"},"query-input":{"@type":"PropertyValueSpecification","valueRequired":true,"valueName":"search_term_string"}}],"inLanguage":"tr"},{"@type":"Organization","@id":"https:\/\/ehlendergisi.com\/#organization","name":"ehlen","url":"https:\/\/ehlendergisi.com\/","logo":{"@type":"ImageObject","inLanguage":"tr","@id":"https:\/\/ehlendergisi.com\/#\/schema\/logo\/image\/","url":"https:\/\/ehlendergisi.com\/wp-content\/uploads\/2023\/06\/IMG_9500404081E2-1-2.jpeg","contentUrl":"https:\/\/ehlendergisi.com\/wp-content\/uploads\/2023\/06\/IMG_9500404081E2-1-2.jpeg","width":2560,"height":1341,"caption":"ehlen"},"image":{"@id":"https:\/\/ehlendergisi.com\/#\/schema\/logo\/image\/"},"sameAs":["https:\/\/www.facebook.com\/ehlendergisi\/?locale=tr_TR","https:\/\/x.com\/yenidenehlen"]},{"@type":"Person","@id":"https:\/\/ehlendergisi.com\/#\/schema\/person\/de94365e0837ae704e10d1723547402a","name":"admin","image":{"@type":"ImageObject","inLanguage":"tr","@id":"https:\/\/ehlendergisi.com\/#\/schema\/person\/image\/","url":"https:\/\/secure.gravatar.com\/avatar\/4e3d1b4ba20db56c5c7cda805db9aa90e8ae36f8cd48a7e189f21124a32188a7?s=96&d=mm&r=g","contentUrl":"https:\/\/secure.gravatar.com\/avatar\/4e3d1b4ba20db56c5c7cda805db9aa90e8ae36f8cd48a7e189f21124a32188a7?s=96&d=mm&r=g","caption":"admin"},"sameAs":["http:\/\/ehlendergisi.com"],"url":"http:\/\/ehlendergisi.com\/index.php\/author\/admin\/"}]}},"amp_enabled":true,"_links":{"self":[{"href":"http:\/\/ehlendergisi.com\/index.php\/wp-json\/wp\/v2\/posts\/356","targetHints":{"allow":["GET"]}}],"collection":[{"href":"http:\/\/ehlendergisi.com\/index.php\/wp-json\/wp\/v2\/posts"}],"about":[{"href":"http:\/\/ehlendergisi.com\/index.php\/wp-json\/wp\/v2\/types\/post"}],"author":[{"embeddable":true,"href":"http:\/\/ehlendergisi.com\/index.php\/wp-json\/wp\/v2\/users\/1"}],"replies":[{"embeddable":true,"href":"http:\/\/ehlendergisi.com\/index.php\/wp-json\/wp\/v2\/comments?post=356"}],"version-history":[{"count":1,"href":"http:\/\/ehlendergisi.com\/index.php\/wp-json\/wp\/v2\/posts\/356\/revisions"}],"predecessor-version":[{"id":361,"href":"http:\/\/ehlendergisi.com\/index.php\/wp-json\/wp\/v2\/posts\/356\/revisions\/361"}],"wp:featuredmedia":[{"embeddable":true,"href":"http:\/\/ehlendergisi.com\/index.php\/wp-json\/wp\/v2\/media\/358"}],"wp:attachment":[{"href":"http:\/\/ehlendergisi.com\/index.php\/wp-json\/wp\/v2\/media?parent=356"}],"wp:term":[{"taxonomy":"category","embeddable":true,"href":"http:\/\/ehlendergisi.com\/index.php\/wp-json\/wp\/v2\/categories?post=356"},{"taxonomy":"post_tag","embeddable":true,"href":"http:\/\/ehlendergisi.com\/index.php\/wp-json\/wp\/v2\/tags?post=356"}],"curies":[{"name":"wp","href":"https:\/\/api.w.org\/{rel}","templated":true}]}}