{"id":542,"date":"2024-05-19T08:30:31","date_gmt":"2024-05-19T08:30:31","guid":{"rendered":"https:\/\/ehlendergisi.com\/?p=542"},"modified":"2024-05-19T08:45:29","modified_gmt":"2024-05-19T08:45:29","slug":"542","status":"publish","type":"post","link":"http:\/\/ehlendergisi.com\/index.php\/2024\/05\/19\/542\/","title":{"rendered":"Hepimizin \u00c7ar\u015f\u0131s\u0131"},"content":{"rendered":"\n<p><strong><em>Burhan Tat<\/em><\/strong><\/p>\n\n\n\n<p>Ellerin K\u00e2besi var, benim k\u00e2bem insand\u0131r,<br>Kuran da kurtaran da insano\u011flu insand\u0131r\u2026<\/p>\n\n\n\n<p>Ruhi Su\u00a0\u00a0 \u00a0\u00a0\u00a0\u00a0\u00a0\u00a0\u00a0\u00a0\u00a0\u00a0\u00a0\u00a0\u00a0\u00a0\u00a0\u00a0\u00a0\u00a0\u00a0\u00a0\u00a0\u00a0\u00a0\u00a0\u00a0\u00a0\u00a0\u00a0\u00a0\u00a0\u00a0\u00a0\u00a0\u00a0\u00a0\u00a0\u00a0\u00a0\u00a0\u00a0\u00a0\u00a0\u00a0\u00a0\u00a0\u00a0\u00a0\u00a0\u00a0\u00a0\u00a0\u00a0\u00a0\u00a0\u00a0\u00a0\u00a0\u00a0\u00a0\u00a0\u00a0\u00a0\u00a0\u00a0\u00a0\u00a0\u00a0\u00a0\u00a0\u00a0\u00a0\u00a0\u00a0\u00a0\u00a0\u00a0\u00a0\u00a0\u00a0\u00a0\u00a0\u00a0\u00a0\u00a0\u00a0\u00a0\u00a0\u00a0\u00a0\u00a0\u00a0\u00a0\u00a0\u00a0\u00a0\u00a0\u00a0\u00a0\u00a0\u00a0\u00a0\u00a0\u00a0\u00a0\u00a0<\/p>\n\n\n\n<p>G\u00fcn\u00fcn g\u00fczelli\u011fini mu\u015ftulayacak parlak g\u00fcn, az sonra dirilerek mavi \u00f6rt\u00fcs\u00fcn\u00fc \u00e7ar\u015f\u0131n\u0131n \u00fczerine serecek. Tespih taneleri gibi yan yana dizili olan kepenkler de\u011fi\u015fik melodilerle a\u00e7\u0131lacak. D\u00fckk\u00e2nlar\u0131n i\u00e7i s\u00fcp\u00fcr\u00fcl\u00fcp, paspaslar \u00e7ekilecek.<\/p>\n\n\n\n<p>\u00c7ar\u015f\u0131n\u0131n hemen giri\u015finde topa\u00e7 yapan Arap Kemal Day\u0131, makinas\u0131n\u0131 \u00e7al\u0131\u015ft\u0131r\u0131p \u015fim\u015firlere ilk \u00e7ivileri \u00e7akacak. K\u00f6\u015fe ba\u015f\u0131ndaki g\u00f6zl\u00fckl\u00fc k\u00f6\u015fker, sabah namaz\u0131ndan getirdi\u011fi hrise\u2019sini, dikilmekte olan ayakkab\u0131s\u0131n\u0131 bekleyen kasketli k\u00f6yl\u00fcyle ka\u015f\u0131klayacak. Az sonra uzun y\u0131llard\u0131r s\u0131rt s\u0131rta vermi\u015f i\u015fyerlerinin aras\u0131ndan h\u0131rs\u0131zlama dalmaya \u00e7al\u0131\u015fan g\u00fcne\u015f, tezg\u00e2h \u00fczerine dizili ayakkab\u0131lar\u0131 parlatacak. Kendi k\u00fc\u00e7\u00fck, eme\u011fi b\u00fcy\u00fck, \u00e7ar\u015f\u0131n\u0131n maskotu olan bacaks\u0131z, be\u015f vakit namazl\u0131 ustas\u0131yla, biti\u015fikteki Hristiyan manifaturac\u0131ya sesi bozuk diafondan az \u015fekerli kahveleri s\u00f6ylerken kendini de tar\u00e7\u0131nla \u00f6d\u00fcllendirecek. Tam o esnada memur tavu\u011fu taze gevrekler, elden ele dola\u015ft\u0131r\u0131larak tav\u015fankan\u0131 \u00e7aylar e\u015fli\u011finde afiyetle yenilecek. Sonra iskemleler d\u00fckk\u00e2n \u00f6nlerine \u00e7\u0131kar\u0131lacak, elde gazetelerin spor sayfalar\u0131, ilk hanekler yar\u0131\u015ft\u0131r\u0131lacak. Derken, k\u0131rm\u0131z\u0131 yanakl\u0131, g\u00fcle\u00e7 bir k\u00f6yl\u00fc, s\u0131rtlad\u0131\u011f\u0131 patl\u0131can \u00e7uval\u0131n\u0131 bir kartonun \u00fczerine bo\u015faltacak. Ayakkab\u0131c\u0131 Mustafa Emmi fiyat soracak:<\/p>\n\n\n\n<p>\u201cHamid A\u011fa, balcan\u0131 nenca veriyon?\u201d (Patl\u0131can\u0131 ka\u00e7 liraya veriyorsun?)<br>\u201cLkilo, on leyra.\u201d (Kilosu on lira.)<\/p>\n\n\n\n<p>Yahudi sarraf, Mustafa Emmi\u2019ye g\u00f6z k\u0131rp\u0131p konu\u015fmaya dalacak:<\/p>\n\n\n\n<p>\u201cKtir bahal\u0131.\u201d (\u00c7ok pahal\u0131.)<br>\u201cLevallah mebahal\u0131!\u201d (Vallahi pahal\u0131 de\u011fil!)<\/p>\n\n\n\n<p>Hamid A\u011fa \u00e7ay\u0131n\u0131 yudumlayana kadar i\u00e7i patl\u0131can dolu olan \u00e7uval sat\u0131lm\u0131\u015f olacak.<\/p>\n\n\n\n<p>G\u00fcne\u015f biraz y\u00fckselip de g\u00fcl\u00fcmsedi\u011finde ortal\u0131k hareketlenecek, de\u011fi\u015fik boylardaki ayaklar, su birikmesin diye aras\u0131na boydan boya ark a\u00e7\u0131lm\u0131\u015f olan \u00e7ar\u015f\u0131da ora insan\u0131n\u0131n konu\u015ftu\u011fu dillerle selamla\u015facak. O esnada d\u00f6rt ki\u015filik \u00e7ekirdek bir aile tan\u0131d\u0131k bir i\u015f yerine ge\u00e7erek, b\u0131y\u0131klar\u0131 yeni terleyip ergenli\u011fe ad\u0131m atm\u0131\u015f \u00e7ocuklar\u0131na bir numara b\u00fcy\u00fck spor ayakkab\u0131 alacak. \u0130ki kad\u0131n, \u00e7aprazdaki sat\u0131c\u0131y\u0131 illallah ettirerek, az topuklu ayakkab\u0131y\u0131 ucuza kapatman\u0131n keyfini ya\u015fayacak. Affan taraf\u0131ndan \u00e7ar\u015f\u0131ya inen g\u00f6zl\u00fckl\u00fc, ya\u015fl\u0131 bir adamla beyaz t\u00fclbentli g\u00fcle\u00e7 y\u00fczl\u00fc e\u015fi, sarrafa girip \u00fc\u00e7 ay \u00f6nce alm\u0131\u015f oldu\u011fu bilezi\u011fin ayl\u0131k borcunu \u00f6deyerek \u201cS\u00f6z senettir,\u201d c\u00fcmlesini hayata ge\u00e7irmi\u015f olacak.<\/p>\n\n\n\n<p>Saatler \u00f6\u011fleyi vurdu\u011funda Abdurrahman Day\u0131 caminin yolunu tutacak. Giderken gayrim\u00fcslim ve Alevi esnaflardaki m\u00fczik sesi kapanacak, a\u011f\u0131zlar\u0131ndan \u201cAllah kabul etsin,\u201d c\u00fcmlesi yank\u0131lanacak. Kara benizli bir \u00e7\u0131rak, kal\u0131b\u0131n i\u00e7indeki ayakkab\u0131lar\u0131, ustas\u0131ndan f\u0131r\u00e7a yememek ad\u0131na a\u011fz\u0131ndan \u00e7\u0131kard\u0131\u011f\u0131 siren sesi ile \u00e7ar\u015f\u0131da gezinenlerden yol isteyerek \u00fcst soka\u011fa yeti\u015ftirmeye \u00e7al\u0131\u015facak.<\/p>\n\n\n\n<p>Alzheimer hastas\u0131 ya\u015fl\u0131 bir amca \u00e7ar\u015f\u0131ya girer girmez ayak direyecek, iki arkada\u015f\u0131n\u0131n hakka y\u00fcr\u00fcd\u00fcklerini unutmu\u015f olacak: \u201cBana kar\u0131\u015fmay\u0131n! B\u0131\u00e7ak\u00e7\u0131 Naim\u2019e gidece\u011fim. Oradan da asker arkada\u015f\u0131m yorganc\u0131 Naif\u2019e gidip \u00e7ay\u0131m\u0131 i\u00e7ece\u011fim,\u201d diyerek k\u0131sa s\u00fcreli\u011fine \u00e7ar\u015f\u0131y\u0131 elli alt\u0131ya verecek. O esnada imdada yeti\u015fen Alevi bir tuhafiyeci sandalye \u00e7ekip dedeye bir ada \u00e7ay\u0131 ikram ederek sakinle\u015ftirecek. \u00d6\u011fle \u00fczeri d\u00f6rt ayr\u0131 kitaba mensup, d\u00f6rt esnaf, kasaba bir sini et s\u00f6yleyecek. \u00c7\u0131raklar da nemalanaca\u011f\u0131ndan \u00fcst\u00fcnde biber ve domates kapl\u0131 tepsi, b\u00fcy\u00fck boy yapt\u0131r\u0131lacak.<\/p>\n\n\n\n<p>G\u00fcne\u015f tam tepeye dikilince \u00e7ar\u015f\u0131n\u0131n g\u00f6lgelikler kar\u015f\u0131l\u0131kl\u0131 gerilecek. Sefer taslar\u0131 ortaya serilip \u00f6\u011fle yemekleri i\u015ftahla yenilecek. Yemekten sonra kimi ya\u015fl\u0131 esnaflar \u015fekerleme yapmaya \u00e7ekilecek. \u00d6\u011fleden sonra olunca \u00e7ar\u015f\u0131ya inen gen\u00e7 k\u0131zlar ortal\u0131\u011f\u0131 kas\u0131p kavuracak. \u00c7ar\u015f\u0131 panay\u0131ra d\u00f6necek, daha bir canlanacak. Vatani g\u00f6revini bitirmi\u015f, az bu\u00e7uk gurbet havas\u0131 yalam\u0131\u015f iki futbolsever kalfa, kar\u015f\u0131l\u0131kl\u0131 d\u00fckk\u00e2nlardan ma\u00e7 havas\u0131na girecek.<\/p>\n\n\n\n<p>\u201cBere H\u00f6s\u00fcn, haftaya Antep\u2019e gidok mu?\u201d<br>\u201cNe yap\u0131c\u0131k kirve?\u201d<br>\u201cSept (cumartesi) g\u00fcn\u00fc Cimbom gelici. Benzini p\u00f6l\u00fc\u015f\u00fcr, hemi de eyisinden baklava yirik!\u201d<\/p>\n\n\n\n<p>\u0130kindi \u00fczeri d\u00fckk\u00e2nlar\u0131n \u00f6n\u00fc ma\u015frapalarla sulanacak. \u00c7aylar demini alana kadar tavla fasl\u0131 ba\u015flayacak. Siftah etmeyen esnafa ad\u0131m atan ilk m\u00fc\u015fteri \u015fansl\u0131 say\u0131lacak, alaca\u011f\u0131 ayakkab\u0131da indirim uygulanacak. Saat be\u015f sular\u0131nda b\u00fclb\u00fcl gibi \u00f6ten simit\u00e7i yine g\u00f6z\u00fckecek. Midesine s\u00f6z ge\u00e7iremeyen kimi esnaf, simit\u00e7i Cevdet\u2019e seslenecek:<\/p>\n\n\n\n<p>\u201cCi\u011ferim, kemmunla duzunu eyyi ayarla Allahisen!\u201d (Kimyonla tuzunu iyi ayarla Allah\u2019\u0131n\u0131 seversen!)<\/p>\n\n\n\n<p>\u00c7ar\u015f\u0131y\u0131 iyi bilen birka\u00e7 delikanl\u0131n\u0131n \u015fakala\u015fmalar\u0131 duyulacak. En f\u0131r\u0131lda\u011f\u0131 \u201cAyakkab\u0131,&nbsp; \u00f6\u011fleden sonra al\u0131n\u0131r, ayak yorulup \u015fi\u015fmi\u015f olur,\u201d diyerek bilmi\u015flik taslayacak, onlarla ilgilenen esnaftan g\u00f6z ucuyla destek isteyecek. Biraz yukar\u0131daki \u015fad\u0131rvan\u0131n \u00f6n\u00fcndeki \u00e7e\u015fmede iki k\u00f6yl\u00fc mendillerini \u0131slatacak, enselerine s\u00fcr\u00fcp serinleyecek. Yahudi manifaturac\u0131 on be\u015f \u00e7e\u015fit \u00f6rt\u00fcy\u00fc ya\u015fl\u0131 bir kad\u0131n\u0131n \u00f6n\u00fcne serecek de; g\u00f6zl\u00fckl\u00fc, t\u0131knaz, k\u00fct sa\u00e7l\u0131 kad\u0131n hi\u00e7 birini be\u011fenmeyerek sakince yoluna devam edecek.<\/p>\n\n\n\n<p>Az yukar\u0131da uzun \u00e7ar\u015f\u0131 sizi buyur edecek. Bin bir t\u00fcrl\u00fc rayiha t\u00fcm m\u00fc\u015fterilere \u201cOrtado\u011fu\u2019nun mis gibi kokular\u0131na ho\u015f geldiniz,\u201d diyecek. Buram buram k\u00f6y kokan kaliteli ve taze \u00fcr\u00fcnlerin tad\u0131na bak\u0131lacak, al\u0131\u015f veri\u015fe \u00e7\u0131kanlar fiyat k\u0131rmaya \u00e7al\u0131\u015facak. Kur\u2019an-\u0131 Kerim okuyan ya\u015fl\u0131 bir esnaf, \u00e7\u00f6kele\u011fin tad\u0131n\u0131 be\u011fenmeyen m\u00fc\u015fterisini kitab\u0131 usulca yandaki sandalyeye b\u0131rakarak \u201cCan\u0131n sa\u011f olsun!\u201d ile u\u011furlayacak.<\/p>\n\n\n\n<p>\u0130kindiye do\u011fru, sabah\u0131n alt\u0131s\u0131ndan beri jilet gibi elbisesiyle i\u015fyerini en erken a\u00e7m\u0131\u015f olan Musevi bir sarraf, sa\u011f eli sol g\u00f6\u011fs\u00fcnde, g\u00f6rd\u00fc\u011f\u00fc her kom\u015fuya selam vererek evinin yolunu tutacak.<\/p>\n\n\n\n<p>Ayakkab\u0131 almakta karars\u0131z kalan boyac\u0131 \u00fc\u00e7 gen\u00e7ten biri, arkada\u015flar\u0131n\u0131 beklerken bilinmeyen (!) bir dille ve en k\u00fc\u00e7\u00fck puntolarla yan\u0131k bir t\u00fcrk\u00fc tutturacak. Hristiyan bir manifaturac\u0131, ak\u015fam pazar\u0131n\u0131 yapan acar damada baya\u011f\u0131 bir indirim yapacak, so\u011fuk me\u015frubat i\u00e7irmeden de g\u00f6ndermeyecek.<\/p>\n\n\n\n<p>Ak\u015fama do\u011fru g\u00fcne\u015f, \u00e7ar\u015f\u0131n\u0131n \u00fczerinden elini ete\u011fini \u00e7ekecek, hava kararmaya ba\u015flayacak. Eldeki \u00e7\u0131k\u0131nlarla al\u0131\u015f veri\u015ften d\u00f6nenler, \u00e7ar\u015f\u0131y\u0131 yava\u015f yava\u015f bo\u015faltacak. \u0130\u015fyerleri sahipleri \u201cBug\u00fcn\u00fcm\u00fcze \u015f\u00fck\u00fcr,\u201d diyerek kasalar\u0131 hesaplayacak, haftal\u0131klar\u0131 da\u011f\u0131t\u0131lacak.<\/p>\n\n\n\n<p>\u0130nceden ak\u015fam serinli\u011fi hissedilecek, kap\u0131 \u00f6nlerinde sergilenen e\u015fyalar demir \u00e7ubuklar yard\u0131m\u0131yla indirilip, i\u00e7eriye istiflenecek. Kepenkler yine kendine has melodileriyle ortal\u0131\u011f\u0131 \u00e7\u0131nlatacak. Az sonra y\u0131ld\u0131zlar semada cilvele\u015fince, birka\u00e7 kedi \u00e7ar\u015f\u0131da volta atacak. Son sesler kayboldu\u011fu esnada g\u00fcl\u00fcmseyen ay, en g\u00fczel yakamozuyla Asi Nehri\u2019ne \u0131\u015f\u0131ldak olacak.<\/p>\n\n\n\n<p>\u00dc\u00e7 semavi din olan Musevi, Hristiyan ve M\u00fcsl\u00fcman toplumlar\u0131n\u0131n yan\u0131nda Alevi k\u00fclt\u00fcr\u00fcn\u00fcn y\u0131llard\u0131r i\u00e7i i\u00e7e ya\u015fad\u0131\u011f\u0131 kadim kentimiz Antakya\u2019n\u0131n tarih kokan \u00e7ar\u015f\u0131s\u0131 yeniden aya\u011fa kalkacak. Her dil, din ve her rengi ile Antakya gibi yine, yeni, yeniden var olacak\u2026<\/p>\n\n\n\n<p>Yar\u0131nlar\u0131m\u0131za s\u00f6z\u00fcm\u00fczd\u00fcr. On y\u0131llard\u0131r ya\u015fad\u0131\u011f\u0131m\u0131z \u015fekilde, birbirimizi yok etmeden, \u00f6tekile\u015ftirmeden, hep beraber var olaca\u011f\u0131z\u2026<\/p>\n\n\n\n<p><em>(Ehlen Dergisi&#8217;nin 2. say\u0131s\u0131nda yay\u0131mlanm\u0131\u015ft\u0131r.)<\/em><\/p>\n","protected":false},"excerpt":{"rendered":"<p>Burhan Tat Ellerin K\u00e2besi var, benim k\u00e2bem insand\u0131r,Kuran da kurtaran da insano\u011flu insand\u0131r\u2026 Ruhi Su\u00a0\u00a0 \u00a0\u00a0\u00a0\u00a0\u00a0\u00a0\u00a0\u00a0\u00a0\u00a0\u00a0\u00a0\u00a0\u00a0\u00a0\u00a0\u00a0\u00a0\u00a0\u00a0\u00a0\u00a0\u00a0\u00a0\u00a0\u00a0\u00a0\u00a0\u00a0\u00a0\u00a0\u00a0\u00a0\u00a0\u00a0\u00a0\u00a0\u00a0\u00a0\u00a0\u00a0\u00a0\u00a0\u00a0\u00a0\u00a0\u00a0\u00a0\u00a0\u00a0\u00a0\u00a0\u00a0\u00a0\u00a0\u00a0\u00a0\u00a0\u00a0\u00a0\u00a0\u00a0\u00a0\u00a0\u00a0\u00a0\u00a0\u00a0\u00a0\u00a0\u00a0\u00a0\u00a0\u00a0\u00a0\u00a0\u00a0\u00a0\u00a0\u00a0\u00a0\u00a0\u00a0\u00a0\u00a0\u00a0\u00a0\u00a0\u00a0\u00a0\u00a0\u00a0\u00a0\u00a0\u00a0\u00a0\u00a0\u00a0\u00a0\u00a0\u00a0\u00a0\u00a0\u00a0\u00a0 G\u00fcn\u00fcn g\u00fczelli\u011fini mu\u015ftulayacak parlak g\u00fcn, az sonra dirilerek mavi \u00f6rt\u00fcs\u00fcn\u00fc \u00e7ar\u015f\u0131n\u0131n \u00fczerine serecek. Tespih taneleri gibi yan yana dizili olan kepenkler de\u011fi\u015fik melodilerle a\u00e7\u0131lacak. D\u00fckk\u00e2nlar\u0131n i\u00e7i s\u00fcp\u00fcr\u00fcl\u00fcp, paspaslar \u00e7ekilecek. \u00c7ar\u015f\u0131n\u0131n hemen giri\u015finde topa\u00e7 yapan Arap Kemal Day\u0131, makinas\u0131n\u0131 \u00e7al\u0131\u015ft\u0131r\u0131p [&hellip;]<\/p>\n","protected":false},"author":1,"featured_media":545,"comment_status":"closed","ping_status":"open","sticky":false,"template":"","format":"standard","meta":{"tdm_status":"","tdm_grid_status":"","footnotes":""},"categories":[6],"tags":[],"class_list":{"0":"post-542","1":"post","2":"type-post","3":"status-publish","4":"format-standard","5":"has-post-thumbnail","7":"category-kultur"},"yoast_head":"<!-- This site is optimized with the Yoast SEO plugin v26.6 - https:\/\/yoast.com\/wordpress\/plugins\/seo\/ -->\n<title>Hepimizin \u00c7ar\u015f\u0131s\u0131 - ehlen<\/title>\n<meta name=\"description\" content=\"\u00dc\u00e7 semavi din olan Musevi, Hristiyan ve M\u00fcsl\u00fcman toplumlar\u0131n\u0131n yan\u0131nda Alevi k\u00fclt\u00fcr\u00fcn\u00fcn y\u0131llard\u0131r i\u00e7i i\u00e7e ya\u015fad\u0131\u011f\u0131 kadim kentimiz Antakya\u2019n\u0131n tarih kokan \u00e7ar\u015f\u0131s\u0131 yeniden aya\u011fa kalkacak.\" \/>\n<meta name=\"robots\" content=\"index, follow, max-snippet:-1, max-image-preview:large, max-video-preview:-1\" \/>\n<link rel=\"canonical\" href=\"http:\/\/ehlendergisi.com\/index.php\/2024\/05\/19\/542\/\" \/>\n<meta property=\"og:locale\" content=\"tr_TR\" \/>\n<meta property=\"og:type\" content=\"article\" \/>\n<meta property=\"og:title\" content=\"Hepimizin \u00c7ar\u015f\u0131s\u0131 - ehlen\" \/>\n<meta property=\"og:description\" content=\"\u00dc\u00e7 semavi din olan Musevi, Hristiyan ve M\u00fcsl\u00fcman toplumlar\u0131n\u0131n yan\u0131nda Alevi k\u00fclt\u00fcr\u00fcn\u00fcn y\u0131llard\u0131r i\u00e7i i\u00e7e ya\u015fad\u0131\u011f\u0131 kadim kentimiz Antakya\u2019n\u0131n tarih kokan \u00e7ar\u015f\u0131s\u0131 yeniden aya\u011fa kalkacak.\" \/>\n<meta property=\"og:url\" content=\"http:\/\/ehlendergisi.com\/index.php\/2024\/05\/19\/542\/\" \/>\n<meta property=\"og:site_name\" content=\"ehlen\" \/>\n<meta property=\"article:publisher\" content=\"https:\/\/www.facebook.com\/ehlendergisi\/?locale=tr_TR\" \/>\n<meta property=\"article:published_time\" content=\"2024-05-19T08:30:31+00:00\" \/>\n<meta property=\"article:modified_time\" content=\"2024-05-19T08:45:29+00:00\" \/>\n<meta property=\"og:image\" content=\"http:\/\/ehlendergisi.com\/wp-content\/uploads\/2024\/05\/ko4vAYC6DEybLucQUbzvyw.webp\" \/>\n\t<meta property=\"og:image:width\" content=\"1000\" \/>\n\t<meta property=\"og:image:height\" content=\"666\" \/>\n\t<meta property=\"og:image:type\" content=\"image\/webp\" \/>\n<meta name=\"author\" content=\"admin\" \/>\n<meta name=\"twitter:card\" content=\"summary_large_image\" \/>\n<meta name=\"twitter:image\" content=\"http:\/\/ehlendergisi.com\/wp-content\/uploads\/2024\/05\/ko4vAYC6DEybLucQUbzvyw.webp\" \/>\n<meta name=\"twitter:creator\" content=\"@yenidenehlen\" \/>\n<meta name=\"twitter:site\" content=\"@yenidenehlen\" \/>\n<meta name=\"twitter:label1\" content=\"Yazan:\" \/>\n\t<meta name=\"twitter:data1\" content=\"admin\" \/>\n\t<meta name=\"twitter:label2\" content=\"Tahmini okuma s\u00fcresi\" \/>\n\t<meta name=\"twitter:data2\" content=\"6 dakika\" \/>\n<script type=\"application\/ld+json\" class=\"yoast-schema-graph\">{\"@context\":\"https:\/\/schema.org\",\"@graph\":[{\"@type\":\"Article\",\"@id\":\"http:\/\/ehlendergisi.com\/index.php\/2024\/05\/19\/542\/#article\",\"isPartOf\":{\"@id\":\"http:\/\/ehlendergisi.com\/index.php\/2024\/05\/19\/542\/\"},\"author\":{\"name\":\"admin\",\"@id\":\"https:\/\/ehlendergisi.com\/#\/schema\/person\/de94365e0837ae704e10d1723547402a\"},\"headline\":\"Hepimizin \u00c7ar\u015f\u0131s\u0131\",\"datePublished\":\"2024-05-19T08:30:31+00:00\",\"dateModified\":\"2024-05-19T08:45:29+00:00\",\"mainEntityOfPage\":{\"@id\":\"http:\/\/ehlendergisi.com\/index.php\/2024\/05\/19\/542\/\"},\"wordCount\":1281,\"publisher\":{\"@id\":\"https:\/\/ehlendergisi.com\/#organization\"},\"image\":{\"@id\":\"http:\/\/ehlendergisi.com\/index.php\/2024\/05\/19\/542\/#primaryimage\"},\"thumbnailUrl\":\"http:\/\/ehlendergisi.com\/wp-content\/uploads\/2024\/05\/ko4vAYC6DEybLucQUbzvyw.webp\",\"articleSection\":[\"K\u00fclt\u00fcr\"],\"inLanguage\":\"tr\"},{\"@type\":\"WebPage\",\"@id\":\"http:\/\/ehlendergisi.com\/index.php\/2024\/05\/19\/542\/\",\"url\":\"http:\/\/ehlendergisi.com\/index.php\/2024\/05\/19\/542\/\",\"name\":\"Hepimizin \u00c7ar\u015f\u0131s\u0131 - ehlen\",\"isPartOf\":{\"@id\":\"https:\/\/ehlendergisi.com\/#website\"},\"primaryImageOfPage\":{\"@id\":\"http:\/\/ehlendergisi.com\/index.php\/2024\/05\/19\/542\/#primaryimage\"},\"image\":{\"@id\":\"http:\/\/ehlendergisi.com\/index.php\/2024\/05\/19\/542\/#primaryimage\"},\"thumbnailUrl\":\"http:\/\/ehlendergisi.com\/wp-content\/uploads\/2024\/05\/ko4vAYC6DEybLucQUbzvyw.webp\",\"datePublished\":\"2024-05-19T08:30:31+00:00\",\"dateModified\":\"2024-05-19T08:45:29+00:00\",\"description\":\"\u00dc\u00e7 semavi din olan Musevi, Hristiyan ve M\u00fcsl\u00fcman toplumlar\u0131n\u0131n yan\u0131nda Alevi k\u00fclt\u00fcr\u00fcn\u00fcn y\u0131llard\u0131r i\u00e7i i\u00e7e ya\u015fad\u0131\u011f\u0131 kadim kentimiz Antakya\u2019n\u0131n tarih kokan \u00e7ar\u015f\u0131s\u0131 yeniden aya\u011fa kalkacak.\",\"breadcrumb\":{\"@id\":\"http:\/\/ehlendergisi.com\/index.php\/2024\/05\/19\/542\/#breadcrumb\"},\"inLanguage\":\"tr\",\"potentialAction\":[{\"@type\":\"ReadAction\",\"target\":[\"http:\/\/ehlendergisi.com\/index.php\/2024\/05\/19\/542\/\"]}]},{\"@type\":\"ImageObject\",\"inLanguage\":\"tr\",\"@id\":\"http:\/\/ehlendergisi.com\/index.php\/2024\/05\/19\/542\/#primaryimage\",\"url\":\"http:\/\/ehlendergisi.com\/wp-content\/uploads\/2024\/05\/ko4vAYC6DEybLucQUbzvyw.webp\",\"contentUrl\":\"http:\/\/ehlendergisi.com\/wp-content\/uploads\/2024\/05\/ko4vAYC6DEybLucQUbzvyw.webp\",\"width\":1000,\"height\":666},{\"@type\":\"BreadcrumbList\",\"@id\":\"http:\/\/ehlendergisi.com\/index.php\/2024\/05\/19\/542\/#breadcrumb\",\"itemListElement\":[{\"@type\":\"ListItem\",\"position\":1,\"name\":\"Anasayfa\",\"item\":\"https:\/\/ehlendergisi.com\/\"},{\"@type\":\"ListItem\",\"position\":2,\"name\":\"Hepimizin \u00c7ar\u015f\u0131s\u0131\"}]},{\"@type\":\"WebSite\",\"@id\":\"https:\/\/ehlendergisi.com\/#website\",\"url\":\"https:\/\/ehlendergisi.com\/\",\"name\":\"ehlen\",\"description\":\"k\u00fclt\u00fcr, sanat, siyaset dergisi\",\"publisher\":{\"@id\":\"https:\/\/ehlendergisi.com\/#organization\"},\"potentialAction\":[{\"@type\":\"SearchAction\",\"target\":{\"@type\":\"EntryPoint\",\"urlTemplate\":\"https:\/\/ehlendergisi.com\/?s={search_term_string}\"},\"query-input\":{\"@type\":\"PropertyValueSpecification\",\"valueRequired\":true,\"valueName\":\"search_term_string\"}}],\"inLanguage\":\"tr\"},{\"@type\":\"Organization\",\"@id\":\"https:\/\/ehlendergisi.com\/#organization\",\"name\":\"ehlen\",\"url\":\"https:\/\/ehlendergisi.com\/\",\"logo\":{\"@type\":\"ImageObject\",\"inLanguage\":\"tr\",\"@id\":\"https:\/\/ehlendergisi.com\/#\/schema\/logo\/image\/\",\"url\":\"https:\/\/ehlendergisi.com\/wp-content\/uploads\/2023\/06\/IMG_9500404081E2-1-2.jpeg\",\"contentUrl\":\"https:\/\/ehlendergisi.com\/wp-content\/uploads\/2023\/06\/IMG_9500404081E2-1-2.jpeg\",\"width\":2560,\"height\":1341,\"caption\":\"ehlen\"},\"image\":{\"@id\":\"https:\/\/ehlendergisi.com\/#\/schema\/logo\/image\/\"},\"sameAs\":[\"https:\/\/www.facebook.com\/ehlendergisi\/?locale=tr_TR\",\"https:\/\/x.com\/yenidenehlen\"]},{\"@type\":\"Person\",\"@id\":\"https:\/\/ehlendergisi.com\/#\/schema\/person\/de94365e0837ae704e10d1723547402a\",\"name\":\"admin\",\"image\":{\"@type\":\"ImageObject\",\"inLanguage\":\"tr\",\"@id\":\"https:\/\/ehlendergisi.com\/#\/schema\/person\/image\/\",\"url\":\"https:\/\/secure.gravatar.com\/avatar\/4e3d1b4ba20db56c5c7cda805db9aa90e8ae36f8cd48a7e189f21124a32188a7?s=96&d=mm&r=g\",\"contentUrl\":\"https:\/\/secure.gravatar.com\/avatar\/4e3d1b4ba20db56c5c7cda805db9aa90e8ae36f8cd48a7e189f21124a32188a7?s=96&d=mm&r=g\",\"caption\":\"admin\"},\"sameAs\":[\"http:\/\/ehlendergisi.com\"],\"url\":\"http:\/\/ehlendergisi.com\/index.php\/author\/admin\/\"}]}<\/script>\n<!-- \/ Yoast SEO plugin. -->","yoast_head_json":{"title":"Hepimizin \u00c7ar\u015f\u0131s\u0131 - ehlen","description":"\u00dc\u00e7 semavi din olan Musevi, Hristiyan ve M\u00fcsl\u00fcman toplumlar\u0131n\u0131n yan\u0131nda Alevi k\u00fclt\u00fcr\u00fcn\u00fcn y\u0131llard\u0131r i\u00e7i i\u00e7e ya\u015fad\u0131\u011f\u0131 kadim kentimiz Antakya\u2019n\u0131n tarih kokan \u00e7ar\u015f\u0131s\u0131 yeniden aya\u011fa kalkacak.","robots":{"index":"index","follow":"follow","max-snippet":"max-snippet:-1","max-image-preview":"max-image-preview:large","max-video-preview":"max-video-preview:-1"},"canonical":"http:\/\/ehlendergisi.com\/index.php\/2024\/05\/19\/542\/","og_locale":"tr_TR","og_type":"article","og_title":"Hepimizin \u00c7ar\u015f\u0131s\u0131 - ehlen","og_description":"\u00dc\u00e7 semavi din olan Musevi, Hristiyan ve M\u00fcsl\u00fcman toplumlar\u0131n\u0131n yan\u0131nda Alevi k\u00fclt\u00fcr\u00fcn\u00fcn y\u0131llard\u0131r i\u00e7i i\u00e7e ya\u015fad\u0131\u011f\u0131 kadim kentimiz Antakya\u2019n\u0131n tarih kokan \u00e7ar\u015f\u0131s\u0131 yeniden aya\u011fa kalkacak.","og_url":"http:\/\/ehlendergisi.com\/index.php\/2024\/05\/19\/542\/","og_site_name":"ehlen","article_publisher":"https:\/\/www.facebook.com\/ehlendergisi\/?locale=tr_TR","article_published_time":"2024-05-19T08:30:31+00:00","article_modified_time":"2024-05-19T08:45:29+00:00","og_image":[{"width":1000,"height":666,"url":"http:\/\/ehlendergisi.com\/wp-content\/uploads\/2024\/05\/ko4vAYC6DEybLucQUbzvyw.webp","type":"image\/webp"}],"author":"admin","twitter_card":"summary_large_image","twitter_image":"http:\/\/ehlendergisi.com\/wp-content\/uploads\/2024\/05\/ko4vAYC6DEybLucQUbzvyw.webp","twitter_creator":"@yenidenehlen","twitter_site":"@yenidenehlen","twitter_misc":{"Yazan:":"admin","Tahmini okuma s\u00fcresi":"6 dakika"},"schema":{"@context":"https:\/\/schema.org","@graph":[{"@type":"Article","@id":"http:\/\/ehlendergisi.com\/index.php\/2024\/05\/19\/542\/#article","isPartOf":{"@id":"http:\/\/ehlendergisi.com\/index.php\/2024\/05\/19\/542\/"},"author":{"name":"admin","@id":"https:\/\/ehlendergisi.com\/#\/schema\/person\/de94365e0837ae704e10d1723547402a"},"headline":"Hepimizin \u00c7ar\u015f\u0131s\u0131","datePublished":"2024-05-19T08:30:31+00:00","dateModified":"2024-05-19T08:45:29+00:00","mainEntityOfPage":{"@id":"http:\/\/ehlendergisi.com\/index.php\/2024\/05\/19\/542\/"},"wordCount":1281,"publisher":{"@id":"https:\/\/ehlendergisi.com\/#organization"},"image":{"@id":"http:\/\/ehlendergisi.com\/index.php\/2024\/05\/19\/542\/#primaryimage"},"thumbnailUrl":"http:\/\/ehlendergisi.com\/wp-content\/uploads\/2024\/05\/ko4vAYC6DEybLucQUbzvyw.webp","articleSection":["K\u00fclt\u00fcr"],"inLanguage":"tr"},{"@type":"WebPage","@id":"http:\/\/ehlendergisi.com\/index.php\/2024\/05\/19\/542\/","url":"http:\/\/ehlendergisi.com\/index.php\/2024\/05\/19\/542\/","name":"Hepimizin \u00c7ar\u015f\u0131s\u0131 - ehlen","isPartOf":{"@id":"https:\/\/ehlendergisi.com\/#website"},"primaryImageOfPage":{"@id":"http:\/\/ehlendergisi.com\/index.php\/2024\/05\/19\/542\/#primaryimage"},"image":{"@id":"http:\/\/ehlendergisi.com\/index.php\/2024\/05\/19\/542\/#primaryimage"},"thumbnailUrl":"http:\/\/ehlendergisi.com\/wp-content\/uploads\/2024\/05\/ko4vAYC6DEybLucQUbzvyw.webp","datePublished":"2024-05-19T08:30:31+00:00","dateModified":"2024-05-19T08:45:29+00:00","description":"\u00dc\u00e7 semavi din olan Musevi, Hristiyan ve M\u00fcsl\u00fcman toplumlar\u0131n\u0131n yan\u0131nda Alevi k\u00fclt\u00fcr\u00fcn\u00fcn y\u0131llard\u0131r i\u00e7i i\u00e7e ya\u015fad\u0131\u011f\u0131 kadim kentimiz Antakya\u2019n\u0131n tarih kokan \u00e7ar\u015f\u0131s\u0131 yeniden aya\u011fa kalkacak.","breadcrumb":{"@id":"http:\/\/ehlendergisi.com\/index.php\/2024\/05\/19\/542\/#breadcrumb"},"inLanguage":"tr","potentialAction":[{"@type":"ReadAction","target":["http:\/\/ehlendergisi.com\/index.php\/2024\/05\/19\/542\/"]}]},{"@type":"ImageObject","inLanguage":"tr","@id":"http:\/\/ehlendergisi.com\/index.php\/2024\/05\/19\/542\/#primaryimage","url":"http:\/\/ehlendergisi.com\/wp-content\/uploads\/2024\/05\/ko4vAYC6DEybLucQUbzvyw.webp","contentUrl":"http:\/\/ehlendergisi.com\/wp-content\/uploads\/2024\/05\/ko4vAYC6DEybLucQUbzvyw.webp","width":1000,"height":666},{"@type":"BreadcrumbList","@id":"http:\/\/ehlendergisi.com\/index.php\/2024\/05\/19\/542\/#breadcrumb","itemListElement":[{"@type":"ListItem","position":1,"name":"Anasayfa","item":"https:\/\/ehlendergisi.com\/"},{"@type":"ListItem","position":2,"name":"Hepimizin \u00c7ar\u015f\u0131s\u0131"}]},{"@type":"WebSite","@id":"https:\/\/ehlendergisi.com\/#website","url":"https:\/\/ehlendergisi.com\/","name":"ehlen","description":"k\u00fclt\u00fcr, sanat, siyaset dergisi","publisher":{"@id":"https:\/\/ehlendergisi.com\/#organization"},"potentialAction":[{"@type":"SearchAction","target":{"@type":"EntryPoint","urlTemplate":"https:\/\/ehlendergisi.com\/?s={search_term_string}"},"query-input":{"@type":"PropertyValueSpecification","valueRequired":true,"valueName":"search_term_string"}}],"inLanguage":"tr"},{"@type":"Organization","@id":"https:\/\/ehlendergisi.com\/#organization","name":"ehlen","url":"https:\/\/ehlendergisi.com\/","logo":{"@type":"ImageObject","inLanguage":"tr","@id":"https:\/\/ehlendergisi.com\/#\/schema\/logo\/image\/","url":"https:\/\/ehlendergisi.com\/wp-content\/uploads\/2023\/06\/IMG_9500404081E2-1-2.jpeg","contentUrl":"https:\/\/ehlendergisi.com\/wp-content\/uploads\/2023\/06\/IMG_9500404081E2-1-2.jpeg","width":2560,"height":1341,"caption":"ehlen"},"image":{"@id":"https:\/\/ehlendergisi.com\/#\/schema\/logo\/image\/"},"sameAs":["https:\/\/www.facebook.com\/ehlendergisi\/?locale=tr_TR","https:\/\/x.com\/yenidenehlen"]},{"@type":"Person","@id":"https:\/\/ehlendergisi.com\/#\/schema\/person\/de94365e0837ae704e10d1723547402a","name":"admin","image":{"@type":"ImageObject","inLanguage":"tr","@id":"https:\/\/ehlendergisi.com\/#\/schema\/person\/image\/","url":"https:\/\/secure.gravatar.com\/avatar\/4e3d1b4ba20db56c5c7cda805db9aa90e8ae36f8cd48a7e189f21124a32188a7?s=96&d=mm&r=g","contentUrl":"https:\/\/secure.gravatar.com\/avatar\/4e3d1b4ba20db56c5c7cda805db9aa90e8ae36f8cd48a7e189f21124a32188a7?s=96&d=mm&r=g","caption":"admin"},"sameAs":["http:\/\/ehlendergisi.com"],"url":"http:\/\/ehlendergisi.com\/index.php\/author\/admin\/"}]}},"amp_enabled":true,"_links":{"self":[{"href":"http:\/\/ehlendergisi.com\/index.php\/wp-json\/wp\/v2\/posts\/542","targetHints":{"allow":["GET"]}}],"collection":[{"href":"http:\/\/ehlendergisi.com\/index.php\/wp-json\/wp\/v2\/posts"}],"about":[{"href":"http:\/\/ehlendergisi.com\/index.php\/wp-json\/wp\/v2\/types\/post"}],"author":[{"embeddable":true,"href":"http:\/\/ehlendergisi.com\/index.php\/wp-json\/wp\/v2\/users\/1"}],"replies":[{"embeddable":true,"href":"http:\/\/ehlendergisi.com\/index.php\/wp-json\/wp\/v2\/comments?post=542"}],"version-history":[{"count":3,"href":"http:\/\/ehlendergisi.com\/index.php\/wp-json\/wp\/v2\/posts\/542\/revisions"}],"predecessor-version":[{"id":553,"href":"http:\/\/ehlendergisi.com\/index.php\/wp-json\/wp\/v2\/posts\/542\/revisions\/553"}],"wp:featuredmedia":[{"embeddable":true,"href":"http:\/\/ehlendergisi.com\/index.php\/wp-json\/wp\/v2\/media\/545"}],"wp:attachment":[{"href":"http:\/\/ehlendergisi.com\/index.php\/wp-json\/wp\/v2\/media?parent=542"}],"wp:term":[{"taxonomy":"category","embeddable":true,"href":"http:\/\/ehlendergisi.com\/index.php\/wp-json\/wp\/v2\/categories?post=542"},{"taxonomy":"post_tag","embeddable":true,"href":"http:\/\/ehlendergisi.com\/index.php\/wp-json\/wp\/v2\/tags?post=542"}],"curies":[{"name":"wp","href":"https:\/\/api.w.org\/{rel}","templated":true}]}}