{"id":580,"date":"2024-06-04T11:58:36","date_gmt":"2024-06-04T11:58:36","guid":{"rendered":"https:\/\/ehlendergisi.com\/?p=580"},"modified":"2024-06-04T11:58:38","modified_gmt":"2024-06-04T11:58:38","slug":"araplar-batililasmanin-magdurlari","status":"publish","type":"post","link":"http:\/\/ehlendergisi.com\/index.php\/2024\/06\/04\/araplar-batililasmanin-magdurlari\/","title":{"rendered":"Araplar: Bat\u0131l\u0131la\u015fman\u0131n Ma\u011fdurlar\u0131"},"content":{"rendered":"\n<p>Sabit Kemal Bay\u0131ld\u0131ran<\/p>\n\n\n\n<p>Bat\u0131l\u0131la\u015fma s\u00fcrecinde y\u00fcz\u00fcm\u00fcz\u00fc Bat\u0131\u2019ya d\u00f6nerken, Do\u011fu \u00fczerinden \u00f6zellikle Araplar\u0131 \u2018\u00f6teki\u2019 k\u0131ld\u0131k. O kadar yer \u2018fethederken\u2019, Allah, Allah! sesleriyle ilerleyen Osmanl\u0131n\u0131n j\u00f6nleri, Araplar\u0131 birden afyon sat\u0131c\u0131s\u0131 olarak nitelemeye ba\u015flam\u0131\u015flard\u0131r. Atat\u00fcrk\u2019\u00fcn yaz\u0131l\u0131rken bizzat ilgilendi\u011fi, yay\u0131nevinin, kapa\u011f\u0131na \u2018Mustafa Kemal Atat\u00fcrk\u2019 yazarak, kitab\u0131n Gazi Pa\u015fa\u2019n\u0131n \u00fcr\u00fcn\u00fcym\u00fc\u015f gibi sundu\u011fu, Yurt Bilgisi ve Tarih \u00d6\u011fretmeni Afet\u2019in [\u0130nan] kaleminden \u00e7\u0131kan <em>Medeni Bilgiler T\u00fcrk Milletinin El Kitab\u0131\u2019<\/em>nda \u201cDin birli\u011finin de bir milletin olu\u015fumunda etkili oldu\u011funu s\u00f6yleyenler de vard\u0131r. Fakat biz, bizim g\u00f6z\u00fcm\u00fcz\u00fcn \u00f6n\u00fcnde T\u00fcrk milleti tablosunda bunun aksini g\u00f6rmekteyiz\u201d denilerek bin y\u0131l M\u00fcsl\u00fcman olarak ya\u015fam\u0131\u015f bir toplumun birlikteli\u011finde bir inanc\u0131 yok sayar. \u0130slamiyet i\u00e7in \u201cT\u00fcrk milletinin milli ba\u011flar\u0131n\u0131 gev\u015fetti; milli duygular\u0131n\u0131, milli heyecan\u0131n\u0131 uyu\u015fturdu\u201d diye yazar.<a href=\"#_ftn1\" id=\"_ftnref1\"><sup>[1]<\/sup><\/a> S\u00fcre\u00e7 i\u00e7inde \u2018\u0130slam peygamberi\u2019, \u2018Arap peygamberi\u2019ne, Araplar \u201ckavm-i necip\u2019ten \u2018bizi s\u0131rt\u0131m\u0131zdan han\u00e7erleyen hainler\u2019e d\u00f6n\u00fc\u015f\u00fcrler.<\/p>\n\n\n\n<p>Hind\u2019in, Cezayir\u2019in ve Tunus\u2019un M\u00fcsl\u00fcman askerleri hi\u00e7bir din\u00ee \u0131st\u0131rap duymadan, halifenin memleketlerine taarruz ve ordular\u0131na h\u00fccum ettiler. Hatta Osmanl\u0131ya do\u011frudan do\u011fruya tabi olan M\u00fcsl\u00fcmanlar, <strong>bilhassa <\/strong>Araplar hilafete <strong>ihanet<\/strong>le d\u00fc\u015fmanlar\u0131n\u0131n taraf\u0131na ge\u00e7ip Osmanl\u0131lar aleyhine harbe i\u015ftirak ettiler. Bunlar\u0131n ba\u015f\u0131nda Peygamber s\u00fclalesinden geldi\u011fini iddia eden Mekke \u015eerifi ve o\u011fullar\u0131 da vard\u0131.<a href=\"#_ftn2\" id=\"_ftnref2\"><sup>[2]<\/sup><\/a> (vurgu benim SKB)<\/p>\n\n\n\n<p>Cumhuriyet, \u2018ulusluluk ad\u0131na\u2019 b\u00fcy\u00fck k\u00fclt\u00fcr yaratm\u0131\u015f Hint\u2019i ve Arap\u2019\u0131 \u00f6tekile\u015ftirmektedir, hem de \u0130slamiyet\u2019i kullanarak. Halifeyi \u2018kovmu\u015f\u2019 bir devletin s\u00f6yleminde \u2018halifeye ihanet\u2019 ifadesini kullanmas\u0131 \u00e7ok ilgin\u00e7.&nbsp;<\/p>\n\n\n\n<p>Cumhuriyet\u2019in \u2018laiklik anlay\u0131\u015f\u0131 \u00e7ok ilgin\u00e7. Osmanl\u0131 gibi S\u00fcnnili\u011fi devletle\u015ftirerek kollar\u0131n\u0131n aras\u0131na al\u0131r, Hristiyanl\u0131\u011f\u0131, Alevili\u011fi, S\u00fcryanili\u011fi, Ezidili\u011fi d\u0131\u015flayarak \u2018\u00f6teki\u2019le\u015ftirir. \u00c7\u00fcnk\u00fc Cumhuriyet\u2019le \u2018laikle\u015fme\u2019 denilen, bir metafizik anlay\u0131\u015ftan ba\u015fka bir metafizik anlay\u0131\u015fa, yeni bir \u2018din\u2019e\u00a0ge\u00e7i\u015f ba\u015flar:<\/p>\n\n\n\n<p>Bu sebepledir ki <strong>Kemalizm <\/strong>dininin hi\u00e7 \u015fa\u015fmayan, hi\u00e7 \u015fa\u015f\u0131rmayan orun\u00e7lu&nbsp; ve co\u015fkun tapkan\u0131 yapmak, onu bu kutsal, ulusal ve kurtar\u0131c\u0131 dini olanca&nbsp; derinli\u011fi ve inceli\u011fi ile oydanlamak ister.. t\u00e2 ki <strong>Kemalizm dini<\/strong>ne inan\u0131 arts\u0131n. \u0130\u015fte disiplin alt\u0131ndaki gen\u00e7lik b\u00f6yle olacakt\u0131r. Parti bunu ama\u00e7lam\u0131\u015f, haz\u0131rlam\u0131\u015ft\u0131r.<a href=\"#_ftn3\" id=\"_ftnref3\"><sup>[3]<\/sup><\/a><\/p>\n\n\n\n<p>T\u00fcrkiye\u2019de s\u0131n\u0131rlar belirlenirken, Mardin gibi tarih boyunca Arap \u015fehri bilinen yerler yan\u0131nda g\u00fcn\u00fcm\u00fcz\u00fcn cumhurba\u015fkan\u0131n\u0131n e\u015finin, Hilmi Yavuz gibi b\u00fcy\u00fck \u015fairin memleketi Siirt de bir Arap \u015fehridir, yani Araplar\u0131n bir zamanlar \u00e7o\u011funlukta olduklar\u0131 yerlerdir. \u00c7evre k\u00f6y ve il\u00e7elerden al\u0131nan i\u00e7 g\u00f6\u00e7le K\u00fcrtler belli bir yo\u011funlu\u011fa varm\u0131\u015flard\u0131r. \u201cT\u00fcrkiye\u2019de Araplar daha \u00e7ok Batman, Bitlis, Mardin, \u015eanl\u0131urfa, Gaziantep, Hatay, Adana, Mersin, Mu\u015f, Siirt ve \u015e\u0131rnak gibi illerin merkez ve k\u00f6ylerinde ya\u015famaktad\u0131rlar\u201d<a href=\"#_ftn4\" id=\"_ftnref4\"><sup>[4]<\/sup><\/a><\/p>\n\n\n\n<p>Arap as\u0131ll\u0131 T\u00fcrkiye Cumhuriyeti vatanda\u015flar\u0131, 8.309.540 olarak belirlenmi\u015f (Suriye\u2019den iltihak eden 4 milyon insan\u0131 da eklersek 12 milyon eder), K\u00fcrtlerden sonra en kalabal\u0131k n\u00fcfus durumundad\u0131r. T\u00fcrkiye\u2019de da\u011f\u0131l\u0131m oran\u0131 ise % 11.12 olarak g\u00f6zlemlenmi\u015ftir en \u00e7ok \u0130stanbul, \u015eanl\u0131urfa, Hatay olarak ilk \u00fc\u00e7 s\u0131rada g\u00f6z\u00fckmektedir. Oran olarak % 46,86 ile Hatay olmak \u00fczere % 45,45 oran\u0131 ile \u015eanl\u0131urfa takip etmektedir.<a href=\"#_ftn5\" id=\"_ftnref5\"><sup>[5]<\/sup><\/a> Bu say\u0131lar\u0131n do\u011frulu\u011fu ku\u015fkuludur, \u00e7\u00fcnk\u00fc devlet, yapt\u0131\u011f\u0131 say\u0131mda \u2018az\u0131nl\u0131k\u2019lar\u0131n bilinmemesine \u00e7aba g\u00f6sterir. &nbsp;<\/p>\n\n\n\n<p>\u015eanl\u0131urfa&#8217;n\u0131n il\u00e7eleri i\u00e7erisinde Ak\u00e7akale ve Harran il\u00e7elerinin tamam\u0131na yak\u0131n\u0131n\u0131 Araplar te\u015fkil eder. Merkez il\u00e7elerden olan Eyy\u00fcbiye il\u00e7esinin de %65 civar\u0131 n\u00fcfusu Arap\u2019t\u0131r. Di\u011fer iki merkez il\u00e7eler Haliliye ve Karak\u00f6pr\u00fc&#8217;de de ciddi Arap n\u00fcfus vard\u0131r. Ama \u00e7o\u011funluk de\u011fildir. Ceylanp\u0131nar il\u00e7esinin yar\u0131ya yak\u0131n n\u00fcfusu Arap\u2019t\u0131r, Viran\u015fehir&#8217;in ise 3 te biri Arap\u2019<a href=\"#_ftn6\" id=\"_ftnref6\"><sup>[6]<\/sup><\/a>t\u0131r. Araplar di\u011fer il\u00e7elerde \u00e7ok az n\u00fcfusa sahiptir.<a href=\"#_ftn7\" id=\"_ftnref7\"><sup>[7]<\/sup><\/a>&nbsp;<\/p>\n\n\n\n<p>1965 say\u0131m\u0131na g\u00f6re Hatay\u2019da 30.000 Arap S\u00fcnni, 148072 Nusayri 5000 Ortodoks bulunmaktayd\u0131. Kesin olmamakla birlikte bug\u00fcn 400.000 Nusayri,&nbsp; 4000 Arap Ortodoks,&nbsp; 1000 civar\u0131nda Ermeni ya\u015famaktad\u0131r.<a href=\"#_ftn8\" id=\"_ftnref8\"><sup>[8]<\/sup><\/a><\/p>\n\n\n\n<p>\u0130l yap\u0131l\u0131rken, Orta Asya\u2019da g\u00fczelleriyle \u00fcnl\u00fc, \u201c\u00c7in \u00fclkesinin Kuzey taraf\u0131\u201dn\u0131n ad\u0131 olan Hita (Hata)\u2019dan<a id=\"_ftnref9\" href=\"#_ftn9\"><sup>[9]<\/sup><\/a> bozma Hatay ad\u0131 buraya, tarihi Antakya ad\u0131n\u0131 kamufle etmek i\u00e7in konulmu\u015ftur. T\u00fcrkiye\u2019ye ilhak\u0131 \u00f6ncesi yap\u0131lan say\u0131mda \u2018b\u00f6l\u00fcc\u00fcl\u00fck\u2019 yap\u0131lm\u0131\u015f, Araplar \u2018S\u00fcnniler\/Aleviler\/Hristiyanlar\u2019 diye ayr\u0131larak, T\u00fcrk n\u00fcfusun \u00e7o\u011funluk oldu\u011fu imaj\u0131 yarat\u0131lm\u0131\u015ft\u0131r. T\u00fcrkleri \u00e7o\u011funluk k\u0131lmak i\u00e7in Afganistan\u2019dan gelen T\u00fcrklere ve baraj nedeniyle Karadeniz\u2019de k\u00f6yleri su alt\u0131nda kalanlara burada haz\u0131r evler verilerek n\u00fcfus dengesi de\u011fi\u015ftirilme\u011fe \u00e7al\u0131\u015f\u0131lm\u0131\u015ft\u0131r.<\/p>\n\n\n\n<p>Bir ba\u015fka \u2018b\u00f6l\u00fcc\u00fcl\u00fck\u2019 de, Alevi (Nusayri) Araplara \u201cEti T\u00fcrk\u2019\u00fc\u201d denmesidir. Devlet, asimilasyon i\u00e7in t\u00fcrl\u00fc yolara ba\u015fvurmakt\u0131r, ilgin\u00e7 bir \u00f6rnek de \u015fudur:<\/p>\n\n\n\n<p>T\u00fcrk k\u00fclt\u00fcr\u00fcne ba\u011fl\u0131 olduklar\u0131 halde ana dillerini kaybetmi\u015f olan Seyhan (Adana) ve \u0130\u00e7el vil\u00e2yetlerindeki Nusayrilerin T\u00fcrk\u00e7e bilmeyenlerine ana dili \u00f6\u011fretmek ve k\u0131z al\u0131p verenlerin cihaz masraflar\u0131na yard\u0131m eylemek ve bu suretle kayna\u015fma hareketine \u00f6nayak olmak maksad\u0131 ile, k\u00fclt\u00fcr ocaklar\u0131n\u0131n yapacaklar\u0131 zarur\u00ee masraflar\u0131na yard\u0131m i\u00e7in, 2510 say\u0131l\u0131 \u0130sk\u00e2n K\u00e2nunun 7. Maddesi mucibince, Dahiliye Vekilli\u011fi b\u00fct\u00e7esinin 355. fasl\u0131na mevzu tahsisattan sarf edilmeyen miktar\u0131n\u0131n Halk Evleri Genel Merkezi\u2019ne makbuz muk\u00e2bilinde verilmesi; Dahiliye vekilli\u011finin 6 Mart 1938 tarih ve 1324\/1 say\u0131l\u0131 m\u00fct\u00e2lanamesi \u00fczerine, \u0130cr\u00e2 Vekilleri Heyeti\u2019nin 9 Nisan [1]937 [g\u00fcnl\u00fc] taplant\u0131s\u0131nda onanm\u0131\u015ft\u0131r.<a href=\"#_ftn10\" id=\"_ftnref10\"><sup>[10]<\/sup><\/a><\/p>\n\n\n\n<p>Devlet, ba\u015fkan\u0131 vali olan bir \u2018sivil\u2019 (!) derne\u011fi koyuyor araya, b\u00f6ylece devletin eli g\u00f6r\u00fcnmemi\u015f olacak.<\/p>\n\n\n\n<p>Araplar aras\u0131nda T\u00fcrk d\u00fc\u015fmanl\u0131\u011f\u0131, T\u00fcrkler aras\u0131nda Arap d\u00fc\u015fmanl\u0131\u011f\u0131n\u0131 tetikleyen ne olmu\u015ftur? T\u00fcrk d\u00fc\u015fmanl\u0131\u011f\u0131nda \u00f6zellikle L\u00fcbnan\u2019da a\u00e7l\u0131ktan 200.000 ki\u015finin \u00f6l\u00fcm\u00fcn\u00fcn pay\u0131 b\u00fcy\u00fck olmu\u015f, Araplar\u0131 Faysal\u2019\u0131 desteklemeye itmi\u015ftir:<\/p>\n\n\n\n<p>\u0130tilaf Devletleri, Alman \u0130mparatorlu\u011fu\u2019na kar\u015f\u0131 y\u00fcr\u00fct\u00fclen uygulamaya benzer bi\u00e7imde, b\u00f6lgedeki siviller \u00fczerinde \u015fiddetli bir etkiye yol a\u00e7abilece\u011fi bilgisiyle ekonomiyi bask\u0131lamak amac\u0131yla\u00a0<a href=\"https:\/\/tr.wikipedia.org\/wiki\/Do%C4%9Fu_Akdeniz\">Do\u011fu Akdeniz<\/a>&#8216;i\u00a0<a href=\"https:\/\/tr.wikipedia.org\/wiki\/Abluka\">ablukaya<\/a>\u00a0alm\u0131\u015flard\u0131. Bu durum, kom\u015fu\u00a0<a href=\"https:\/\/tr.wikipedia.org\/wiki\/Suriye\">Suriye<\/a>&#8216;den gelen mahsullerin\u00a0<a href=\"https:\/\/tr.wikipedia.org\/wiki\/L%C3%BCbnan_Da%C4%9F%C4%B1\">L\u00fcbnan Da\u011f\u0131<\/a>&#8216;na girmesini engelleyen\u00a0<a href=\"https:\/\/tr.wikipedia.org\/wiki\/D%C3%B6rd%C3%BCnc%C3%BC_Ordu\">D\u00f6rd\u00fcnc\u00fc Ordu<\/a>\u00a0komutan\u0131\u00a0<a href=\"https:\/\/tr.wikipedia.org\/wiki\/Cem%C3%A2l_Pa%C5%9Fa\">Cem\u00e2l Pa\u015fa<\/a>\u00a0taraf\u0131ndan daha da k\u00f6t\u00fcle\u015ftirildi.\u00a0Ek olarak, kalan mahs\u00fcllerin de\u00a0<a href=\"https:\/\/tr.wikipedia.org\/wiki\/G%C3%B6%C3%A7men_%C3%A7ekirgeler\">g\u00f6\u00e7men \u00e7ekirge<\/a>\u00a0<a href=\"https:\/\/tr.wikipedia.org\/wiki\/S%C3%BCr%C3%BC_davran%C4%B1%C5%9F%C4%B1\">s\u00fcr\u00fclerinin<\/a>\u00a0istilas\u0131na u\u011framas\u0131yla\u00a0<a href=\"https:\/\/tr.wikipedia.org\/wiki\/Osmanl%C4%B1_%C4%B0mparatorlu%C4%9Fu\">Osmanl\u0131 \u0130mparatorlu\u011fu<\/a>&#8216;nun yar\u0131 \u00f6zerk bir alt b\u00f6l\u00fcm\u00fc ve g\u00fcn\u00fcm\u00fcz\u00a0<a href=\"https:\/\/tr.wikipedia.org\/wiki\/L%C3%BCbnan\">L\u00fcbnan<\/a>&#8216;\u0131n\u0131n \u00f6nc\u00fcl\u00fc olan\u00a0<a href=\"https:\/\/tr.wikipedia.org\/wiki\/Cebel-i_L%C3%BCbnan_Sanca%C4%9F%C4%B1\">Cebel-i L\u00fcbnan Mutasarr\u0131fl\u0131\u011f\u0131<\/a>\u00a0n\u00fcfusunun yar\u0131s\u0131n\u0131n \u00f6l\u00fcm\u00fcne yol a\u00e7an bir k\u0131tl\u0131k meydana geldi.<a id=\"_ftnref11\" href=\"#_ftn11\"><sup>[11]<\/sup><\/a><\/p>\n\n\n\n<figure class=\"wp-block-image size-full\"><img decoding=\"async\" width=\"376\" height=\"300\" data-src=\"https:\/\/ehlendergisi.com\/wp-content\/uploads\/2024\/06\/Resim1.jpg\" alt=\"\" class=\"wp-image-582 lazyload\" data-srcset=\"http:\/\/ehlendergisi.com\/wp-content\/uploads\/2024\/06\/Resim1.jpg 376w, http:\/\/ehlendergisi.com\/wp-content\/uploads\/2024\/06\/Resim1-300x239.jpg 300w, http:\/\/ehlendergisi.com\/wp-content\/uploads\/2024\/06\/Resim1-150x120.jpg 150w\" data-sizes=\"(max-width: 376px) 100vw, 376px\" src=\"data:image\/svg+xml;base64,PHN2ZyB3aWR0aD0iMSIgaGVpZ2h0PSIxIiB4bWxucz0iaHR0cDovL3d3dy53My5vcmcvMjAwMC9zdmciPjwvc3ZnPg==\" style=\"--smush-placeholder-width: 376px; --smush-placeholder-aspect-ratio: 376\/300;\" \/><figcaption class=\"wp-element-caption\">Cebel-i L\u00fcbnan Sanca\u011f\u0131nda A\u00e7l\u0131k<\/figcaption><\/figure>\n\n\n\n<p>Y\u00f6rede ipekb\u00f6ce\u011fi yeti\u015ftirip ipe\u011fi tezg\u00e2hta dokuyan halk, \u00fcr\u00fcnlerini Avrupa\u2019ya g\u00f6nderip kazand\u0131klar\u0131yla Suriye\u2019den bu\u011fday ba\u015fta olmak olarak t\u00fcrl\u00fc g\u0131da maddeleri almaktayd\u0131lar. Deniz, \u0130tilaf Devletleri taraf\u0131ndan ablukaya al\u0131n\u0131nca ipek g\u00f6nderilemedi. Suriye taraf\u0131ndan \u2018s\u00f6m\u00fcrge valisi\u2019 tav\u0131rl\u0131 Cemal Pa\u015fa bu\u011fday geli\u015fini engelleyince 400.000 insan\u0131n yar\u0131\u015f\u0131 a\u00e7l\u0131ktan \u00f6ld\u00fc. Cebel-i L\u00fcbnan\u2019daki k\u0131tl\u0131k, n\u00fcfus baz\u0131nda I. D\u00fcnya Sava\u015f\u0131&#8217;n\u0131n en y\u00fcksek \u00f6l\u00fcm oran\u0131na sahip olay\u0131 oldu.\u00a0Cesetlerin sokaklarda y\u0131\u011f\u0131ld\u0131\u011f\u0131 ve insanlar\u0131n sokak hayvanlar\u0131n\u0131 yedi\u011fi bildirilmi\u015ftir.\u00a0 Baz\u0131 insanlar\u0131n ise\u00a0<a href=\"https:\/\/tr.wikipedia.org\/wiki\/Yamyaml%C4%B1k\"><em>yamyaml\u0131\u011fa<\/em><\/a>\u00a0ba\u015fvurdu\u011fu s\u00f6yleniyordu. Bu say\u0131, \u00c7anakkale Muharebesinde kaybedilen askerin d\u00f6rt kat\u0131na yak\u0131nd\u0131r.<\/p>\n\n\n\n<p>Katolik olan bu Araplara Papa, sahip \u00e7\u0131kmak ister. \u0130tilaf Devletleri de bu \u2018din karde\u015fleri\u2019ne sahip \u00e7\u0131kmak isterler. Ama yollayacaklar\u0131 g\u0131dan\u0131n Osmal\u0131larca el kunulaca\u011f\u0131 korkusuyla bunu yapamazlar. Yapsalar, elleriyle \u2018d\u00fc\u015fman\u2019a yard\u0131m etme durumuyla kar\u015f\u0131la\u015fmaktan korkmu\u015flard\u0131r.<\/p>\n\n\n\n<p>Sava\u015ftan \u00f6nce ABD\u2019ye ve Latin Amerika\u2019ya g\u00f6\u00e7 eden, Mahcer \u015eairleri\u2019nden Halil Cibran, bu k\u0131r\u0131m \u00fczerine halk\u0131na \u201cDead Are My People\u201d (\u201c\u00d6lenler Benim \u0130nsanlar\u0131m\u201d) isimli bir \u015fiir adad\u0131.\u201d Bu \u015fiirin T\u00fcrk\u00e7eye \u00e7evrildi\u011fini bilmiyorum, onca \u00e7eviri i\u00e7inde rastlamad\u0131m buna. Ricam \u00fczerine, Halil Cibran\u2019\u0131n bu a\u011f\u0131t\u0131n\u0131 Enis Ak\u0131n \u00e7evirdi. Bu uzun a\u011f\u0131ttan bir b\u00f6l\u00fcm\u00fc buraya aktaral\u0131m:<\/p>\n\n\n\n<p>Gittiler, benim halk\u0131m, fakat ben hala buraday\u0131m,<br>Onlara d\u00f6v\u00fcn\u00fcyorum yaln\u0131zl\u0131\u011f\u0131mda\u2026<br>\u00d6ld\u00fcler, arkada\u015flar\u0131m ve \u00d6l\u00fcmleriyle onlar\u0131n, hayat\u0131m ba\u015fka bir \u015fey de\u011fil b\u00fcy\u00fck<br>Felaketten.<br>Y\u00fckseltileri \u00fclkemin alt\u0131nda kald\u0131<br>G\u00f6zya\u015flar\u0131 ve kan\u0131n, \u00e7\u00fcnk\u00fc benim halk\u0131m ve<br>Sevdice\u011fim gitti ve ben<br>Halk\u0131m\u0131n ve sevdice\u011fimin hayattan ve meyvelerinden<br>Keyif ald\u0131\u011f\u0131 zamanlardaki<br>Gibi ya\u015f\u0131yorum burada, \u00fclkemin tepelerinin<br>G\u00fcne\u015fin \u0131\u015f\u0131klar\u0131 taraf\u0131ndan kutsand\u0131\u011f\u0131 ve yutuldu\u011fu<br>Zamanlardaki gibi.<\/p>\n\n\n\n<p>Halk\u0131m, a\u00e7l\u0131ktan \u00f6ld\u00fcler benim ve a\u00e7l\u0131ktan<br>Eriyip gitmeyenler<br>K\u0131l\u0131\u00e7tan ge\u00e7irildi ve ben<br>Buraday\u0131m, bu uzak toprakta, geziniyorum<br>Ne\u015feli insanlar aras\u0131nda, yumu\u015fak<br>Yataklarda uyuyan ve g\u00fcnlere g\u00fclen<br>G\u00fcnler onlar\u0131n \u00fczerine g\u00fcl\u00fcmserken.<\/p>\n\n\n\n<p>Cibran, ABD\u2019dedir ve halk\u0131ndan k\u00f6t\u00fc haber almaktad\u0131r. Halk\u0131na elini uzatamad\u0131\u011f\u0131 i\u00e7in \u015fair ac\u0131dan k\u0131vranmaktad\u0131r. Halk\u0131 a\u00e7l\u0131ktan \u00f6l\u00fcrken, tok olman\u0131n yaratt\u0131\u011f\u0131 vicdan azab\u0131 \u015fairin \u00e7\u0131\u011fl\u0131klar i\u00e7inde d\u00f6v\u00fcnmesine yol a\u00e7maktad\u0131r. \u015eair, sadece kendisinin durumuyla kar\u015f\u0131la\u015ft\u0131rm\u0131yor halk\u0131n\u0131n durumunu. S\u0131\u011f\u0131nd\u0131\u011f\u0131 \u00fclkenin insanlar\u0131n\u0131n yumu\u015fak d\u00f6\u015feklerde uyumas\u0131, L\u00fcbnan\u2019daki halk\u0131n L\u00fcbnan\u2019dakilerin ac\u0131s\u0131ndan habersiz olu\u015fu onda y\u0131k\u0131nt\u0131 yaratmaktad\u0131r. \u015eair, halk\u0131 i\u00e7in b\u00fct\u00fcn d\u00fcnyan\u0131n \u00fcz\u00fcnt\u00fc duymas\u0131n\u0131 beklemektedir. Kendisinin a\u011flamas\u0131 onu teselli etmiyor. O, b\u00fct\u00fcn insanl\u0131\u011f\u0131n a\u011flamas\u0131n\u0131 istemektedir:<\/p>\n\n\n\n<p>S\u00fcrg\u00fcne g\u00f6nderilmi\u015f bir o\u011ful ne yapabilir ki<br>A\u00e7l\u0131ktan \u00f6len halk\u0131 i\u00e7in ve onlara ne faydas\u0131 var<br>D\u00f6v\u00fcnmesinin,<br>Zaman\u0131nda yerinde olmayan bir \u015fairin?<\/p>\n\n\n\n<p>Vatan topra\u011f\u0131mda b\u00fcy\u00fcm\u00fc\u015f bir<br>M\u0131s\u0131r ba\u015fa\u011f\u0131 olsayd\u0131m, o a\u00e7 \u00e7ocuk<br>S\u00f6kerdi beni ve benim tanelerimle<br>Ruhundan kald\u0131r\u0131rd\u0131 \u00d6l\u00fcm\u00fcn elini. E\u011fer vatan<br>Bah\u00e7elerinde olgun bir meyve<br>Olsayd\u0131m, k\u0131tl\u0131k i\u00e7inde \u00f6len kad\u0131nlar<br>Beni toplard\u0131 ve ya\u015famaya devam ederlerdi. Vatan\u0131n<br>G\u00f6klerinde u\u00e7an bir ku\u015f olsayd\u0131m,<br>A\u00e7 biraderim beni avlard\u0131 ve<br>Benim bedenimin etiyle, kendi bedenindeki<br>Mezar\u0131n g\u00f6lgesini de ortadan kald\u0131r\u0131rd\u0131.<br>Heyhat! Suriye ovalar\u0131nda<br>B\u00fcy\u00fcyen bir m\u0131s\u0131r ba\u015fa\u011f\u0131 de\u011filim, L\u00fcbnan<br>Vadilerinde olgun bir meyve de de\u011fil;<br>Bu benim felaketim ve bu benim<br>Dilsiz afetim, a\u015fa\u011f\u0131lanma getiren<br>Ruhumun kap\u0131s\u0131na ve gecenin hayaletlerinin<br>Kap\u0131s\u0131na\u2026 Bu, ac\u0131 dolu o trajedi<br>Dilimi s\u0131k\u0131\u015ft\u0131ran ve<br>Kollar\u0131m\u0131 koparan ve kuvvetime<br>Ve irademe ve devinimime el koyan.<br>Bu aln\u0131ma yak\u0131lm\u0131\u015f lanet<br>Allah\u2019\u0131n ve insan\u0131n kar\u015f\u0131s\u0131nda.<\/p>\n\n\n\n<p>\u0130nan\u00e7l\u0131 ve mistik bir \u015fair olan Cibran, ABD\u2019de olman\u0131n, halk\u0131na bir nebze olsun yard\u0131m edememenin kahr\u0131 i\u00e7indedir.<\/p>\n\n\n\n<p>Birinci d\u00fcnya Sava\u015f\u0131nda ya\u015fanan bu feci durum, Araplar\u0131n Osmanl\u0131dan kopu\u015funu h\u0131zland\u0131rm\u0131\u015ft\u0131r.<\/p>\n\n\n\n<p>T\u00fcrkiye\u2019de, Arap d\u00fc\u015fmanl\u0131\u011f\u0131nda \u00f6zellikle \u0130ttihat\u00e7\u0131lar\u0131n s\u00f6yleminden \u00e7ok, Mustafa Kemal\u2019in s\u00f6ylemi belirleyici olmu\u015ftur:<\/p>\n\n\n\n<p>Mustafa Kemal Pa\u015fa 1918 y\u0131l\u0131n\u0131n yaz aylar\u0131nda Karlsbad\u2019da tedavisi devam ederken \u0130stanbul\u2019dan gelen \u00e7a\u011fr\u0131 \u00fczerine yurda d\u00f6nm\u00fc\u015ft\u00fcr. Padi\u015fah VI. Mehmet Vahdettin, 4 Temmuz 1918\u2019de Sultan V. Mehmet Re\u015fat\u2019\u0131n vefat\u0131 \u00fczerine tahta ge\u00e7mi\u015fti. Padi\u015fah Vahdettin, 5 A\u011fustos 1918\u2019de yan\u0131nda iki Alman generali oldu\u011fu h\u00e2lde Mustafa Kemal Pa\u015fa\u2019y\u0131 huzuruna davet etmi\u015fti. Mustafa Kemal Pa\u015fa, Alman generalleri \u00e7\u0131kt\u0131ktan sonra g\u00f6r\u00fc\u015fmeyi arzulam\u0131\u015fsa da Padi\u015fah aksine onlar\u0131n yan\u0131nda konu\u015fmay\u0131 istemi\u015fti. Padi\u015fah VI. Mehmet Vahdettin, salonda bulunan Alman generallerine Mustafa Kemal Pa\u015fa i\u00e7in: \u201c\u00c7ok be\u011fendi\u011fim ve g\u00fcvendi\u011fim bir komutan\u201d dedikten sonra, Mustafa Kemal Pa\u015fa\u2019ya: \u201c&#8230;<em>Sizi Suriye\u2019ye komutan atad\u0131m. Oradaki durum \u00f6nem kazanm\u0131\u015f, oraya gitmeniz gerek, sizden istedi\u011fim \u015fudur: O taraflar\u0131 d\u00fc\u015fman eline ge\u00e7irtmeyeceksiniz! Verdi\u011fim g\u00f6revi ba\u015far\u0131yla yapaca\u011f\u0131n\u0131za inan\u0131yorum. Hemen o k\u0131t\u2019aya hareket etmelisiniz!\u201d iradesini bildirmi\u015f, Alman generallerine bakarak: \u201c&#8230;Bu komutan, dediklerimi yapabilir,<\/em>\u201d demi\u015ftir. <a href=\"#_ftn12\" id=\"_ftnref12\"><sup>[12]<\/sup><\/a><\/p>\n\n\n\n<p>\u201c24 Haziran 1917 tarihinde Halep\u2019te Enver Pa\u015fa\u2019n\u0131n ba\u015fkanl\u0131\u011f\u0131nda Osmanl\u0131 ve Alman komutanlar\u0131n\u0131n kat\u0131lmas\u0131yla (Mustafa Kemal Pa\u015fa dahil) yap\u0131lan toplant\u0131da, General Falkenhein\u2019in komutanl\u0131\u011f\u0131nda \u2018Y\u0131ld\u0131r\u0131m Ordular Grubu\u2019 (Heeresgruppe Y\u0131ld\u0131r\u0131m) kararla\u015ft\u0131r\u0131ld\u0131.\u201d<a href=\"#_ftn13\" id=\"_ftnref13\"><sup>[13]<\/sup><\/a> Bu grubun 7. Ordu komutanl\u0131\u011f\u0131na atanan Mustafa Kemal, Nablus Meydan Muharebesi\u2019nde, ordusunu da\u011f\u0131lmaktan kurtaramaz ve b\u00fcy\u00fck bir zayiatla geri \u00e7ekilir. Bu arada ba\u011f\u0131ms\u0131zl\u0131k pe\u015fine d\u00fc\u015fen Araplar\u0131n sald\u0131r\u0131s\u0131n\u0131n Osmanl\u0131 kuvvetlerine b\u00fcy\u00fck zararlar\u0131 olmu\u015ftur. Bu nedenledir ki Mustafa Kemal\u2019in \u201cAraplar bizi arkadan han\u00e7erlediler\u201d ifadesi resmi ideolojiye yerle\u015fmi\u015ftir.<\/p>\n\n\n\n<p>Mustafa Kemal\u2019in <em>Nutuk\u2019<\/em>a neden 19 May\u0131s 1919\u2019da ba\u015flad\u0131\u011f\u0131n\u0131 sorgulamak gerekir&#8230;<br>K\u00fcrtler aras\u0131ndan b\u00fcy\u00fck \u015fairler, romanc\u0131lar yeti\u015fmesine ra\u011fmen, k\u00f6kl\u00fc bir k\u00fclt\u00fcr\u00fcn miras\u00e7\u0131s\u0131 T\u00fcrkiyeli Araplar\u0131n yeti\u015ftirdi\u011fi b\u00fcy\u00fck sanat\u00e7\u0131 olmam\u0131\u015ft\u0131r.<\/p>\n\n\n\n<p>Din fark\u0131n\u0131n, dil fark\u0131n\u0131n g\u00fcndemden d\u00fc\u015ft\u00fc\u011f\u00fc bir T\u00fcrkiye \u00f6zlemi var i\u00e7imde.<\/p>\n\n\n\n<hr class=\"wp-block-separator has-alpha-channel-opacity\"\/>\n\n\n\n<p><a href=\"#_ftnref1\" id=\"_ftn1\">[1]<\/a> Afet [\u0130nan], <em>Meden\u00ee Bilgiler, T\u00fcrk Milletinin El Kitab\u0131, <\/em>g\u00fcn\u00fcm\u00fcz T\u00fcrk\u00e7esine aktaran Neriman Ayd\u0131n, Toplumsal D\u00f6n\u00fc\u015f\u00fcm Yay\u0131nlar\u0131, \u0130stanbul 2008, s.46<\/p>\n\n\n\n<p><a href=\"#_ftnref2\" id=\"_ftn2\">[2]<\/a> Aktaran Etienne Copeaux, <em>Tarih Ders Kitaplar\u0131nda (1931-1993) T\u00fcrk Tarih Tezinden T\u00fcrk-\u0130slam-Sentezine<\/em>, \u00c7ev: Ali Berktay, \u0130leti\u015fim Yay\u0131nlar\u0131, \u0130stanbul 2006, s.318<\/p>\n\n\n\n<p><a href=\"#_ftnref3\" id=\"_ftn3\">[3]<\/a> Eski \u0130ttihat\u00e7\u0131,&nbsp; CHP \u2018saylav\u2019\u0131 Mehmet \u015eerif Aykut\u2019un <em>Kamalizm (CHP Program\u0131n\u0131n \u0130zah\u0131)<\/em> \/ (Muallim Ahmet Halit Kitabevi 1936)\u2019dan aktaran Onur Atalay, <em>T\u00fcrk\u2019e Tapmak, <\/em>\u0130leti\u015fim Yay\u0131nlar\u0131, 4. B., \u0130stanbul 2019, s.106<\/p>\n\n\n\n<p><a href=\"#_ftnref4\" id=\"_ftn4\">[4]<\/a> <a href=\"https:\/\/tr.wikipedia.org\/wiki\/T%C3%BCrkiye_Araplar%C4%B1\">https:\/\/tr.wikipedia.org\/wiki\/T%C3%BCrkiye_Araplar%C4%B1<\/a><\/p>\n\n\n\n<p><a href=\"#_ftnref5\" id=\"_ftn5\">[5]<\/a> https:\/\/www.facebook.com\/GarzanAsiretibelekisarmimusi\/posts\/1255077076187 98<\/p>\n\n\n\n<p><a href=\"#_ftnref6\" id=\"_ftn6\">[6]<\/a> <a href=\"https:\/\/www.etnikce.com\/sanliurfanin-etnik-yapisi-h266.html\">https:\/\/www.etnikce.com\/sanliurfanin-etnik-yapisi-h266.html<\/a><\/p>\n\n\n\n<p><a href=\"#_ftnref7\" id=\"_ftn7\">[7]<\/a> <a href=\"https:\/\/www.urfanatik.com\/haber\/14885356\/sanliurfanin-yuzde-kaci-turk-kurt-ve-arap\">https:\/\/www.urfanatik.com\/haber\/14885356\/sanliurfanin-yuzde-kaci-turk-kurt-ve-arap<\/a><\/p>\n\n\n\n<p><a href=\"#_ftnref8\" id=\"_ftn8\">[8]<\/a> http:\/\/www.arapenstitu.com\/tr\/tarih-calismalari\/antakya-tarihi\/hatayda-cok-etnili-ortak-yasam-kulturu.html<\/p>\n\n\n\n<p><a href=\"#_ftnref9\" id=\"_ftn9\">[9]<\/a> Mustafa Nihat \u00d6z\u00f6n, <em>Edebiyat ve Tenkid S\u00f6zl\u00fc\u011f\u00fc, <\/em>\u0130nkilap ve Aka, \u0130stanbul 1954, \u2018Hata\u2019 md.<\/p>\n\n\n\n<p><a href=\"#_ftnref10\" id=\"_ftn10\">[10]<\/a> Cemil Ko\u00e7ak, <em>Tek-Parti D\u00f6neminde Muhalif Sesler, <\/em>\u0130leti\u015fim Yay\u0131nlar\u0131, 2. B., \u0130stanbul 2011, s.198. [Bu konuda geni\u015f bilgi, belge ve tart\u0131\u015fma i\u00e7in bkz. Hakan Mertcan, <em>T\u00fcrk Modernle\u015fmesinde Arap Aleviler (Tarih Kimlik Siyaset)<\/em>, 4. B., Adana, Karahan Kitabevi, 2020. (e.n.)]<\/p>\n\n\n\n<p><a href=\"#_ftnref11\" id=\"_ftn11\">[11]<\/a> https:\/\/tr.wikipedia.org\/wiki\/L\u00fcbnan_Da\u011f\u0131%27n\u0131n_B\u00fcy\u00fck_K\u0131tl\u0131\u011f\u0131<\/p>\n\n\n\n<p><a href=\"#_ftnref12\" id=\"_ftn12\">[12]<\/a> F. R\u0131fk\u0131 Atay\u2019\u0131n <em>\u00c7ankaya\u2019<\/em>s\u0131ndan aktaran Figen Atabay, \u201cB\u0131\u0307r\u0131\u0307nc\u0131\u0307 D\u00fcnya Sava\u015f\u0131\u2019nda F\u0131\u0307l\u0131\u0307st\u0131\u0307n-Sur\u0131\u0307ye Cephes\u0131\u0307\u2019ne \u0130l\u0131\u0307\u015fk\u0131\u0307n Belgeler I\u015f\u0131\u011f\u0131nda Genel B\u0131\u0307r De\u011ferlend\u0131\u0307rme\u201d, s. 79, <a href=\"https:\/\/dergipark.org.tr\/tr\/download\/article-file\/1183859\">https:\/\/dergipark.org.tr\/tr\/download\/article-file\/1183859<\/a><\/p>\n\n\n\n<p><a id=\"_ftn13\" href=\"#_ftnref13\">[13]<\/a> <a href=\"https:\/\/tr.wikipedia.org\/wiki\/Y\u0131ld\u0131r\u0131m_Ordular_Grubu\">https:\/\/tr.wikipedia.org\/wiki\/Y\u0131ld\u0131r\u0131m_Ordular_Grubu<\/a><\/p>\n\n\n\n<p>(Ehlen Dergisi&#8217;nin 4. say\u0131s\u0131nda yay\u0131mlanm\u0131\u015ft\u0131r, May\u0131s 2024, Y\u0131l:2 Say\u0131:4)<\/p>\n","protected":false},"excerpt":{"rendered":"<p>Sabit Kemal Bay\u0131ld\u0131ran Bat\u0131l\u0131la\u015fma s\u00fcrecinde y\u00fcz\u00fcm\u00fcz\u00fc Bat\u0131\u2019ya d\u00f6nerken, Do\u011fu \u00fczerinden \u00f6zellikle Araplar\u0131 \u2018\u00f6teki\u2019 k\u0131ld\u0131k. O kadar yer \u2018fethederken\u2019, Allah, Allah! sesleriyle ilerleyen Osmanl\u0131n\u0131n j\u00f6nleri, Araplar\u0131 birden afyon sat\u0131c\u0131s\u0131 olarak nitelemeye ba\u015flam\u0131\u015flard\u0131r. Atat\u00fcrk\u2019\u00fcn yaz\u0131l\u0131rken bizzat ilgilendi\u011fi, yay\u0131nevinin, kapa\u011f\u0131na \u2018Mustafa Kemal Atat\u00fcrk\u2019 yazarak, kitab\u0131n Gazi Pa\u015fa\u2019n\u0131n \u00fcr\u00fcn\u00fcym\u00fc\u015f gibi sundu\u011fu, Yurt Bilgisi ve Tarih \u00d6\u011fretmeni Afet\u2019in [\u0130nan] kaleminden [&hellip;]<\/p>\n","protected":false},"author":1,"featured_media":582,"comment_status":"closed","ping_status":"open","sticky":false,"template":"","format":"standard","meta":{"tdm_status":"","tdm_grid_status":"","footnotes":""},"categories":[1],"tags":[],"class_list":{"0":"post-580","1":"post","2":"type-post","3":"status-publish","4":"format-standard","5":"has-post-thumbnail","7":"category-anadili"},"yoast_head":"<!-- This site is optimized with the Yoast SEO plugin v26.6 - https:\/\/yoast.com\/wordpress\/plugins\/seo\/ -->\n<title>Araplar: Bat\u0131l\u0131la\u015fman\u0131n Ma\u011fdurlar\u0131 - ehlen<\/title>\n<meta name=\"description\" content=\"Hind\u2019in, Cezayir\u2019in ve Tunus\u2019un M\u00fcsl\u00fcman askerleri hi\u00e7bir din\u00ee \u0131st\u0131rap duymadan, halifenin memleketlerine taarruz ve ordular\u0131na h\u00fccum ettiler.\" \/>\n<meta name=\"robots\" content=\"index, follow, max-snippet:-1, max-image-preview:large, max-video-preview:-1\" \/>\n<link rel=\"canonical\" href=\"http:\/\/ehlendergisi.com\/index.php\/2024\/06\/04\/araplar-batililasmanin-magdurlari\/\" \/>\n<meta property=\"og:locale\" content=\"tr_TR\" \/>\n<meta property=\"og:type\" content=\"article\" \/>\n<meta property=\"og:title\" content=\"Araplar: Bat\u0131l\u0131la\u015fman\u0131n Ma\u011fdurlar\u0131 - ehlen\" \/>\n<meta property=\"og:description\" content=\"Hind\u2019in, Cezayir\u2019in ve Tunus\u2019un M\u00fcsl\u00fcman askerleri hi\u00e7bir din\u00ee \u0131st\u0131rap duymadan, halifenin memleketlerine taarruz ve ordular\u0131na h\u00fccum ettiler.\" \/>\n<meta property=\"og:url\" content=\"http:\/\/ehlendergisi.com\/index.php\/2024\/06\/04\/araplar-batililasmanin-magdurlari\/\" \/>\n<meta property=\"og:site_name\" content=\"ehlen\" \/>\n<meta property=\"article:publisher\" content=\"https:\/\/www.facebook.com\/ehlendergisi\/?locale=tr_TR\" \/>\n<meta property=\"article:published_time\" content=\"2024-06-04T11:58:36+00:00\" \/>\n<meta property=\"article:modified_time\" content=\"2024-06-04T11:58:38+00:00\" \/>\n<meta property=\"og:image\" content=\"http:\/\/ehlendergisi.com\/wp-content\/uploads\/2024\/06\/Resim1.jpg\" \/>\n\t<meta property=\"og:image:width\" content=\"376\" \/>\n\t<meta property=\"og:image:height\" content=\"300\" \/>\n\t<meta property=\"og:image:type\" content=\"image\/jpeg\" \/>\n<meta name=\"author\" content=\"admin\" \/>\n<meta name=\"twitter:card\" content=\"summary_large_image\" \/>\n<meta name=\"twitter:image\" content=\"http:\/\/ehlendergisi.com\/wp-content\/uploads\/2024\/06\/Resim1.jpg\" \/>\n<meta name=\"twitter:creator\" content=\"@yenidenehlen\" \/>\n<meta name=\"twitter:site\" content=\"@yenidenehlen\" \/>\n<meta name=\"twitter:label1\" content=\"Yazan:\" \/>\n\t<meta name=\"twitter:data1\" content=\"admin\" \/>\n\t<meta name=\"twitter:label2\" content=\"Tahmini okuma s\u00fcresi\" \/>\n\t<meta name=\"twitter:data2\" content=\"11 dakika\" \/>\n<script type=\"application\/ld+json\" class=\"yoast-schema-graph\">{\"@context\":\"https:\/\/schema.org\",\"@graph\":[{\"@type\":\"Article\",\"@id\":\"http:\/\/ehlendergisi.com\/index.php\/2024\/06\/04\/araplar-batililasmanin-magdurlari\/#article\",\"isPartOf\":{\"@id\":\"http:\/\/ehlendergisi.com\/index.php\/2024\/06\/04\/araplar-batililasmanin-magdurlari\/\"},\"author\":{\"name\":\"admin\",\"@id\":\"https:\/\/ehlendergisi.com\/#\/schema\/person\/de94365e0837ae704e10d1723547402a\"},\"headline\":\"Araplar: Bat\u0131l\u0131la\u015fman\u0131n Ma\u011fdurlar\u0131\",\"datePublished\":\"2024-06-04T11:58:36+00:00\",\"dateModified\":\"2024-06-04T11:58:38+00:00\",\"mainEntityOfPage\":{\"@id\":\"http:\/\/ehlendergisi.com\/index.php\/2024\/06\/04\/araplar-batililasmanin-magdurlari\/\"},\"wordCount\":2613,\"publisher\":{\"@id\":\"https:\/\/ehlendergisi.com\/#organization\"},\"image\":{\"@id\":\"http:\/\/ehlendergisi.com\/index.php\/2024\/06\/04\/araplar-batililasmanin-magdurlari\/#primaryimage\"},\"thumbnailUrl\":\"http:\/\/ehlendergisi.com\/wp-content\/uploads\/2024\/06\/Resim1.jpg\",\"articleSection\":[\"Anadili\"],\"inLanguage\":\"tr\"},{\"@type\":\"WebPage\",\"@id\":\"http:\/\/ehlendergisi.com\/index.php\/2024\/06\/04\/araplar-batililasmanin-magdurlari\/\",\"url\":\"http:\/\/ehlendergisi.com\/index.php\/2024\/06\/04\/araplar-batililasmanin-magdurlari\/\",\"name\":\"Araplar: Bat\u0131l\u0131la\u015fman\u0131n Ma\u011fdurlar\u0131 - ehlen\",\"isPartOf\":{\"@id\":\"https:\/\/ehlendergisi.com\/#website\"},\"primaryImageOfPage\":{\"@id\":\"http:\/\/ehlendergisi.com\/index.php\/2024\/06\/04\/araplar-batililasmanin-magdurlari\/#primaryimage\"},\"image\":{\"@id\":\"http:\/\/ehlendergisi.com\/index.php\/2024\/06\/04\/araplar-batililasmanin-magdurlari\/#primaryimage\"},\"thumbnailUrl\":\"http:\/\/ehlendergisi.com\/wp-content\/uploads\/2024\/06\/Resim1.jpg\",\"datePublished\":\"2024-06-04T11:58:36+00:00\",\"dateModified\":\"2024-06-04T11:58:38+00:00\",\"description\":\"Hind\u2019in, Cezayir\u2019in ve Tunus\u2019un M\u00fcsl\u00fcman askerleri hi\u00e7bir din\u00ee \u0131st\u0131rap duymadan, halifenin memleketlerine taarruz ve ordular\u0131na h\u00fccum ettiler.\",\"breadcrumb\":{\"@id\":\"http:\/\/ehlendergisi.com\/index.php\/2024\/06\/04\/araplar-batililasmanin-magdurlari\/#breadcrumb\"},\"inLanguage\":\"tr\",\"potentialAction\":[{\"@type\":\"ReadAction\",\"target\":[\"http:\/\/ehlendergisi.com\/index.php\/2024\/06\/04\/araplar-batililasmanin-magdurlari\/\"]}]},{\"@type\":\"ImageObject\",\"inLanguage\":\"tr\",\"@id\":\"http:\/\/ehlendergisi.com\/index.php\/2024\/06\/04\/araplar-batililasmanin-magdurlari\/#primaryimage\",\"url\":\"http:\/\/ehlendergisi.com\/wp-content\/uploads\/2024\/06\/Resim1.jpg\",\"contentUrl\":\"http:\/\/ehlendergisi.com\/wp-content\/uploads\/2024\/06\/Resim1.jpg\",\"width\":376,\"height\":300,\"caption\":\"Cebel-i L\u00fcbnan'da Sanca\u011f\u0131nda A\u00e7l\u0131k\"},{\"@type\":\"BreadcrumbList\",\"@id\":\"http:\/\/ehlendergisi.com\/index.php\/2024\/06\/04\/araplar-batililasmanin-magdurlari\/#breadcrumb\",\"itemListElement\":[{\"@type\":\"ListItem\",\"position\":1,\"name\":\"Anasayfa\",\"item\":\"https:\/\/ehlendergisi.com\/\"},{\"@type\":\"ListItem\",\"position\":2,\"name\":\"Araplar: Bat\u0131l\u0131la\u015fman\u0131n Ma\u011fdurlar\u0131\"}]},{\"@type\":\"WebSite\",\"@id\":\"https:\/\/ehlendergisi.com\/#website\",\"url\":\"https:\/\/ehlendergisi.com\/\",\"name\":\"ehlen\",\"description\":\"k\u00fclt\u00fcr, sanat, siyaset dergisi\",\"publisher\":{\"@id\":\"https:\/\/ehlendergisi.com\/#organization\"},\"potentialAction\":[{\"@type\":\"SearchAction\",\"target\":{\"@type\":\"EntryPoint\",\"urlTemplate\":\"https:\/\/ehlendergisi.com\/?s={search_term_string}\"},\"query-input\":{\"@type\":\"PropertyValueSpecification\",\"valueRequired\":true,\"valueName\":\"search_term_string\"}}],\"inLanguage\":\"tr\"},{\"@type\":\"Organization\",\"@id\":\"https:\/\/ehlendergisi.com\/#organization\",\"name\":\"ehlen\",\"url\":\"https:\/\/ehlendergisi.com\/\",\"logo\":{\"@type\":\"ImageObject\",\"inLanguage\":\"tr\",\"@id\":\"https:\/\/ehlendergisi.com\/#\/schema\/logo\/image\/\",\"url\":\"https:\/\/ehlendergisi.com\/wp-content\/uploads\/2023\/06\/IMG_9500404081E2-1-2.jpeg\",\"contentUrl\":\"https:\/\/ehlendergisi.com\/wp-content\/uploads\/2023\/06\/IMG_9500404081E2-1-2.jpeg\",\"width\":2560,\"height\":1341,\"caption\":\"ehlen\"},\"image\":{\"@id\":\"https:\/\/ehlendergisi.com\/#\/schema\/logo\/image\/\"},\"sameAs\":[\"https:\/\/www.facebook.com\/ehlendergisi\/?locale=tr_TR\",\"https:\/\/x.com\/yenidenehlen\"]},{\"@type\":\"Person\",\"@id\":\"https:\/\/ehlendergisi.com\/#\/schema\/person\/de94365e0837ae704e10d1723547402a\",\"name\":\"admin\",\"image\":{\"@type\":\"ImageObject\",\"inLanguage\":\"tr\",\"@id\":\"https:\/\/ehlendergisi.com\/#\/schema\/person\/image\/\",\"url\":\"https:\/\/secure.gravatar.com\/avatar\/4e3d1b4ba20db56c5c7cda805db9aa90e8ae36f8cd48a7e189f21124a32188a7?s=96&d=mm&r=g\",\"contentUrl\":\"https:\/\/secure.gravatar.com\/avatar\/4e3d1b4ba20db56c5c7cda805db9aa90e8ae36f8cd48a7e189f21124a32188a7?s=96&d=mm&r=g\",\"caption\":\"admin\"},\"sameAs\":[\"http:\/\/ehlendergisi.com\"],\"url\":\"http:\/\/ehlendergisi.com\/index.php\/author\/admin\/\"}]}<\/script>\n<!-- \/ Yoast SEO plugin. -->","yoast_head_json":{"title":"Araplar: Bat\u0131l\u0131la\u015fman\u0131n Ma\u011fdurlar\u0131 - ehlen","description":"Hind\u2019in, Cezayir\u2019in ve Tunus\u2019un M\u00fcsl\u00fcman askerleri hi\u00e7bir din\u00ee \u0131st\u0131rap duymadan, halifenin memleketlerine taarruz ve ordular\u0131na h\u00fccum ettiler.","robots":{"index":"index","follow":"follow","max-snippet":"max-snippet:-1","max-image-preview":"max-image-preview:large","max-video-preview":"max-video-preview:-1"},"canonical":"http:\/\/ehlendergisi.com\/index.php\/2024\/06\/04\/araplar-batililasmanin-magdurlari\/","og_locale":"tr_TR","og_type":"article","og_title":"Araplar: Bat\u0131l\u0131la\u015fman\u0131n Ma\u011fdurlar\u0131 - ehlen","og_description":"Hind\u2019in, Cezayir\u2019in ve Tunus\u2019un M\u00fcsl\u00fcman askerleri hi\u00e7bir din\u00ee \u0131st\u0131rap duymadan, halifenin memleketlerine taarruz ve ordular\u0131na h\u00fccum ettiler.","og_url":"http:\/\/ehlendergisi.com\/index.php\/2024\/06\/04\/araplar-batililasmanin-magdurlari\/","og_site_name":"ehlen","article_publisher":"https:\/\/www.facebook.com\/ehlendergisi\/?locale=tr_TR","article_published_time":"2024-06-04T11:58:36+00:00","article_modified_time":"2024-06-04T11:58:38+00:00","og_image":[{"width":376,"height":300,"url":"http:\/\/ehlendergisi.com\/wp-content\/uploads\/2024\/06\/Resim1.jpg","type":"image\/jpeg"}],"author":"admin","twitter_card":"summary_large_image","twitter_image":"http:\/\/ehlendergisi.com\/wp-content\/uploads\/2024\/06\/Resim1.jpg","twitter_creator":"@yenidenehlen","twitter_site":"@yenidenehlen","twitter_misc":{"Yazan:":"admin","Tahmini okuma s\u00fcresi":"11 dakika"},"schema":{"@context":"https:\/\/schema.org","@graph":[{"@type":"Article","@id":"http:\/\/ehlendergisi.com\/index.php\/2024\/06\/04\/araplar-batililasmanin-magdurlari\/#article","isPartOf":{"@id":"http:\/\/ehlendergisi.com\/index.php\/2024\/06\/04\/araplar-batililasmanin-magdurlari\/"},"author":{"name":"admin","@id":"https:\/\/ehlendergisi.com\/#\/schema\/person\/de94365e0837ae704e10d1723547402a"},"headline":"Araplar: Bat\u0131l\u0131la\u015fman\u0131n Ma\u011fdurlar\u0131","datePublished":"2024-06-04T11:58:36+00:00","dateModified":"2024-06-04T11:58:38+00:00","mainEntityOfPage":{"@id":"http:\/\/ehlendergisi.com\/index.php\/2024\/06\/04\/araplar-batililasmanin-magdurlari\/"},"wordCount":2613,"publisher":{"@id":"https:\/\/ehlendergisi.com\/#organization"},"image":{"@id":"http:\/\/ehlendergisi.com\/index.php\/2024\/06\/04\/araplar-batililasmanin-magdurlari\/#primaryimage"},"thumbnailUrl":"http:\/\/ehlendergisi.com\/wp-content\/uploads\/2024\/06\/Resim1.jpg","articleSection":["Anadili"],"inLanguage":"tr"},{"@type":"WebPage","@id":"http:\/\/ehlendergisi.com\/index.php\/2024\/06\/04\/araplar-batililasmanin-magdurlari\/","url":"http:\/\/ehlendergisi.com\/index.php\/2024\/06\/04\/araplar-batililasmanin-magdurlari\/","name":"Araplar: Bat\u0131l\u0131la\u015fman\u0131n Ma\u011fdurlar\u0131 - ehlen","isPartOf":{"@id":"https:\/\/ehlendergisi.com\/#website"},"primaryImageOfPage":{"@id":"http:\/\/ehlendergisi.com\/index.php\/2024\/06\/04\/araplar-batililasmanin-magdurlari\/#primaryimage"},"image":{"@id":"http:\/\/ehlendergisi.com\/index.php\/2024\/06\/04\/araplar-batililasmanin-magdurlari\/#primaryimage"},"thumbnailUrl":"http:\/\/ehlendergisi.com\/wp-content\/uploads\/2024\/06\/Resim1.jpg","datePublished":"2024-06-04T11:58:36+00:00","dateModified":"2024-06-04T11:58:38+00:00","description":"Hind\u2019in, Cezayir\u2019in ve Tunus\u2019un M\u00fcsl\u00fcman askerleri hi\u00e7bir din\u00ee \u0131st\u0131rap duymadan, halifenin memleketlerine taarruz ve ordular\u0131na h\u00fccum ettiler.","breadcrumb":{"@id":"http:\/\/ehlendergisi.com\/index.php\/2024\/06\/04\/araplar-batililasmanin-magdurlari\/#breadcrumb"},"inLanguage":"tr","potentialAction":[{"@type":"ReadAction","target":["http:\/\/ehlendergisi.com\/index.php\/2024\/06\/04\/araplar-batililasmanin-magdurlari\/"]}]},{"@type":"ImageObject","inLanguage":"tr","@id":"http:\/\/ehlendergisi.com\/index.php\/2024\/06\/04\/araplar-batililasmanin-magdurlari\/#primaryimage","url":"http:\/\/ehlendergisi.com\/wp-content\/uploads\/2024\/06\/Resim1.jpg","contentUrl":"http:\/\/ehlendergisi.com\/wp-content\/uploads\/2024\/06\/Resim1.jpg","width":376,"height":300,"caption":"Cebel-i L\u00fcbnan'da Sanca\u011f\u0131nda A\u00e7l\u0131k"},{"@type":"BreadcrumbList","@id":"http:\/\/ehlendergisi.com\/index.php\/2024\/06\/04\/araplar-batililasmanin-magdurlari\/#breadcrumb","itemListElement":[{"@type":"ListItem","position":1,"name":"Anasayfa","item":"https:\/\/ehlendergisi.com\/"},{"@type":"ListItem","position":2,"name":"Araplar: Bat\u0131l\u0131la\u015fman\u0131n Ma\u011fdurlar\u0131"}]},{"@type":"WebSite","@id":"https:\/\/ehlendergisi.com\/#website","url":"https:\/\/ehlendergisi.com\/","name":"ehlen","description":"k\u00fclt\u00fcr, sanat, siyaset dergisi","publisher":{"@id":"https:\/\/ehlendergisi.com\/#organization"},"potentialAction":[{"@type":"SearchAction","target":{"@type":"EntryPoint","urlTemplate":"https:\/\/ehlendergisi.com\/?s={search_term_string}"},"query-input":{"@type":"PropertyValueSpecification","valueRequired":true,"valueName":"search_term_string"}}],"inLanguage":"tr"},{"@type":"Organization","@id":"https:\/\/ehlendergisi.com\/#organization","name":"ehlen","url":"https:\/\/ehlendergisi.com\/","logo":{"@type":"ImageObject","inLanguage":"tr","@id":"https:\/\/ehlendergisi.com\/#\/schema\/logo\/image\/","url":"https:\/\/ehlendergisi.com\/wp-content\/uploads\/2023\/06\/IMG_9500404081E2-1-2.jpeg","contentUrl":"https:\/\/ehlendergisi.com\/wp-content\/uploads\/2023\/06\/IMG_9500404081E2-1-2.jpeg","width":2560,"height":1341,"caption":"ehlen"},"image":{"@id":"https:\/\/ehlendergisi.com\/#\/schema\/logo\/image\/"},"sameAs":["https:\/\/www.facebook.com\/ehlendergisi\/?locale=tr_TR","https:\/\/x.com\/yenidenehlen"]},{"@type":"Person","@id":"https:\/\/ehlendergisi.com\/#\/schema\/person\/de94365e0837ae704e10d1723547402a","name":"admin","image":{"@type":"ImageObject","inLanguage":"tr","@id":"https:\/\/ehlendergisi.com\/#\/schema\/person\/image\/","url":"https:\/\/secure.gravatar.com\/avatar\/4e3d1b4ba20db56c5c7cda805db9aa90e8ae36f8cd48a7e189f21124a32188a7?s=96&d=mm&r=g","contentUrl":"https:\/\/secure.gravatar.com\/avatar\/4e3d1b4ba20db56c5c7cda805db9aa90e8ae36f8cd48a7e189f21124a32188a7?s=96&d=mm&r=g","caption":"admin"},"sameAs":["http:\/\/ehlendergisi.com"],"url":"http:\/\/ehlendergisi.com\/index.php\/author\/admin\/"}]}},"amp_enabled":true,"_links":{"self":[{"href":"http:\/\/ehlendergisi.com\/index.php\/wp-json\/wp\/v2\/posts\/580","targetHints":{"allow":["GET"]}}],"collection":[{"href":"http:\/\/ehlendergisi.com\/index.php\/wp-json\/wp\/v2\/posts"}],"about":[{"href":"http:\/\/ehlendergisi.com\/index.php\/wp-json\/wp\/v2\/types\/post"}],"author":[{"embeddable":true,"href":"http:\/\/ehlendergisi.com\/index.php\/wp-json\/wp\/v2\/users\/1"}],"replies":[{"embeddable":true,"href":"http:\/\/ehlendergisi.com\/index.php\/wp-json\/wp\/v2\/comments?post=580"}],"version-history":[{"count":2,"href":"http:\/\/ehlendergisi.com\/index.php\/wp-json\/wp\/v2\/posts\/580\/revisions"}],"predecessor-version":[{"id":584,"href":"http:\/\/ehlendergisi.com\/index.php\/wp-json\/wp\/v2\/posts\/580\/revisions\/584"}],"wp:featuredmedia":[{"embeddable":true,"href":"http:\/\/ehlendergisi.com\/index.php\/wp-json\/wp\/v2\/media\/582"}],"wp:attachment":[{"href":"http:\/\/ehlendergisi.com\/index.php\/wp-json\/wp\/v2\/media?parent=580"}],"wp:term":[{"taxonomy":"category","embeddable":true,"href":"http:\/\/ehlendergisi.com\/index.php\/wp-json\/wp\/v2\/categories?post=580"},{"taxonomy":"post_tag","embeddable":true,"href":"http:\/\/ehlendergisi.com\/index.php\/wp-json\/wp\/v2\/tags?post=580"}],"curies":[{"name":"wp","href":"https:\/\/api.w.org\/{rel}","templated":true}]}}