{"id":611,"date":"2024-08-16T14:54:32","date_gmt":"2024-08-16T14:54:32","guid":{"rendered":"https:\/\/ehlendergisi.com\/?p=611"},"modified":"2024-08-16T14:54:33","modified_gmt":"2024-08-16T14:54:33","slug":"karanfiller-guller-ve-biz","status":"publish","type":"post","link":"http:\/\/ehlendergisi.com\/index.php\/2024\/08\/16\/karanfiller-guller-ve-biz\/","title":{"rendered":"Karanfiller, G\u00fcller ve Biz"},"content":{"rendered":"\n<p>\u015eakirbaki \u00dcn<\/p>\n\n\n\n<p>\u00c7ocuktum, ad\u0131m \u015eakirbaki, benim i\u00e7in bir hayli uzun ve zor bir ad. Olsun, b\u00fcy\u00fcy\u00fcnce nas\u0131l olsa al\u0131\u015f\u0131rd\u0131m. G\u00f6remedi\u011fim, ben do\u011fmadan \u00f6nce \u00f6lm\u00fc\u015f dedemin ad\u0131. Rahmetli dedem cereci, hem de cerecilerin piri. Dedemin \u00e7al\u0131\u015ft\u0131\u011f\u0131 at\u00f6lyesinde babam ve amcam da yola devam ediyorlar. Dedemden kalan bo\u015f arsaya da ev yapt\u0131r\u0131yorlar. Yeni evimize ta\u015f\u0131nd\u0131\u011f\u0131m\u0131z o g\u00fcn annem hayal k\u0131r\u0131kl\u0131\u011f\u0131na u\u011fram\u0131\u015ft\u0131. Eski mahallemizi hep \u00f6zlemle anmaktan hi\u00e7 vazge\u00e7memi\u015fti. Hatay Mahallesi, T\u00fcrk\u00e7enin giremedi\u011fi ikinci mahalledir Tarsus\u2019ta. Birincisi, Musalla mahallesidir. Koyu adetleri vard\u0131r. D\u0131\u015far\u0131dan ne k\u0131z al\u0131rlar, ne de d\u0131\u015far\u0131ya k\u0131z verirler. Destursuz bu iki mahalleye girmek \u00f6yle her babayi\u011fidin harc\u0131 de\u011fildi. Lakin, \u015fehirde, \u00e7ar\u015f\u0131da, pazarda, yolda, sokakta, okulda hatta mahallemizde bile Arapu\u015fa\u011f\u0131, fellaht\u0131k. Birg\u00fcn s\u0131r\u0131tarak bana \u201cfellah\u201d deyip alayl\u0131 konu\u015fan \u00e7ocu\u011fu alt\u0131ma alm\u0131\u015f, bir g\u00fczel benzetmi\u015ftim. \u00d6\u011fretmenimiz de beni&#8230; H\u0131z\u0131n\u0131 alamam\u0131\u015f, bir de ders boyu kara tahtan\u0131n \u00f6n\u00fcnde tek ayak \u00fczerinde durdurmu\u015ftu. &#8220;\u00d6\u011fretmenim o bana fellah dedi, ama&#8230;&#8221; &#8220;De\u011fil misiniz?&#8221; De\u011filiz. Sak\u0131z a\u011fac\u0131na da tapm\u0131yoruz. Fitne-fesat, nefret s\u00f6ylemleri, ayr\u0131mc\u0131l\u0131k aras\u0131nda ge\u00e7en bir \u00e7ocukluk&#8230;<\/p>\n\n\n\n<p>Abdullah\u2019\u0131, M\u00fczeyyen\u2019i, Hatice\u2019si, \u0130brahim\u2019i\u2026 o g\u00fczel g\u00f6zl\u00fc \u00e7ocukluk arkada\u015flar\u0131m burnumda t\u00fct\u00fcyorlar. Anne! Efendim! Halamlara gidelim. Gidelim O\u011flum. Annem, \u00f6zl\u00fcyor, ben \u00f6zl\u00fcyorum. Arap\u00e7a yap\u0131lan sohbetler, i\u00e7ilen \u00e7aylar, yard\u0131mla\u015fmalar vs. Art\u0131k o g\u00fczel unutulmaz hat\u0131ralar belleklerimizde ya\u015fayacaklar.<\/p>\n\n\n\n<p>Bir ak\u015fam babam eve kuca\u011f\u0131nda bir ko\u00e7la geldi. Tam bir hafta bak\u0131m\u0131n\u0131 ben \u00fcstlendim. Ak\u015famlar\u0131 da babam. Ko\u00e7umun son g\u00fcn\u00fc oldu\u011funu kesilince anlad\u0131m. Babam hayvan\u0131 sevmi\u015f, ok\u015fam\u0131\u015f, kula\u011f\u0131na da bir \u015feyler m\u0131r\u0131ldanm\u0131\u015ft\u0131. Kulak kesildim, ama Arap\u00e7a oldu\u011fu i\u00e7in de hi\u00e7 bir \u015fey anlamam\u0131\u015ft\u0131m. Ne yaman \u00e7eli\u015fki Tanr\u0131m.<\/p>\n\n\n\n<p>Hayli eski, g\u00fcnlerden bir g\u00fcn, Gadir Humm, Peygamber Efendimiz, veda konu\u015fmas\u0131 yap\u0131yor, sonra Ali&#8217;yi yan\u0131na \u00e7a\u011f\u0131r\u0131yor, &#8220;Ben kimin Mevlas\u0131 isem, Ali&#8217;de onun Mevlas\u0131d\u0131r&#8230;&#8221; diyor. Ac\u0131lar ba\u015fl\u0131yor. Oluk gibi kan ak\u0131yor, hainlik, kalle\u015flik, iki y\u00fczl\u00fcl\u00fck ve Kerbel\u00e2&#8230; Ac\u0131lar\u0131n en b\u00fcy\u00fc\u011f\u00fc, bir \u00e7\u00f6le yak\u0131n, bir uzak. Bir su&#8217;ya yak\u0131n bir uzak&#8230; Denizler kopup geliyor, ama nafile&#8230; Ge\u00e7it bulam\u0131yorlar.<\/p>\n\n\n\n<p>1965-66, hayli yak\u0131n. G\u00fcnlerden bir g\u00fcn, bizim evde Gadir Humm kutlamalar\u0131n\u0131n haz\u0131rl\u0131klar\u0131 ba\u015fl\u0131yor. Babam annem babaannem amcam nas\u0131l dikkatliler, titizler ve \u00f6zenliler. Sonra anl\u0131yoruz sebebini. Evimiz bayram yeri gibi. Tertemiz k\u0131yafetli amcalar\u0131m\u0131z, eni\u015ftelerimiz teyzelerimiz, halalar\u0131m\u0131z&#8230; B\u00fcy\u00fcklerimiz kadar ben de \u00e7ok heyecanl\u0131y\u0131m. O da ne! bana &#8216;fell\u00e2h&#8217; diyen \u00e7ocuk da avluda. Hemen kovuyorum. &#8220;\u00c7abuk git burdan!&#8221; Daha zaferimin tad\u0131n\u0131 \u00e7\u0131karamadan bir polis jipi kap\u0131m\u0131z\u0131n \u00f6n\u00fcnde duruyor. Polisler elleri bellerinde kalabal\u0131\u011f\u0131n aras\u0131na dal\u0131yor&#8230; &#8220;Kim bu evin sahibi, evin sahibi&#8230;\u201d&nbsp; Babam, &#8220;benim&#8221; diyor. Komisermi\u015f, &#8220;Bu toplant\u0131, neyin nesi? \u0130zin ald\u0131n\u0131z m\u0131?\u201d Babam gayet sakin, ama Gadir Humm kutlamas\u0131 yap\u0131yoruz, diyemiyor. \u201cKomiserim, ge\u00e7enlerde \u00e7ocuklar\u0131 s\u00fcnnet ettirmi\u015ftik, fakat yemek ziyafeti verememi\u015ftik, onun toplant\u0131s\u0131,&#8221; diyor. Komiser bast\u0131r\u0131yor, \u201cama biz ihbar ald\u0131k ki, sizler burada Ali&#8217;ye tapmak i\u00e7in&#8230;\u201d \u201cHa\u015fa, ne demek, Komiserim, ak\u0131l var, nizam var&#8230; Sak\u0131z a\u011fac\u0131na da tap\u0131yormu\u015fuz&#8230; Olacak \u015fey mi \u015fimdi bu! Komiser ikna olmu\u015f gibi&#8230; &#8220;Tamam&#8221; diyor, &#8220;yaln\u0131z yemekten sonra hemen da\u011f\u0131l\u0131n&#8221; diye de ekliyor. Sonra b\u00fcy\u00fcklerimiz yukar\u0131 odada halka olup dualar ediyorlar. Hal-hat\u0131rlar soruluyor, hastalar, d\u00fc\u015fk\u00fcnler, ihtiya\u00e7 sahipleri tespit ediliyor.<\/p>\n\n\n\n<p>\u015eimdi asi bir nehir ay \u0131\u015f\u0131\u011f\u0131nda parl\u0131yor. Karde\u015fler, karde\u015fler; Dursun Ali, S\u00fcleyman, Muzaffer, Seyfettin, Salih, Ha\u015fim belleklerimizde ne kadar gizemli kalm\u0131\u015f karanl\u0131k varsa ayd\u0131nl\u0131\u011fa \u00e7\u0131k\u0131yor. Ya\u011fmur gibi bereket olup, \u00fczerimize hay\u0131r, g\u00fczellik ve huzur ya\u011f\u0131yor. Susuzluk, a\u00e7l\u0131k, kan, revan hayk\u0131r\u0131\u015flar karanfile d\u00f6n\u00fc\u015f\u00fcyor. G\u00fcvercin oluyor, kanatlan\u0131yor. Sel\u00e2mlar g\u00f6nderiliyor o en g\u00fczel hasreti \u00e7ekilenlere&#8230; Ay ve g\u00fcne\u015f do\u011fuyor mutlu, musmutlu g\u00fcnlerimize\u2026 Babam\u0131n Salih Amcas\u0131, &#8220;Seneye Gadir Humm Adana&#8217;da bizim evde yap\u0131lacak&#8221; diyor ve y\u00fcr\u00fcyor. \u00d6l\u00fcms\u00fcz gizemli bir alemden Tarsus&#8217;un \u00fczerine selam, selam manevi ya\u011fmur ya\u015f\u0131yor&#8230; Bereketli olmas\u0131 dileklerimle\u2026<\/p>\n","protected":false},"excerpt":{"rendered":"<p>\u015eakirbaki \u00dcn \u00c7ocuktum, ad\u0131m \u015eakirbaki, benim i\u00e7in bir hayli uzun ve zor bir ad. Olsun, b\u00fcy\u00fcy\u00fcnce nas\u0131l olsa al\u0131\u015f\u0131rd\u0131m. G\u00f6remedi\u011fim, ben do\u011fmadan \u00f6nce \u00f6lm\u00fc\u015f dedemin ad\u0131. Rahmetli dedem cereci, hem de cerecilerin piri. Dedemin \u00e7al\u0131\u015ft\u0131\u011f\u0131 at\u00f6lyesinde babam ve amcam da yola devam ediyorlar. Dedemden kalan bo\u015f arsaya da ev yapt\u0131r\u0131yorlar. Yeni evimize ta\u015f\u0131nd\u0131\u011f\u0131m\u0131z o g\u00fcn [&hellip;]<\/p>\n","protected":false},"author":1,"featured_media":396,"comment_status":"closed","ping_status":"open","sticky":false,"template":"","format":"standard","meta":{"tdm_status":"","tdm_grid_status":"","footnotes":""},"categories":[6],"tags":[],"class_list":{"0":"post-611","1":"post","2":"type-post","3":"status-publish","4":"format-standard","5":"has-post-thumbnail","7":"category-kultur"},"yoast_head":"<!-- This site is optimized with the Yoast SEO plugin v26.6 - https:\/\/yoast.com\/wordpress\/plugins\/seo\/ -->\n<title>Karanfiller, G\u00fcller ve Biz - ehlen<\/title>\n<meta name=\"description\" content=\"1965-66, hayli yak\u0131n. G\u00fcnlerden bir g\u00fcn, bizim evde Gadir Humm kutlamalar\u0131n\u0131n haz\u0131rl\u0131klar\u0131 ba\u015fl\u0131yor. Babam annem babaannem amcam nas\u0131l dikkatliler, titizler ve \u00f6zenliler. Sonra anl\u0131yoruz sebebini.\" \/>\n<meta name=\"robots\" content=\"index, follow, max-snippet:-1, max-image-preview:large, max-video-preview:-1\" \/>\n<link rel=\"canonical\" href=\"http:\/\/ehlendergisi.com\/index.php\/2024\/08\/16\/karanfiller-guller-ve-biz\/\" \/>\n<meta property=\"og:locale\" content=\"tr_TR\" \/>\n<meta property=\"og:type\" content=\"article\" \/>\n<meta property=\"og:title\" content=\"Karanfiller, G\u00fcller ve Biz - ehlen\" \/>\n<meta property=\"og:description\" content=\"1965-66, hayli yak\u0131n. G\u00fcnlerden bir g\u00fcn, bizim evde Gadir Humm kutlamalar\u0131n\u0131n haz\u0131rl\u0131klar\u0131 ba\u015fl\u0131yor. Babam annem babaannem amcam nas\u0131l dikkatliler, titizler ve \u00f6zenliler. Sonra anl\u0131yoruz sebebini.\" \/>\n<meta property=\"og:url\" content=\"http:\/\/ehlendergisi.com\/index.php\/2024\/08\/16\/karanfiller-guller-ve-biz\/\" \/>\n<meta property=\"og:site_name\" content=\"ehlen\" \/>\n<meta property=\"article:publisher\" content=\"https:\/\/www.facebook.com\/ehlendergisi\/?locale=tr_TR\" \/>\n<meta property=\"article:published_time\" content=\"2024-08-16T14:54:32+00:00\" \/>\n<meta property=\"article:modified_time\" content=\"2024-08-16T14:54:33+00:00\" \/>\n<meta property=\"og:image\" content=\"http:\/\/ehlendergisi.com\/wp-content\/uploads\/2024\/03\/zubari-1.jpg\" \/>\n\t<meta property=\"og:image:width\" content=\"1280\" \/>\n\t<meta property=\"og:image:height\" content=\"857\" \/>\n\t<meta property=\"og:image:type\" content=\"image\/jpeg\" \/>\n<meta name=\"author\" content=\"admin\" \/>\n<meta name=\"twitter:card\" content=\"summary_large_image\" \/>\n<meta name=\"twitter:creator\" content=\"@yenidenehlen\" \/>\n<meta name=\"twitter:site\" content=\"@yenidenehlen\" \/>\n<meta name=\"twitter:label1\" content=\"Yazan:\" \/>\n\t<meta name=\"twitter:data1\" content=\"admin\" \/>\n\t<meta name=\"twitter:label2\" content=\"Tahmini okuma s\u00fcresi\" \/>\n\t<meta name=\"twitter:data2\" content=\"4 dakika\" \/>\n<script type=\"application\/ld+json\" class=\"yoast-schema-graph\">{\"@context\":\"https:\/\/schema.org\",\"@graph\":[{\"@type\":\"Article\",\"@id\":\"http:\/\/ehlendergisi.com\/index.php\/2024\/08\/16\/karanfiller-guller-ve-biz\/#article\",\"isPartOf\":{\"@id\":\"http:\/\/ehlendergisi.com\/index.php\/2024\/08\/16\/karanfiller-guller-ve-biz\/\"},\"author\":{\"name\":\"admin\",\"@id\":\"https:\/\/ehlendergisi.com\/#\/schema\/person\/de94365e0837ae704e10d1723547402a\"},\"headline\":\"Karanfiller, G\u00fcller ve Biz\",\"datePublished\":\"2024-08-16T14:54:32+00:00\",\"dateModified\":\"2024-08-16T14:54:33+00:00\",\"mainEntityOfPage\":{\"@id\":\"http:\/\/ehlendergisi.com\/index.php\/2024\/08\/16\/karanfiller-guller-ve-biz\/\"},\"wordCount\":792,\"publisher\":{\"@id\":\"https:\/\/ehlendergisi.com\/#organization\"},\"image\":{\"@id\":\"http:\/\/ehlendergisi.com\/index.php\/2024\/08\/16\/karanfiller-guller-ve-biz\/#primaryimage\"},\"thumbnailUrl\":\"http:\/\/ehlendergisi.com\/wp-content\/uploads\/2024\/03\/zubari-1.jpg\",\"articleSection\":[\"K\u00fclt\u00fcr\"],\"inLanguage\":\"tr\"},{\"@type\":\"WebPage\",\"@id\":\"http:\/\/ehlendergisi.com\/index.php\/2024\/08\/16\/karanfiller-guller-ve-biz\/\",\"url\":\"http:\/\/ehlendergisi.com\/index.php\/2024\/08\/16\/karanfiller-guller-ve-biz\/\",\"name\":\"Karanfiller, G\u00fcller ve Biz - ehlen\",\"isPartOf\":{\"@id\":\"https:\/\/ehlendergisi.com\/#website\"},\"primaryImageOfPage\":{\"@id\":\"http:\/\/ehlendergisi.com\/index.php\/2024\/08\/16\/karanfiller-guller-ve-biz\/#primaryimage\"},\"image\":{\"@id\":\"http:\/\/ehlendergisi.com\/index.php\/2024\/08\/16\/karanfiller-guller-ve-biz\/#primaryimage\"},\"thumbnailUrl\":\"http:\/\/ehlendergisi.com\/wp-content\/uploads\/2024\/03\/zubari-1.jpg\",\"datePublished\":\"2024-08-16T14:54:32+00:00\",\"dateModified\":\"2024-08-16T14:54:33+00:00\",\"description\":\"1965-66, hayli yak\u0131n. G\u00fcnlerden bir g\u00fcn, bizim evde Gadir Humm kutlamalar\u0131n\u0131n haz\u0131rl\u0131klar\u0131 ba\u015fl\u0131yor. Babam annem babaannem amcam nas\u0131l dikkatliler, titizler ve \u00f6zenliler. Sonra anl\u0131yoruz sebebini.\",\"breadcrumb\":{\"@id\":\"http:\/\/ehlendergisi.com\/index.php\/2024\/08\/16\/karanfiller-guller-ve-biz\/#breadcrumb\"},\"inLanguage\":\"tr\",\"potentialAction\":[{\"@type\":\"ReadAction\",\"target\":[\"http:\/\/ehlendergisi.com\/index.php\/2024\/08\/16\/karanfiller-guller-ve-biz\/\"]}]},{\"@type\":\"ImageObject\",\"inLanguage\":\"tr\",\"@id\":\"http:\/\/ehlendergisi.com\/index.php\/2024\/08\/16\/karanfiller-guller-ve-biz\/#primaryimage\",\"url\":\"http:\/\/ehlendergisi.com\/wp-content\/uploads\/2024\/03\/zubari-1.jpg\",\"contentUrl\":\"http:\/\/ehlendergisi.com\/wp-content\/uploads\/2024\/03\/zubari-1.jpg\",\"width\":1280,\"height\":857},{\"@type\":\"BreadcrumbList\",\"@id\":\"http:\/\/ehlendergisi.com\/index.php\/2024\/08\/16\/karanfiller-guller-ve-biz\/#breadcrumb\",\"itemListElement\":[{\"@type\":\"ListItem\",\"position\":1,\"name\":\"Anasayfa\",\"item\":\"https:\/\/ehlendergisi.com\/\"},{\"@type\":\"ListItem\",\"position\":2,\"name\":\"Karanfiller, G\u00fcller ve Biz\"}]},{\"@type\":\"WebSite\",\"@id\":\"https:\/\/ehlendergisi.com\/#website\",\"url\":\"https:\/\/ehlendergisi.com\/\",\"name\":\"ehlen\",\"description\":\"k\u00fclt\u00fcr, sanat, siyaset dergisi\",\"publisher\":{\"@id\":\"https:\/\/ehlendergisi.com\/#organization\"},\"potentialAction\":[{\"@type\":\"SearchAction\",\"target\":{\"@type\":\"EntryPoint\",\"urlTemplate\":\"https:\/\/ehlendergisi.com\/?s={search_term_string}\"},\"query-input\":{\"@type\":\"PropertyValueSpecification\",\"valueRequired\":true,\"valueName\":\"search_term_string\"}}],\"inLanguage\":\"tr\"},{\"@type\":\"Organization\",\"@id\":\"https:\/\/ehlendergisi.com\/#organization\",\"name\":\"ehlen\",\"url\":\"https:\/\/ehlendergisi.com\/\",\"logo\":{\"@type\":\"ImageObject\",\"inLanguage\":\"tr\",\"@id\":\"https:\/\/ehlendergisi.com\/#\/schema\/logo\/image\/\",\"url\":\"https:\/\/ehlendergisi.com\/wp-content\/uploads\/2023\/06\/IMG_9500404081E2-1-2.jpeg\",\"contentUrl\":\"https:\/\/ehlendergisi.com\/wp-content\/uploads\/2023\/06\/IMG_9500404081E2-1-2.jpeg\",\"width\":2560,\"height\":1341,\"caption\":\"ehlen\"},\"image\":{\"@id\":\"https:\/\/ehlendergisi.com\/#\/schema\/logo\/image\/\"},\"sameAs\":[\"https:\/\/www.facebook.com\/ehlendergisi\/?locale=tr_TR\",\"https:\/\/x.com\/yenidenehlen\"]},{\"@type\":\"Person\",\"@id\":\"https:\/\/ehlendergisi.com\/#\/schema\/person\/de94365e0837ae704e10d1723547402a\",\"name\":\"admin\",\"image\":{\"@type\":\"ImageObject\",\"inLanguage\":\"tr\",\"@id\":\"https:\/\/ehlendergisi.com\/#\/schema\/person\/image\/\",\"url\":\"https:\/\/secure.gravatar.com\/avatar\/4e3d1b4ba20db56c5c7cda805db9aa90e8ae36f8cd48a7e189f21124a32188a7?s=96&d=mm&r=g\",\"contentUrl\":\"https:\/\/secure.gravatar.com\/avatar\/4e3d1b4ba20db56c5c7cda805db9aa90e8ae36f8cd48a7e189f21124a32188a7?s=96&d=mm&r=g\",\"caption\":\"admin\"},\"sameAs\":[\"http:\/\/ehlendergisi.com\"],\"url\":\"http:\/\/ehlendergisi.com\/index.php\/author\/admin\/\"}]}<\/script>\n<!-- \/ Yoast SEO plugin. -->","yoast_head_json":{"title":"Karanfiller, G\u00fcller ve Biz - ehlen","description":"1965-66, hayli yak\u0131n. G\u00fcnlerden bir g\u00fcn, bizim evde Gadir Humm kutlamalar\u0131n\u0131n haz\u0131rl\u0131klar\u0131 ba\u015fl\u0131yor. Babam annem babaannem amcam nas\u0131l dikkatliler, titizler ve \u00f6zenliler. Sonra anl\u0131yoruz sebebini.","robots":{"index":"index","follow":"follow","max-snippet":"max-snippet:-1","max-image-preview":"max-image-preview:large","max-video-preview":"max-video-preview:-1"},"canonical":"http:\/\/ehlendergisi.com\/index.php\/2024\/08\/16\/karanfiller-guller-ve-biz\/","og_locale":"tr_TR","og_type":"article","og_title":"Karanfiller, G\u00fcller ve Biz - ehlen","og_description":"1965-66, hayli yak\u0131n. G\u00fcnlerden bir g\u00fcn, bizim evde Gadir Humm kutlamalar\u0131n\u0131n haz\u0131rl\u0131klar\u0131 ba\u015fl\u0131yor. Babam annem babaannem amcam nas\u0131l dikkatliler, titizler ve \u00f6zenliler. Sonra anl\u0131yoruz sebebini.","og_url":"http:\/\/ehlendergisi.com\/index.php\/2024\/08\/16\/karanfiller-guller-ve-biz\/","og_site_name":"ehlen","article_publisher":"https:\/\/www.facebook.com\/ehlendergisi\/?locale=tr_TR","article_published_time":"2024-08-16T14:54:32+00:00","article_modified_time":"2024-08-16T14:54:33+00:00","og_image":[{"width":1280,"height":857,"url":"http:\/\/ehlendergisi.com\/wp-content\/uploads\/2024\/03\/zubari-1.jpg","type":"image\/jpeg"}],"author":"admin","twitter_card":"summary_large_image","twitter_creator":"@yenidenehlen","twitter_site":"@yenidenehlen","twitter_misc":{"Yazan:":"admin","Tahmini okuma s\u00fcresi":"4 dakika"},"schema":{"@context":"https:\/\/schema.org","@graph":[{"@type":"Article","@id":"http:\/\/ehlendergisi.com\/index.php\/2024\/08\/16\/karanfiller-guller-ve-biz\/#article","isPartOf":{"@id":"http:\/\/ehlendergisi.com\/index.php\/2024\/08\/16\/karanfiller-guller-ve-biz\/"},"author":{"name":"admin","@id":"https:\/\/ehlendergisi.com\/#\/schema\/person\/de94365e0837ae704e10d1723547402a"},"headline":"Karanfiller, G\u00fcller ve Biz","datePublished":"2024-08-16T14:54:32+00:00","dateModified":"2024-08-16T14:54:33+00:00","mainEntityOfPage":{"@id":"http:\/\/ehlendergisi.com\/index.php\/2024\/08\/16\/karanfiller-guller-ve-biz\/"},"wordCount":792,"publisher":{"@id":"https:\/\/ehlendergisi.com\/#organization"},"image":{"@id":"http:\/\/ehlendergisi.com\/index.php\/2024\/08\/16\/karanfiller-guller-ve-biz\/#primaryimage"},"thumbnailUrl":"http:\/\/ehlendergisi.com\/wp-content\/uploads\/2024\/03\/zubari-1.jpg","articleSection":["K\u00fclt\u00fcr"],"inLanguage":"tr"},{"@type":"WebPage","@id":"http:\/\/ehlendergisi.com\/index.php\/2024\/08\/16\/karanfiller-guller-ve-biz\/","url":"http:\/\/ehlendergisi.com\/index.php\/2024\/08\/16\/karanfiller-guller-ve-biz\/","name":"Karanfiller, G\u00fcller ve Biz - ehlen","isPartOf":{"@id":"https:\/\/ehlendergisi.com\/#website"},"primaryImageOfPage":{"@id":"http:\/\/ehlendergisi.com\/index.php\/2024\/08\/16\/karanfiller-guller-ve-biz\/#primaryimage"},"image":{"@id":"http:\/\/ehlendergisi.com\/index.php\/2024\/08\/16\/karanfiller-guller-ve-biz\/#primaryimage"},"thumbnailUrl":"http:\/\/ehlendergisi.com\/wp-content\/uploads\/2024\/03\/zubari-1.jpg","datePublished":"2024-08-16T14:54:32+00:00","dateModified":"2024-08-16T14:54:33+00:00","description":"1965-66, hayli yak\u0131n. G\u00fcnlerden bir g\u00fcn, bizim evde Gadir Humm kutlamalar\u0131n\u0131n haz\u0131rl\u0131klar\u0131 ba\u015fl\u0131yor. Babam annem babaannem amcam nas\u0131l dikkatliler, titizler ve \u00f6zenliler. Sonra anl\u0131yoruz sebebini.","breadcrumb":{"@id":"http:\/\/ehlendergisi.com\/index.php\/2024\/08\/16\/karanfiller-guller-ve-biz\/#breadcrumb"},"inLanguage":"tr","potentialAction":[{"@type":"ReadAction","target":["http:\/\/ehlendergisi.com\/index.php\/2024\/08\/16\/karanfiller-guller-ve-biz\/"]}]},{"@type":"ImageObject","inLanguage":"tr","@id":"http:\/\/ehlendergisi.com\/index.php\/2024\/08\/16\/karanfiller-guller-ve-biz\/#primaryimage","url":"http:\/\/ehlendergisi.com\/wp-content\/uploads\/2024\/03\/zubari-1.jpg","contentUrl":"http:\/\/ehlendergisi.com\/wp-content\/uploads\/2024\/03\/zubari-1.jpg","width":1280,"height":857},{"@type":"BreadcrumbList","@id":"http:\/\/ehlendergisi.com\/index.php\/2024\/08\/16\/karanfiller-guller-ve-biz\/#breadcrumb","itemListElement":[{"@type":"ListItem","position":1,"name":"Anasayfa","item":"https:\/\/ehlendergisi.com\/"},{"@type":"ListItem","position":2,"name":"Karanfiller, G\u00fcller ve Biz"}]},{"@type":"WebSite","@id":"https:\/\/ehlendergisi.com\/#website","url":"https:\/\/ehlendergisi.com\/","name":"ehlen","description":"k\u00fclt\u00fcr, sanat, siyaset dergisi","publisher":{"@id":"https:\/\/ehlendergisi.com\/#organization"},"potentialAction":[{"@type":"SearchAction","target":{"@type":"EntryPoint","urlTemplate":"https:\/\/ehlendergisi.com\/?s={search_term_string}"},"query-input":{"@type":"PropertyValueSpecification","valueRequired":true,"valueName":"search_term_string"}}],"inLanguage":"tr"},{"@type":"Organization","@id":"https:\/\/ehlendergisi.com\/#organization","name":"ehlen","url":"https:\/\/ehlendergisi.com\/","logo":{"@type":"ImageObject","inLanguage":"tr","@id":"https:\/\/ehlendergisi.com\/#\/schema\/logo\/image\/","url":"https:\/\/ehlendergisi.com\/wp-content\/uploads\/2023\/06\/IMG_9500404081E2-1-2.jpeg","contentUrl":"https:\/\/ehlendergisi.com\/wp-content\/uploads\/2023\/06\/IMG_9500404081E2-1-2.jpeg","width":2560,"height":1341,"caption":"ehlen"},"image":{"@id":"https:\/\/ehlendergisi.com\/#\/schema\/logo\/image\/"},"sameAs":["https:\/\/www.facebook.com\/ehlendergisi\/?locale=tr_TR","https:\/\/x.com\/yenidenehlen"]},{"@type":"Person","@id":"https:\/\/ehlendergisi.com\/#\/schema\/person\/de94365e0837ae704e10d1723547402a","name":"admin","image":{"@type":"ImageObject","inLanguage":"tr","@id":"https:\/\/ehlendergisi.com\/#\/schema\/person\/image\/","url":"https:\/\/secure.gravatar.com\/avatar\/4e3d1b4ba20db56c5c7cda805db9aa90e8ae36f8cd48a7e189f21124a32188a7?s=96&d=mm&r=g","contentUrl":"https:\/\/secure.gravatar.com\/avatar\/4e3d1b4ba20db56c5c7cda805db9aa90e8ae36f8cd48a7e189f21124a32188a7?s=96&d=mm&r=g","caption":"admin"},"sameAs":["http:\/\/ehlendergisi.com"],"url":"http:\/\/ehlendergisi.com\/index.php\/author\/admin\/"}]}},"amp_enabled":true,"_links":{"self":[{"href":"http:\/\/ehlendergisi.com\/index.php\/wp-json\/wp\/v2\/posts\/611","targetHints":{"allow":["GET"]}}],"collection":[{"href":"http:\/\/ehlendergisi.com\/index.php\/wp-json\/wp\/v2\/posts"}],"about":[{"href":"http:\/\/ehlendergisi.com\/index.php\/wp-json\/wp\/v2\/types\/post"}],"author":[{"embeddable":true,"href":"http:\/\/ehlendergisi.com\/index.php\/wp-json\/wp\/v2\/users\/1"}],"replies":[{"embeddable":true,"href":"http:\/\/ehlendergisi.com\/index.php\/wp-json\/wp\/v2\/comments?post=611"}],"version-history":[{"count":1,"href":"http:\/\/ehlendergisi.com\/index.php\/wp-json\/wp\/v2\/posts\/611\/revisions"}],"predecessor-version":[{"id":612,"href":"http:\/\/ehlendergisi.com\/index.php\/wp-json\/wp\/v2\/posts\/611\/revisions\/612"}],"wp:featuredmedia":[{"embeddable":true,"href":"http:\/\/ehlendergisi.com\/index.php\/wp-json\/wp\/v2\/media\/396"}],"wp:attachment":[{"href":"http:\/\/ehlendergisi.com\/index.php\/wp-json\/wp\/v2\/media?parent=611"}],"wp:term":[{"taxonomy":"category","embeddable":true,"href":"http:\/\/ehlendergisi.com\/index.php\/wp-json\/wp\/v2\/categories?post=611"},{"taxonomy":"post_tag","embeddable":true,"href":"http:\/\/ehlendergisi.com\/index.php\/wp-json\/wp\/v2\/tags?post=611"}],"curies":[{"name":"wp","href":"https:\/\/api.w.org\/{rel}","templated":true}]}}