{"id":613,"date":"2024-08-16T15:11:59","date_gmt":"2024-08-16T15:11:59","guid":{"rendered":"https:\/\/ehlendergisi.com\/?p=613"},"modified":"2024-08-16T15:12:00","modified_gmt":"2024-08-16T15:12:00","slug":"malek-ma-ilek-1","status":"publish","type":"post","link":"http:\/\/ehlendergisi.com\/index.php\/2024\/08\/16\/malek-ma-ilek-1\/","title":{"rendered":"M\u00c2LEK MA \u0130LEK (1)"},"content":{"rendered":"\n<p>Nadirihsan Ko\u00e7ak<\/p>\n\n\n\n<p>\u201cM\u00e2lek\u201d d\u00fcnyadaki varl\u0131\u011f\u0131n,<br>Sahip oldu\u011funu zannetti\u011fin \u015fey,<br>Mal\u0131n, m\u00fclk\u00fcn\u2026<br>Zaman\u0131n d\u00fc\u015fman\u0131 ya da zaman onlar\u0131n d\u00fc\u015fman\u0131.<br>\u015eimdi var, biraz sonra olmayan.<\/p>\n\n\n\n<p>\u201cMa ilek\u201d bir nefes\u2026<br>Can gibi, bir solukta al\u0131p bir solukta verece\u011fin.<br>\u201cMa ilek\u201d (2)\u2026<br>Bu mal-m\u00fclk nice insanlar g\u00f6rd\u00fc ey zat!<br>Aldanma,<br>Bug\u00fcn var yar\u0131n yoksun.<br>\u201c\u1e24ayy\u201d (3)<br>Evvelde ve ahirde sensin<br>Eyy kalbimizdeki gizli s\u0131r<br>\u1e24ayy All\u00e2h<br>Eyy sevgili \u201cKronos\u201d (4)<br>Zaman\u0131n h\u00fck\u00fcmran\u0131<br>Aldanma,<br>Mal Karun nerede?<br>Neredesin ey Fakir Zello<br>Mal\u0131n varl\u0131\u011f\u0131ndan hi\u00e7 nasiplenmeyen.<br>Yal\u0131n ayak m\u0131s\u0131n Antakya sokaklar\u0131nda?<br>Ayaklar\u0131ndaki \u00e7atlak,<br>Pantalonundaki y\u0131rt\u0131k,<br>\u0130sa Amca\u2019n\u0131n yan\u0131ndaki berber d\u00fckkan\u0131nla<br>Neredesin fakirim?<br>Polisin bile ceza yazmaya k\u0131yamad\u0131\u011f\u0131,<br>Morris minib\u00fcs ve \u00fcst\u00fcndeki \u201cHak sever Fakir Zello\u201d yaz\u0131s\u0131 ile<br>Kanuni Sultan S\u00fcleyman\u2019la ayn\u0131 d\u00fcnyadan ge\u00e7en \u015fah\u0131s<br>Zello!<br>Nerdesin?<br>Anlat\u0131lan ve anlat\u0131lacak olan\u0131n hi\u00e7biri senin de\u011fil,<br>T\u0131pk\u0131<br>Kulaktaki f\u0131s\u0131lt\u0131n\u0131n yank\u0131s\u0131 gibi<br>M\u00e2-lek ma-i-lek, m\u00e2-lek ma-i-lek\u2026<br>Emanet\u00e7isin sen,<br>Ben<br>Ve di\u011ferleri gibi\u2026<br>Kan revan i\u00e7inde uyand\u0131\u011f\u0131nda \u0295\u00eezzi Wenn\u00fbs saat d\u00f6rt bu\u00e7u\u011fu bulmu\u015ftu.<br>R\u00fcya m\u0131 ger\u00e7ek miydi bu terenn\u00fcmler, kula\u011fa ho\u015f bir seda veren bu lak\u0131rd\u0131lar?<br>\u201cX\u00ear n\u015falla\u201d (5), dedi ve h\u0131zl\u0131 h\u0131zl\u0131 \u015falvar\u0131n\u0131 giydi.<br>\u201cZah\u00eeda bitt Enwor\u201d (6) ona \u00e7oktan kahvalt\u0131s\u0131n\u0131 haz\u0131rlam\u0131\u015ft\u0131 bile,<br>Bak\u0131r bir sinide, s\u00fbrki b-z\u00eat (7), \u0295a\u1e6d\u1e6d\u00fbn (8), tand\u0131rda ekmek ve d\u00fcn ak\u015fam yapt\u0131\u011f\u0131 bizirg\u00ean (9)<br>Ve elbette ki \u2018qarfe\u2019\u2026 (10)<br>Sabah\u0131n ilk \u0131\u015f\u0131klar\u0131 (<em>\u1e6daqqit il-fec<sup>i<\/sup>r<\/em>) yans\u0131rken kocam\u0131\u015f, emektar e\u015fe\u011fin aln\u0131na, \u0295izzi Wenn\u00fbs\u2019\u00fcn alayc\u0131 \u015fen \u015fakrak sesiydi geceyi g\u00fcnd\u00fcze teslim eden.<\/p>\n\n\n\n<p>\u00a0\u00a0\u00a0\u00a0\u00a0\u00a0\u00a0\u00a0 G\u00f6kte ay\u2026.<br>         \u00c7ok yaln\u0131z ve albenili.<br>         Mevsimlerden sonbahar,<br>         Zamanlardan<br>         Zeytin zaman\u0131\u2026<\/p>\n\n\n\n<p>Ba\u015f\u0131n\u0131 sa\u011fa \u00e7evirir \u00e7evirmez bir de ne g\u00f6rs\u00fcn? A\u1e25mad iz-Zenb\u00fbr (bir ka\u00e7 tek at\u0131nca \u2013 hatta birka\u00e7 tekten fazla \u2013 y\u00fcz\u00fc e\u015fek ar\u0131s\u0131 \u0131s\u0131r\u0131\u011f\u0131 gibi k\u0131zard\u0131\u011f\u0131 i\u00e7in \u201czenb\u00fbr\u201d derler) elinde k\u00f6r b\u0131\u00e7akla\u00a0 hortumu kesmeye \u00e7al\u0131\u015f\u0131yor.<br>Oysa zor bela getirilmi\u015fti su o yaz \u0295ayd\u00ee\u2019ye (11)<br>Taa Bat\u0131ayaz\u2019dan hem de\u2026<br>Bir \u00e7e\u015fme \u1e6c\u00e2hir H\u00e2ni\u2019lerin yola yak\u0131n evlerinin dibine kurulur.<br>\u0130\u015fte o \u00e7e\u015fmeden \u0295izzi Wenn\u00fbs evine hortum \u00e7eker, ba\u011f bah\u00e7e i\u015fi i\u00e7in,<br>A\u1e25mad iz-Zenb\u00fbr bu durumdan muzdarip. Zira kendisi evine eliyle ta\u015f\u0131yor suyu<br>\u00dcstelik muhtarl\u0131k se\u00e7imlerinde \u0295izzi Wenn\u00fbs muhalif.<\/p>\n\n\n\n<p>\u00a0\u00a0\u00a0\u00a0\u00a0\u00a0\u00a0\u00a0\u00a0\u00a0 Ka\u00e7\u0131nc\u0131 kesi\u015fiydi hortumu \u201cY\u00e2 la\u1e6d\u00eef! Y\u00e2 la\u1e6d\u00eef!\u201d<br>           Ama bu sefer yakay\u0131 ele verecekti\u2026<\/p>\n\n\n\n<p>\u201cb-ar\u1e0dek, bi-sikkit d\u00eenek\u201d (12) dedi \u0130zzet, aceleci bir sesle.<br>\u201cWallah y\u00ea c\u00eare immelto \u1e25ayy\u201d (13) der Ahmet ve an\u0131nda k\u0131zar\u0131r \u2018zenb\u00fbr\u2019 misali, akabinde s\u0131rt\u0131n\u0131 d\u00f6n\u00fcp karanl\u0131kta kaybolur, ilelebet\u2026<\/p>\n\n\n\n<p>E\u015fek \u00f6nde \u0130zzet \u00e7avu\u015f arkada yoluna devam ederler Derw\u00ee\u015f Wa\u1e25\u00eede\u2019nin evine do\u011fru. G\u00fcn iyice \u0131\u015f\u0131m\u0131\u015ft\u0131. \u0130brahim D\u00eebi\u2019nin evlerinin \u00f6n\u00fcnden ge\u00e7erlerken ar\u0131 u\u011fuldamas\u0131 \u015feklinde dualar g\u00f6k kubbeyi ar\u015f\u0131nl\u0131yordu \u00e7oktan.<\/p>\n\n\n\n<p>\u0130brahim D\u00eebi, \u0130brahim Da\u0295b\u00fbl, \u1e24ab\u00eeb i\u1e63-\u1e62rays\u00eer, \u015e\u0131\u0295b\u00e2n \u1e24asan D\u00eeb ve Sa\u0295\u00eed il-\u1e24amra kadim kuyunun dibinde ibadet ediyorlard\u0131, bir yandan da s\u0131rayla kuyudan su \u00e7ekiyorlard\u0131 zira evdekiler su bekler. Siyah bakra\u00e7, kal\u0131n \u0131slak ip ve bunlar\u0131 d\u00f6nd\u00fcren yuvarla\u011f\u0131ms\u0131 tahta par\u00e7alar\u0131 (d\u00fbl\u00e2b) hat\u0131rda b\u0131rak\u0131lan\u2026Bir de ar\u0131 seslerine kar\u0131\u015fan \u1e25\u0131zq, \u1e25\u0131zq, \u1e25\u0131zq\u2026 sesleri<\/p>\n\n\n\n<p>Selam verip yoluna devam etti. Nas\u0131l olsa onlar\u0131 her zaman g\u00f6rebilece\u011fini d\u00fc\u015f\u00fcnd\u00fc, zaten i\u015fine de yeti\u015fmeliydi\u2026Y\u00fbsif \u1e24am\u00eed\u2019lerin mengenesindeki vardiyas\u0131na az kalm\u0131\u015ft\u0131 bir de\u2026 &nbsp;&nbsp;E\u015fe\u011finin rahat rahat ki\u015fnemesi iyiye delaletti. Demek ki evden \u00e7\u0131kmazdan \u00f6nce illaki s\u00f6yletmi\u015ftir \u015fark\u0131s\u0131n\u0131 sahibine; s\u00fck\u00fbneti ondand\u0131\u2026 Okulun solundan d\u00f6nerken okul kap\u0131s\u0131n\u0131n be\u015f alt\u0131 ad\u0131m a\u015fa\u011f\u0131s\u0131nda \u015f\u0131lfata (okalipt\u00fcs) a\u011fac\u0131n\u0131n hemen dibinde kurulan di\u011fer \u00e7e\u015fmede, toplanan kalabal\u0131\u011fa selam verdi.<\/p>\n\n\n\n<p>&#8212;- Allah yi\u0295\u1e6d\u00eekin il-\u0295\u00e2fi! (14)<\/p>\n\n\n\n<p>Kimler yoktu ki kimler \u00e7e\u015fmenin dibinde.<br>Hep bir a\u011f\u0131zdan cevap verdiler<\/p>\n\n\n\n<p>&#8212;Allah y\u0295\u00e2f\u00eek w ysellmek (15)<\/p>\n\n\n\n<p>Uzun uzun bir \u015feyler anlat\u0131yordu Werdi il-Qz\u00eaze Wa\u1e25\u00eede\u2019ye, sabah sabah:<br>Hafiften kulak kabard\u0131. Belli belirsiz bir \u015feyler duymu\u015ftu. Mihric\u2019in, erkek torunu olmu\u015f, Mihric nerden duymu\u015f, \u00f6\u011frenmi\u015fse \u015feker da\u011f\u0131t\u0131l\u0131r diye, i\u00e7ip i\u00e7ip evdeki toz \u015fekeri sereserpmi\u015f, yola, arka, \u015furaya buraya\u2026 B\u0131y\u0131k alt\u0131 g\u00fcl\u00fcp yola devam eder \u0130zzet.<\/p>\n\n\n\n<p>Nihayet e\u015fe\u011fiyle varm\u0131\u015flard\u0131 Derw\u00ee\u015f Wa\u1e25\u00eeda\u2019nin evine.<br>Derw\u00ee\u015f Wa\u1e25\u00eeda\u2019nin evinin \u00f6n\u00fcndeki \u015f\u0131lfata a\u011fac\u0131na yaslanarak seslendi:<\/p>\n\n\n\n<p>&#8212;-Y\u00e2 Derw\u00ee\u015f ! Y\u00e2 Derw\u00ee\u015f!!<\/p>\n\n\n\n<p>Uzun boylu olu\u015fu, uyku sersemli\u011fiyle birle\u015fince, Derw\u00ee\u015f hep b\u00f6yle belirirdi kahverengi demir kap\u0131 \u00f6n\u00fcnde. Hafif \u00f6ne e\u011fik, kamburumsu haybetiyle. Elinde asa, y\u00fcz\u00fc yar\u0131 g\u00fcle\u00e7 yar\u0131 asabi\u2026<\/p>\n\n\n\n<p>\u0130zett, Derw\u00ee\u015f\u2019i g\u00f6r\u00fcr g\u00f6rmez<br>\u201cMeryem Meryemt\u00ee<br>\u0295ayn\u00ee Mery\u00e2ma\u2026\u201d (16) \u015fark\u0131s\u0131n\u0131 s\u00f6yledi kavi bir sayhayla (y\u00fcksek sesle) tatl\u0131 bir hinlikle. Zaten her zaman da bunu yapard\u0131. Derw\u00ee\u015f bir \u00e7\u0131rp\u0131da elinden tuttu\u011fu gibi i\u00e7eri ald\u0131, yatt\u0131\u011f\u0131 sedirin alt\u0131na elini att\u0131 \u201cbenn\u00eege\u201dyi (17) \u00e7ekti. Birer \u201cqarfe\u201d doldurdu\u2026 Kixh (18) dediler ayn\u0131 anda\u2026<\/p>\n\n\n\n<p>&nbsp; Derw\u00ee\u015f\u2019in de ondan az kal\u0131r yan\u0131 yoktu ya\u2026 Xayye \u00c7\u00e2w\u00fb\u015f (\u00e7avu\u015f karde\u015f) tam onu \u00f6pecekken, insan hi\u00e7 bay\u0131l\u0131r m\u0131 yahu dedi ve<\/p>\n\n\n\n<p>\u00a0 Bi bist\u00ean bu-wl\u00ead \u0295izze<br>  H\u00fb w \u1e25ab\u00eebto, \u0295\u00ean bil-\u0295\u00ean<br>  \u015eemmo r\u00ee\u1e25it ba\u0295\u1e0din, laqqit il-\u00eed bil-\u00eed<br>  Ciyyit i\u015f-\u015fiffe \u0295a\u015f-\u015fiffe<br>  Qalbo, \u0121i\u015fo \u0295al-ar\u1e0d fawren. (19)<\/p>\n\n\n\n<p>&nbsp; Dizesini an\u0131nda uydurdu DERW\u00ce\u015e. Ve birer \u201cqarfe\u201d daha \u00e7ektiler kixh diyerek. Y\u00fczlerinde g\u00fcl\u00fcmseme yar\u0131na emanet\u2026<\/p>\n\n\n\n<p>Kepe\u011fi (<em>nx\u00e2le<\/em>) e\u015fe\u011fe y\u00fcklediklerinde g\u00fcn epeyce \u0131\u015f\u0131m\u0131\u015ft\u0131. Birisi istiftah\u0131n\u0131 g\u00fczel bir insanla yapm\u0131\u015ft\u0131 di\u011feri biraz sonra yapacakt\u0131\u2026<\/p>\n\n\n\n<p>Oysa ikisi de hi\u00e7 itibar etmemi\u015flerdi d\u00fcnya mal\u0131na\u2026<br><em>M\u00c2LEK MA \u0130LEK<\/em> D\u0130YE GE\u00c7\u0130R\u0130YORLARDI \u0130\u00c7LER\u0130NDEN, B\u0130RB\u0130RLER\u0130NE SIRTLARINI D\u00d6ND\u00dcKLER\u0130NDE\u2026<\/p>\n\n\n\n<p>24 \u015eubat 2017 Gece Kixh<\/p>\n\n\n\n<p>&#8212;&#8212;&#8212;&#8212;&#8212;&#8212;&#8212;&#8212;&#8212;&#8212;&#8212;&#8212;-<\/p>\n\n\n\n<p>Notlar:<\/p>\n\n\n\n<p>1-Mal\u0131n senin de\u011fil.<\/p>\n\n\n\n<p>2-Senin de\u011fil.<\/p>\n\n\n\n<p>3-\u00d6l\u00fcms\u00fcz-sonsuz<\/p>\n\n\n\n<p>4-Zaman tanr\u0131s\u0131 (kronolojinin t\u00fcreteni)<\/p>\n\n\n\n<p>5-Hay\u0131rd\u0131r in\u015fallah<\/p>\n\n\n\n<p>6- Enver\u2019in k\u0131z\u0131 Zahide<\/p>\n\n\n\n<p>7-Zeytinya\u011fl\u0131 \u00e7\u00f6kelek<\/p>\n\n\n\n<p>8-El yap\u0131m\u0131 siyah zeytin<\/p>\n\n\n\n<p>9-Biber ezmesi<\/p>\n\n\n\n<p>10-Bir tek rak\u0131<\/p>\n\n\n\n<p>11-Ekinci k\u00f6y\u00fc<\/p>\n\n\n\n<p>12-Yerinde kal, dininin \u00e7at\u0131s\u0131na\u2026<\/p>\n\n\n\n<p>13-Kom\u015fum, vallahi y\u0131lan sand\u0131m<\/p>\n\n\n\n<p>14-Allah afiyet versin<\/p>\n\n\n\n<p>15-Allah (sana da) afiyet ve selamet versin<\/p>\n\n\n\n<p>16-Meryem benim Meryem, Meryem g\u00f6z\u00fcm&#8230;<\/p>\n\n\n\n<p>17-Binlik<\/p>\n\n\n\n<p>18-Rak\u0131 i\u00e7erken bo\u011faz\u0131 rahatlatmak i\u00e7in s\u00f6ylenir, bir de m\u00e2ni olarak <em>kixh \u00e2xh \u0295a li-xh<\/em> (kih ah bi tane daha)<\/p>\n\n\n\n<p>19-Bu-wl\u00ead bah\u00e7esinde \u0130zzet, sevgilisiyle g\u00f6z g\u00f6ze. Koklad\u0131lar birbirlerini, el ele verdiler. Tam dudak duda\u011fa de\u011fecekken an\u0131nda bay\u0131ld\u0131lar\u2026<\/p>\n\n\n\n<p>(Ehlen Dergisi\u2019nin 4. say\u0131s\u0131nda yay\u0131mlanm\u0131\u015ft\u0131r, May\u0131s 2024, Y\u0131l:2 Say\u0131:4)<\/p>\n","protected":false},"excerpt":{"rendered":"<p>Nadirihsan Ko\u00e7ak \u201cM\u00e2lek\u201d d\u00fcnyadaki varl\u0131\u011f\u0131n,Sahip oldu\u011funu zannetti\u011fin \u015fey,Mal\u0131n, m\u00fclk\u00fcn\u2026Zaman\u0131n d\u00fc\u015fman\u0131 ya da zaman onlar\u0131n d\u00fc\u015fman\u0131.\u015eimdi var, biraz sonra olmayan. \u201cMa ilek\u201d bir nefes\u2026Can gibi, bir solukta al\u0131p bir solukta verece\u011fin.\u201cMa ilek\u201d (2)\u2026Bu mal-m\u00fclk nice insanlar g\u00f6rd\u00fc ey zat!Aldanma,Bug\u00fcn var yar\u0131n yoksun.\u201c\u1e24ayy\u201d (3)Evvelde ve ahirde sensinEyy kalbimizdeki gizli s\u0131r\u1e24ayy All\u00e2hEyy sevgili \u201cKronos\u201d (4)Zaman\u0131n h\u00fck\u00fcmran\u0131Aldanma,Mal Karun nerede?Neredesin [&hellip;]<\/p>\n","protected":false},"author":1,"featured_media":590,"comment_status":"closed","ping_status":"open","sticky":false,"template":"","format":"standard","meta":{"tdm_status":"","tdm_grid_status":"","footnotes":""},"categories":[6],"tags":[],"class_list":{"0":"post-613","1":"post","2":"type-post","3":"status-publish","4":"format-standard","5":"has-post-thumbnail","7":"category-kultur"},"yoast_head":"<!-- This site is optimized with the Yoast SEO plugin v26.6 - https:\/\/yoast.com\/wordpress\/plugins\/seo\/ -->\n<title>M\u00c2LEK MA \u0130LEK (1) - ehlen<\/title>\n<meta name=\"robots\" content=\"index, follow, max-snippet:-1, max-image-preview:large, max-video-preview:-1\" \/>\n<link rel=\"canonical\" href=\"http:\/\/ehlendergisi.com\/index.php\/2024\/08\/16\/malek-ma-ilek-1\/\" \/>\n<meta property=\"og:locale\" content=\"tr_TR\" \/>\n<meta property=\"og:type\" content=\"article\" \/>\n<meta property=\"og:title\" content=\"M\u00c2LEK MA \u0130LEK (1) - ehlen\" \/>\n<meta property=\"og:description\" content=\"Nadirihsan Ko\u00e7ak \u201cM\u00e2lek\u201d d\u00fcnyadaki varl\u0131\u011f\u0131n,Sahip oldu\u011funu zannetti\u011fin \u015fey,Mal\u0131n, m\u00fclk\u00fcn\u2026Zaman\u0131n d\u00fc\u015fman\u0131 ya da zaman onlar\u0131n d\u00fc\u015fman\u0131.\u015eimdi var, biraz sonra olmayan. \u201cMa ilek\u201d bir nefes\u2026Can gibi, bir solukta al\u0131p bir solukta verece\u011fin.\u201cMa ilek\u201d (2)\u2026Bu mal-m\u00fclk nice insanlar g\u00f6rd\u00fc ey zat!Aldanma,Bug\u00fcn var yar\u0131n yoksun.\u201c\u1e24ayy\u201d (3)Evvelde ve ahirde sensinEyy kalbimizdeki gizli s\u0131r\u1e24ayy All\u00e2hEyy sevgili \u201cKronos\u201d (4)Zaman\u0131n h\u00fck\u00fcmran\u0131Aldanma,Mal Karun nerede?Neredesin [&hellip;]\" \/>\n<meta property=\"og:url\" content=\"http:\/\/ehlendergisi.com\/index.php\/2024\/08\/16\/malek-ma-ilek-1\/\" \/>\n<meta property=\"og:site_name\" content=\"ehlen\" \/>\n<meta property=\"article:publisher\" content=\"https:\/\/www.facebook.com\/ehlendergisi\/?locale=tr_TR\" \/>\n<meta property=\"article:published_time\" content=\"2024-08-16T15:11:59+00:00\" \/>\n<meta property=\"article:modified_time\" content=\"2024-08-16T15:12:00+00:00\" \/>\n<meta property=\"og:image\" content=\"http:\/\/ehlendergisi.com\/wp-content\/uploads\/2024\/06\/musa-dag.png\" \/>\n\t<meta property=\"og:image:width\" content=\"976\" \/>\n\t<meta property=\"og:image:height\" content=\"916\" \/>\n\t<meta property=\"og:image:type\" content=\"image\/png\" \/>\n<meta name=\"author\" content=\"admin\" \/>\n<meta name=\"twitter:card\" content=\"summary_large_image\" \/>\n<meta name=\"twitter:creator\" content=\"@yenidenehlen\" \/>\n<meta name=\"twitter:site\" content=\"@yenidenehlen\" \/>\n<meta name=\"twitter:label1\" content=\"Yazan:\" \/>\n\t<meta name=\"twitter:data1\" content=\"admin\" \/>\n\t<meta name=\"twitter:label2\" content=\"Tahmini okuma s\u00fcresi\" \/>\n\t<meta name=\"twitter:data2\" content=\"6 dakika\" \/>\n<script type=\"application\/ld+json\" class=\"yoast-schema-graph\">{\"@context\":\"https:\/\/schema.org\",\"@graph\":[{\"@type\":\"Article\",\"@id\":\"http:\/\/ehlendergisi.com\/index.php\/2024\/08\/16\/malek-ma-ilek-1\/#article\",\"isPartOf\":{\"@id\":\"http:\/\/ehlendergisi.com\/index.php\/2024\/08\/16\/malek-ma-ilek-1\/\"},\"author\":{\"name\":\"admin\",\"@id\":\"https:\/\/ehlendergisi.com\/#\/schema\/person\/de94365e0837ae704e10d1723547402a\"},\"headline\":\"M\u00c2LEK MA \u0130LEK (1)\",\"datePublished\":\"2024-08-16T15:11:59+00:00\",\"dateModified\":\"2024-08-16T15:12:00+00:00\",\"mainEntityOfPage\":{\"@id\":\"http:\/\/ehlendergisi.com\/index.php\/2024\/08\/16\/malek-ma-ilek-1\/\"},\"wordCount\":1214,\"publisher\":{\"@id\":\"https:\/\/ehlendergisi.com\/#organization\"},\"image\":{\"@id\":\"http:\/\/ehlendergisi.com\/index.php\/2024\/08\/16\/malek-ma-ilek-1\/#primaryimage\"},\"thumbnailUrl\":\"http:\/\/ehlendergisi.com\/wp-content\/uploads\/2024\/06\/musa-dag.png\",\"articleSection\":[\"K\u00fclt\u00fcr\"],\"inLanguage\":\"tr\"},{\"@type\":\"WebPage\",\"@id\":\"http:\/\/ehlendergisi.com\/index.php\/2024\/08\/16\/malek-ma-ilek-1\/\",\"url\":\"http:\/\/ehlendergisi.com\/index.php\/2024\/08\/16\/malek-ma-ilek-1\/\",\"name\":\"M\u00c2LEK MA \u0130LEK (1) - ehlen\",\"isPartOf\":{\"@id\":\"https:\/\/ehlendergisi.com\/#website\"},\"primaryImageOfPage\":{\"@id\":\"http:\/\/ehlendergisi.com\/index.php\/2024\/08\/16\/malek-ma-ilek-1\/#primaryimage\"},\"image\":{\"@id\":\"http:\/\/ehlendergisi.com\/index.php\/2024\/08\/16\/malek-ma-ilek-1\/#primaryimage\"},\"thumbnailUrl\":\"http:\/\/ehlendergisi.com\/wp-content\/uploads\/2024\/06\/musa-dag.png\",\"datePublished\":\"2024-08-16T15:11:59+00:00\",\"dateModified\":\"2024-08-16T15:12:00+00:00\",\"breadcrumb\":{\"@id\":\"http:\/\/ehlendergisi.com\/index.php\/2024\/08\/16\/malek-ma-ilek-1\/#breadcrumb\"},\"inLanguage\":\"tr\",\"potentialAction\":[{\"@type\":\"ReadAction\",\"target\":[\"http:\/\/ehlendergisi.com\/index.php\/2024\/08\/16\/malek-ma-ilek-1\/\"]}]},{\"@type\":\"ImageObject\",\"inLanguage\":\"tr\",\"@id\":\"http:\/\/ehlendergisi.com\/index.php\/2024\/08\/16\/malek-ma-ilek-1\/#primaryimage\",\"url\":\"http:\/\/ehlendergisi.com\/wp-content\/uploads\/2024\/06\/musa-dag.png\",\"contentUrl\":\"http:\/\/ehlendergisi.com\/wp-content\/uploads\/2024\/06\/musa-dag.png\",\"width\":976,\"height\":916},{\"@type\":\"BreadcrumbList\",\"@id\":\"http:\/\/ehlendergisi.com\/index.php\/2024\/08\/16\/malek-ma-ilek-1\/#breadcrumb\",\"itemListElement\":[{\"@type\":\"ListItem\",\"position\":1,\"name\":\"Anasayfa\",\"item\":\"https:\/\/ehlendergisi.com\/\"},{\"@type\":\"ListItem\",\"position\":2,\"name\":\"M\u00c2LEK MA \u0130LEK (1)\"}]},{\"@type\":\"WebSite\",\"@id\":\"https:\/\/ehlendergisi.com\/#website\",\"url\":\"https:\/\/ehlendergisi.com\/\",\"name\":\"ehlen\",\"description\":\"k\u00fclt\u00fcr, sanat, siyaset dergisi\",\"publisher\":{\"@id\":\"https:\/\/ehlendergisi.com\/#organization\"},\"potentialAction\":[{\"@type\":\"SearchAction\",\"target\":{\"@type\":\"EntryPoint\",\"urlTemplate\":\"https:\/\/ehlendergisi.com\/?s={search_term_string}\"},\"query-input\":{\"@type\":\"PropertyValueSpecification\",\"valueRequired\":true,\"valueName\":\"search_term_string\"}}],\"inLanguage\":\"tr\"},{\"@type\":\"Organization\",\"@id\":\"https:\/\/ehlendergisi.com\/#organization\",\"name\":\"ehlen\",\"url\":\"https:\/\/ehlendergisi.com\/\",\"logo\":{\"@type\":\"ImageObject\",\"inLanguage\":\"tr\",\"@id\":\"https:\/\/ehlendergisi.com\/#\/schema\/logo\/image\/\",\"url\":\"https:\/\/ehlendergisi.com\/wp-content\/uploads\/2023\/06\/IMG_9500404081E2-1-2.jpeg\",\"contentUrl\":\"https:\/\/ehlendergisi.com\/wp-content\/uploads\/2023\/06\/IMG_9500404081E2-1-2.jpeg\",\"width\":2560,\"height\":1341,\"caption\":\"ehlen\"},\"image\":{\"@id\":\"https:\/\/ehlendergisi.com\/#\/schema\/logo\/image\/\"},\"sameAs\":[\"https:\/\/www.facebook.com\/ehlendergisi\/?locale=tr_TR\",\"https:\/\/x.com\/yenidenehlen\"]},{\"@type\":\"Person\",\"@id\":\"https:\/\/ehlendergisi.com\/#\/schema\/person\/de94365e0837ae704e10d1723547402a\",\"name\":\"admin\",\"image\":{\"@type\":\"ImageObject\",\"inLanguage\":\"tr\",\"@id\":\"https:\/\/ehlendergisi.com\/#\/schema\/person\/image\/\",\"url\":\"https:\/\/secure.gravatar.com\/avatar\/4e3d1b4ba20db56c5c7cda805db9aa90e8ae36f8cd48a7e189f21124a32188a7?s=96&d=mm&r=g\",\"contentUrl\":\"https:\/\/secure.gravatar.com\/avatar\/4e3d1b4ba20db56c5c7cda805db9aa90e8ae36f8cd48a7e189f21124a32188a7?s=96&d=mm&r=g\",\"caption\":\"admin\"},\"sameAs\":[\"http:\/\/ehlendergisi.com\"],\"url\":\"http:\/\/ehlendergisi.com\/index.php\/author\/admin\/\"}]}<\/script>\n<!-- \/ Yoast SEO plugin. -->","yoast_head_json":{"title":"M\u00c2LEK MA \u0130LEK (1) - ehlen","robots":{"index":"index","follow":"follow","max-snippet":"max-snippet:-1","max-image-preview":"max-image-preview:large","max-video-preview":"max-video-preview:-1"},"canonical":"http:\/\/ehlendergisi.com\/index.php\/2024\/08\/16\/malek-ma-ilek-1\/","og_locale":"tr_TR","og_type":"article","og_title":"M\u00c2LEK MA \u0130LEK (1) - ehlen","og_description":"Nadirihsan Ko\u00e7ak \u201cM\u00e2lek\u201d d\u00fcnyadaki varl\u0131\u011f\u0131n,Sahip oldu\u011funu zannetti\u011fin \u015fey,Mal\u0131n, m\u00fclk\u00fcn\u2026Zaman\u0131n d\u00fc\u015fman\u0131 ya da zaman onlar\u0131n d\u00fc\u015fman\u0131.\u015eimdi var, biraz sonra olmayan. \u201cMa ilek\u201d bir nefes\u2026Can gibi, bir solukta al\u0131p bir solukta verece\u011fin.\u201cMa ilek\u201d (2)\u2026Bu mal-m\u00fclk nice insanlar g\u00f6rd\u00fc ey zat!Aldanma,Bug\u00fcn var yar\u0131n yoksun.\u201c\u1e24ayy\u201d (3)Evvelde ve ahirde sensinEyy kalbimizdeki gizli s\u0131r\u1e24ayy All\u00e2hEyy sevgili \u201cKronos\u201d (4)Zaman\u0131n h\u00fck\u00fcmran\u0131Aldanma,Mal Karun nerede?Neredesin [&hellip;]","og_url":"http:\/\/ehlendergisi.com\/index.php\/2024\/08\/16\/malek-ma-ilek-1\/","og_site_name":"ehlen","article_publisher":"https:\/\/www.facebook.com\/ehlendergisi\/?locale=tr_TR","article_published_time":"2024-08-16T15:11:59+00:00","article_modified_time":"2024-08-16T15:12:00+00:00","og_image":[{"width":976,"height":916,"url":"http:\/\/ehlendergisi.com\/wp-content\/uploads\/2024\/06\/musa-dag.png","type":"image\/png"}],"author":"admin","twitter_card":"summary_large_image","twitter_creator":"@yenidenehlen","twitter_site":"@yenidenehlen","twitter_misc":{"Yazan:":"admin","Tahmini okuma s\u00fcresi":"6 dakika"},"schema":{"@context":"https:\/\/schema.org","@graph":[{"@type":"Article","@id":"http:\/\/ehlendergisi.com\/index.php\/2024\/08\/16\/malek-ma-ilek-1\/#article","isPartOf":{"@id":"http:\/\/ehlendergisi.com\/index.php\/2024\/08\/16\/malek-ma-ilek-1\/"},"author":{"name":"admin","@id":"https:\/\/ehlendergisi.com\/#\/schema\/person\/de94365e0837ae704e10d1723547402a"},"headline":"M\u00c2LEK MA \u0130LEK (1)","datePublished":"2024-08-16T15:11:59+00:00","dateModified":"2024-08-16T15:12:00+00:00","mainEntityOfPage":{"@id":"http:\/\/ehlendergisi.com\/index.php\/2024\/08\/16\/malek-ma-ilek-1\/"},"wordCount":1214,"publisher":{"@id":"https:\/\/ehlendergisi.com\/#organization"},"image":{"@id":"http:\/\/ehlendergisi.com\/index.php\/2024\/08\/16\/malek-ma-ilek-1\/#primaryimage"},"thumbnailUrl":"http:\/\/ehlendergisi.com\/wp-content\/uploads\/2024\/06\/musa-dag.png","articleSection":["K\u00fclt\u00fcr"],"inLanguage":"tr"},{"@type":"WebPage","@id":"http:\/\/ehlendergisi.com\/index.php\/2024\/08\/16\/malek-ma-ilek-1\/","url":"http:\/\/ehlendergisi.com\/index.php\/2024\/08\/16\/malek-ma-ilek-1\/","name":"M\u00c2LEK MA \u0130LEK (1) - ehlen","isPartOf":{"@id":"https:\/\/ehlendergisi.com\/#website"},"primaryImageOfPage":{"@id":"http:\/\/ehlendergisi.com\/index.php\/2024\/08\/16\/malek-ma-ilek-1\/#primaryimage"},"image":{"@id":"http:\/\/ehlendergisi.com\/index.php\/2024\/08\/16\/malek-ma-ilek-1\/#primaryimage"},"thumbnailUrl":"http:\/\/ehlendergisi.com\/wp-content\/uploads\/2024\/06\/musa-dag.png","datePublished":"2024-08-16T15:11:59+00:00","dateModified":"2024-08-16T15:12:00+00:00","breadcrumb":{"@id":"http:\/\/ehlendergisi.com\/index.php\/2024\/08\/16\/malek-ma-ilek-1\/#breadcrumb"},"inLanguage":"tr","potentialAction":[{"@type":"ReadAction","target":["http:\/\/ehlendergisi.com\/index.php\/2024\/08\/16\/malek-ma-ilek-1\/"]}]},{"@type":"ImageObject","inLanguage":"tr","@id":"http:\/\/ehlendergisi.com\/index.php\/2024\/08\/16\/malek-ma-ilek-1\/#primaryimage","url":"http:\/\/ehlendergisi.com\/wp-content\/uploads\/2024\/06\/musa-dag.png","contentUrl":"http:\/\/ehlendergisi.com\/wp-content\/uploads\/2024\/06\/musa-dag.png","width":976,"height":916},{"@type":"BreadcrumbList","@id":"http:\/\/ehlendergisi.com\/index.php\/2024\/08\/16\/malek-ma-ilek-1\/#breadcrumb","itemListElement":[{"@type":"ListItem","position":1,"name":"Anasayfa","item":"https:\/\/ehlendergisi.com\/"},{"@type":"ListItem","position":2,"name":"M\u00c2LEK MA \u0130LEK (1)"}]},{"@type":"WebSite","@id":"https:\/\/ehlendergisi.com\/#website","url":"https:\/\/ehlendergisi.com\/","name":"ehlen","description":"k\u00fclt\u00fcr, sanat, siyaset dergisi","publisher":{"@id":"https:\/\/ehlendergisi.com\/#organization"},"potentialAction":[{"@type":"SearchAction","target":{"@type":"EntryPoint","urlTemplate":"https:\/\/ehlendergisi.com\/?s={search_term_string}"},"query-input":{"@type":"PropertyValueSpecification","valueRequired":true,"valueName":"search_term_string"}}],"inLanguage":"tr"},{"@type":"Organization","@id":"https:\/\/ehlendergisi.com\/#organization","name":"ehlen","url":"https:\/\/ehlendergisi.com\/","logo":{"@type":"ImageObject","inLanguage":"tr","@id":"https:\/\/ehlendergisi.com\/#\/schema\/logo\/image\/","url":"https:\/\/ehlendergisi.com\/wp-content\/uploads\/2023\/06\/IMG_9500404081E2-1-2.jpeg","contentUrl":"https:\/\/ehlendergisi.com\/wp-content\/uploads\/2023\/06\/IMG_9500404081E2-1-2.jpeg","width":2560,"height":1341,"caption":"ehlen"},"image":{"@id":"https:\/\/ehlendergisi.com\/#\/schema\/logo\/image\/"},"sameAs":["https:\/\/www.facebook.com\/ehlendergisi\/?locale=tr_TR","https:\/\/x.com\/yenidenehlen"]},{"@type":"Person","@id":"https:\/\/ehlendergisi.com\/#\/schema\/person\/de94365e0837ae704e10d1723547402a","name":"admin","image":{"@type":"ImageObject","inLanguage":"tr","@id":"https:\/\/ehlendergisi.com\/#\/schema\/person\/image\/","url":"https:\/\/secure.gravatar.com\/avatar\/4e3d1b4ba20db56c5c7cda805db9aa90e8ae36f8cd48a7e189f21124a32188a7?s=96&d=mm&r=g","contentUrl":"https:\/\/secure.gravatar.com\/avatar\/4e3d1b4ba20db56c5c7cda805db9aa90e8ae36f8cd48a7e189f21124a32188a7?s=96&d=mm&r=g","caption":"admin"},"sameAs":["http:\/\/ehlendergisi.com"],"url":"http:\/\/ehlendergisi.com\/index.php\/author\/admin\/"}]}},"amp_enabled":true,"_links":{"self":[{"href":"http:\/\/ehlendergisi.com\/index.php\/wp-json\/wp\/v2\/posts\/613","targetHints":{"allow":["GET"]}}],"collection":[{"href":"http:\/\/ehlendergisi.com\/index.php\/wp-json\/wp\/v2\/posts"}],"about":[{"href":"http:\/\/ehlendergisi.com\/index.php\/wp-json\/wp\/v2\/types\/post"}],"author":[{"embeddable":true,"href":"http:\/\/ehlendergisi.com\/index.php\/wp-json\/wp\/v2\/users\/1"}],"replies":[{"embeddable":true,"href":"http:\/\/ehlendergisi.com\/index.php\/wp-json\/wp\/v2\/comments?post=613"}],"version-history":[{"count":1,"href":"http:\/\/ehlendergisi.com\/index.php\/wp-json\/wp\/v2\/posts\/613\/revisions"}],"predecessor-version":[{"id":614,"href":"http:\/\/ehlendergisi.com\/index.php\/wp-json\/wp\/v2\/posts\/613\/revisions\/614"}],"wp:featuredmedia":[{"embeddable":true,"href":"http:\/\/ehlendergisi.com\/index.php\/wp-json\/wp\/v2\/media\/590"}],"wp:attachment":[{"href":"http:\/\/ehlendergisi.com\/index.php\/wp-json\/wp\/v2\/media?parent=613"}],"wp:term":[{"taxonomy":"category","embeddable":true,"href":"http:\/\/ehlendergisi.com\/index.php\/wp-json\/wp\/v2\/categories?post=613"},{"taxonomy":"post_tag","embeddable":true,"href":"http:\/\/ehlendergisi.com\/index.php\/wp-json\/wp\/v2\/tags?post=613"}],"curies":[{"name":"wp","href":"https:\/\/api.w.org\/{rel}","templated":true}]}}