{"id":1291,"date":"2026-01-01T16:18:24","date_gmt":"2026-01-01T16:18:24","guid":{"rendered":"https:\/\/ehlendergisi.com\/?p=1291"},"modified":"2026-01-02T09:22:59","modified_gmt":"2026-01-02T09:22:59","slug":"hayat-dusler-ve-gercekler","status":"publish","type":"post","link":"https:\/\/ehlendergisi.com\/index.php\/2026\/01\/01\/hayat-dusler-ve-gercekler\/","title":{"rendered":"Hayat, D\u00fc\u015fler ve Ger\u00e7ekler"},"content":{"rendered":"\n<p><strong>\u015eakirbaki \u00dcn<\/strong><\/p>\n\n\n\n<p>K\u0131r\u0131k d\u00f6k\u00fck bir hayat\u0131n an\u0131lar\u0131n\u0131 d\u00fc\u015f\u00fcn\u00fcrken, bir yaran\u0131n s\u0131z\u0131s\u0131 gibi kanad\u0131 y\u00fcre\u011fim. Evimizin basamaklar\u0131na s\u0131ra s\u0131ra dizilmi\u015f \u00e7i\u00e7eklerimizi her ak\u015fam, b\u00fcy\u00fck bir tabiat sevgisiyle sulamak annemin sorumluluklar\u0131 aras\u0131ndayd\u0131 (T\u0131pk\u0131, k\u00fc\u00e7\u00fck bah\u00e7emizdeki Kuma\u015f adl\u0131 kahverengi k\u00f6pe\u011fimize g\u00f6z\u00fc gibi bak\u0131p beslemesi, haftada bir babamla birlikte bizi koca le\u011fen\u00e7ede y\u0131kad\u0131\u011f\u0131 gibi onu da y\u0131kamas\u0131 gibi). Ye\u015fil, ye\u015fil bak\u0131\u015flar\u0131yla \u00e7i\u00e7eklerini s\u00fczerken, onlarla m\u0131r\u0131lda\u015f\u0131rken g\u00f6zlerinin rengi d\u00fc\u015ferdi yapraklar\u0131n \u00fczerine, p\u0131r\u0131l, p\u0131r\u0131l.&nbsp;&nbsp;\u00c7i\u00e7eklerin saks\u0131lar\u0131 da onun i\u00e7in \u00e7ok \u00f6nemli ve k\u0131ymetliydi. Babam z\u00fcccaciyecilik ile i\u015ftigal etmeden \u00f6nce, cerecilik yapt\u0131\u011f\u0131 zamanlarda (1950-1965) o saks\u0131lar\u0131 yapm\u0131\u015f, f\u0131r\u0131nlam\u0131\u015f ve anneme hediye etmi\u015f.&nbsp;<\/p>\n\n\n\n<p>-G\u00fcl\u00fcm, hediye mi be\u011fendin mi?<\/p>\n\n\n\n<p>-Be\u011fenmez olur muyum! Beni ya\u011f ve gaz tenekelerinden kurtard\u0131n. Y\u00fcre\u011fine sa\u011fl\u0131k G\u00fcl\u00fcm.&nbsp;<\/p>\n\n\n\n<p>Mahallemizin Adanal\u0131 G\u00fczel Gelini, g\u00f6n\u00fcllerin sultan\u0131 annem, &#8220;\u00d6mr\u00fcmce ald\u0131\u011f\u0131m en g\u00fczel hediye bu saks\u0131lard\u0131r&#8221; diye, bize babamdan ve saks\u0131lardan \u00f6vg\u00fcyle bahsederdi.<\/p>\n\n\n\n<p>Okaliptus a\u011fa\u00e7lar\u0131nda s\u0131\u011f\u0131rc\u0131klar\u0131n sustu\u011fu o ak\u015fam \u00fczerleri, Radyo&#8217;da T\u00fcrk Sanat M\u00fczi\u011fi ba\u015flard\u0131. \u0130\u015fte, Nesrin Sipahi; Pembe k\u00fc\u00e7\u00fck duda\u011f\u0131n, s\u00f6yledi \u015fark\u0131m\u0131z\u0131, indi bahar Ankara\u2019n\u0131n sisli yama\u00e7lar\u0131na, i\u00e7li sesin ah ne kadar a\u00e7t\u0131, g\u00f6n\u00fcl yaras\u0131n\u0131&#8230;<\/p>\n\n\n\n<p>G\u00f6n\u00fcl yaras\u0131! \u015eark\u0131, y\u00fcre\u011fimde k\u00fcllendirdi\u011fim, unuttu\u011fum, tek tarafl\u0131, gizli bana yeniden hat\u0131rlat\u0131yor. Y\u00fcre\u011fim s\u0131zl\u0131yor. Ellerim cebimde bo\u015f bo\u015f ama\u00e7s\u0131z&nbsp;&nbsp;sokaklar\u0131 ar\u015f\u0131nl\u0131yorum.&nbsp;Ellerim cebimde; cep delik, cepken delik, derin bir h\u00fcz\u00fcnle lakin, tesellisiz isyanlarla sokaklar\u0131 avare avare dola\u015f\u0131yorum. Al\u0131\u015fk\u0131n\u0131m, daha do\u011frusu \u015ferbetliyim, \u00e7ok da dert etmiyorum. Evden okula; nereden baksan, 5-6 km., y\u00fcr\u00fcyerek gidip geliyorum. Futbol oynad\u0131\u011f\u0131m tak\u0131m\u0131n idman ve ma\u00e7lar\u0131na da hep y\u00fcr\u00fcyerek gidip geliyorum. Tarsusg\u00fcc\u00fc, hey gidi\u2026&nbsp;&nbsp;<\/p>\n\n\n\n<p>Kimselere cepken ve ceplerimin delik oldu\u011funu sezdirmiyorum. Bir okul d\u00f6n\u00fc\u015f\u00fc, yorgun arg\u0131n kendimi yata\u011f\u0131ma at\u0131yorum. Ellerim ba\u015f\u0131m\u0131n arkas\u0131nda, g\u00f6zlerim yatak odam\u0131n duvarlar\u0131na \u00f6zenle yerle\u015ftirdi\u011fim sanat\u00e7\u0131lar\u0131m\u0131z\u0131n foto\u011fraflar\u0131nda. G\u00f6zlerim puslu yaln\u0131zl\u0131klar\u0131nda. Birden duvarda bir hareketlilik ba\u015fl\u0131yor. Cem Karaca ve Dada\u015flar, tamirci ile kar\u015f\u0131mda. &#8220;\u0130\u015f\u00e7isin sen i\u015f\u00e7i kal, Ustam, giy dedi tulumlar&#8230; Kendi hayal k\u0131r\u0131kl\u0131\u011f\u0131m\u0131 d\u00fc\u015fl\u00fcyorum. Oysa babam\u0131n i\u015fleri bozulmadan \u00f6nce ne kadar sade ve mutlu bir hayat\u0131m\u0131z vard\u0131. \u015eimdi de Tanju Okan, &#8220;Kad\u0131n\u0131m&#8221; diyor. &#8220;E\u015fyalar toplanm\u0131\u015f seninle birlikte, an\u0131lar sa\u00e7\u0131lm\u0131\u015f odaya her yana&#8230; ben de \u015fark\u0131yla birlikte tespih taneleri gibi da\u011f\u0131l\u0131yorum, odaya. \u015eu duvardaki kad\u0131n, H\u00fclya Darcan. Sevdi\u011fim k\u0131za da bir benziyor ki&#8230;&nbsp;<\/p>\n\n\n\n<p>Kendimi toparl\u0131yorum. Neyse ne ya&#8230; Kap\u0131m\u0131 t\u0131k, t\u0131k vurarak annem i\u00e7eri giriyor. Nas\u0131lda ye\u015fil ye\u015fil g\u00fczel bak\u0131yor, Adanal\u0131 Gelin, Arap k\u0131z\u0131. Can\u0131m benim, kar\u015f\u0131l\u0131ks\u0131z sevginin tek adresi. &#8220;Al O\u011flum&#8221; yaz\u0131 masam\u0131n \u00fczerine 100 lira b\u0131rak\u0131yor. &#8220;Bug\u00fcn maa\u015f ald\u0131k, g\u00fcle g\u00fcle harca&#8230;&#8221; bir de yana\u011f\u0131ma \u00f6p\u00fcc\u00fck konduruyor ve gidiyor. \u0130yi ki, bir de sokaklar var. Dost bildi\u011fim kald\u0131r\u0131mlar ve yaln\u0131zl\u0131\u011f\u0131m. Sevdi\u011fim k\u0131z\u0131n kap\u0131s\u0131n\u0131n \u00f6n\u00fcnden bu \u00fc\u00e7\u00fcnc\u00fc ge\u00e7i\u015fim. G\u00f6remiyorum. Olsun, yar\u0131n okulda g\u00f6rece\u011fim ya&#8230; Seni sevece\u011fim, hep sevece\u011fim, bilmesen de&#8230;<\/p>\n\n\n\n<p>H\u00fcz\u00fcnl\u00fc duygular\u0131ma ra\u011fmen isyanlarda de\u011filim. \u00c7\u00fcnk\u00fc, kendimi biliyorum. Ona hi\u00e7bir zaman ula\u015famayaca\u011f\u0131m\u0131 da.<\/p>\n\n\n\n<p>Uzun zamand\u0131r&nbsp;&nbsp;biliyorum ki, zaman mevsim, mevsimler ise ge\u00e7icidir. \u0130\u015fte b\u00f6yle, k\u0131r\u0131k d\u00f6k\u00fck bir gen\u00e7likten geriye kalan hat\u0131ralar, Sonbahar&nbsp;&nbsp;yapraklar\u0131 gibi d\u00fc\u015ferken y\u00fcre\u011fimden d\u00fc\u015flerim kirpiklerimde tak\u0131l\u0131 kal\u0131yor&#8230;<\/p>\n\n\n\n<p><\/p>\n\n\n\n<p>(Ehlen Dergisi\u2019nin 8-9. say\u0131s\u0131nda yay\u0131mlanm\u0131\u015ft\u0131r, Eyl\u00fcl 2025, Y\u0131l:3 Say\u0131:8-9)<\/p>\n","protected":false},"excerpt":{"rendered":"<p>\u015eakirbaki \u00dcn K\u0131r\u0131k d\u00f6k\u00fck bir hayat\u0131n an\u0131lar\u0131n\u0131 d\u00fc\u015f\u00fcn\u00fcrken, bir yaran\u0131n s\u0131z\u0131s\u0131 gibi kanad\u0131 y\u00fcre\u011fim. Evimizin basamaklar\u0131na s\u0131ra s\u0131ra dizilmi\u015f \u00e7i\u00e7eklerimizi her ak\u015fam, b\u00fcy\u00fck bir tabiat sevgisiyle sulamak annemin sorumluluklar\u0131 aras\u0131ndayd\u0131 (T\u0131pk\u0131, k\u00fc\u00e7\u00fck bah\u00e7emizdeki Kuma\u015f adl\u0131 kahverengi k\u00f6pe\u011fimize g\u00f6z\u00fc gibi bak\u0131p beslemesi, haftada bir babamla birlikte bizi koca le\u011fen\u00e7ede y\u0131kad\u0131\u011f\u0131 gibi onu da y\u0131kamas\u0131 gibi). Ye\u015fil, [&hellip;]<\/p>\n","protected":false},"author":1,"featured_media":1293,"comment_status":"closed","ping_status":"open","sticky":false,"template":"","format":"standard","meta":{"tdm_status":"","tdm_grid_status":"","footnotes":""},"categories":[6],"tags":[],"class_list":{"0":"post-1291","1":"post","2":"type-post","3":"status-publish","4":"format-standard","5":"has-post-thumbnail","7":"category-kultur"},"yoast_head":"<!-- This site is optimized with the Yoast SEO plugin v26.6 - https:\/\/yoast.com\/wordpress\/plugins\/seo\/ -->\n<title>Hayat, D\u00fc\u015fler ve Ger\u00e7ekler - ehlen<\/title>\n<meta name=\"description\" content=\"k\u0131r\u0131k d\u00f6k\u00fck bir gen\u00e7likten geriye kalan hat\u0131ralar, Sonbahar\u00a0\u00a0yapraklar\u0131 gibi d\u00fc\u015ferken y\u00fcre\u011fimden d\u00fc\u015flerim kirpiklerimde tak\u0131l\u0131 kal\u0131yor.\" \/>\n<meta name=\"robots\" content=\"index, follow, max-snippet:-1, max-image-preview:large, max-video-preview:-1\" \/>\n<link rel=\"canonical\" href=\"http:\/\/ehlendergisi.com\/index.php\/2026\/01\/01\/hayat-dusler-ve-gercekler\/\" \/>\n<meta property=\"og:locale\" content=\"tr_TR\" \/>\n<meta property=\"og:type\" content=\"article\" \/>\n<meta property=\"og:title\" content=\"Hayat, D\u00fc\u015fler ve Ger\u00e7ekler - ehlen\" \/>\n<meta property=\"og:description\" content=\"k\u0131r\u0131k d\u00f6k\u00fck bir gen\u00e7likten geriye kalan hat\u0131ralar, Sonbahar\u00a0\u00a0yapraklar\u0131 gibi d\u00fc\u015ferken y\u00fcre\u011fimden d\u00fc\u015flerim kirpiklerimde tak\u0131l\u0131 kal\u0131yor.\" \/>\n<meta property=\"og:url\" content=\"http:\/\/ehlendergisi.com\/index.php\/2026\/01\/01\/hayat-dusler-ve-gercekler\/\" \/>\n<meta property=\"og:site_name\" content=\"ehlen\" \/>\n<meta property=\"article:publisher\" content=\"https:\/\/www.facebook.com\/ehlendergisi\/?locale=tr_TR\" \/>\n<meta property=\"article:published_time\" content=\"2026-01-01T16:18:24+00:00\" \/>\n<meta property=\"article:modified_time\" content=\"2026-01-02T09:22:59+00:00\" \/>\n<meta property=\"og:image\" content=\"http:\/\/ehlendergisi.com\/wp-content\/uploads\/2026\/01\/WhatsApp-Image-2025-09-23-at-19.15.29.jpeg\" \/>\n\t<meta property=\"og:image:width\" content=\"1500\" \/>\n\t<meta property=\"og:image:height\" content=\"2000\" \/>\n\t<meta property=\"og:image:type\" content=\"image\/jpeg\" \/>\n<meta name=\"author\" content=\"admin\" \/>\n<meta name=\"twitter:card\" content=\"summary_large_image\" \/>\n<meta name=\"twitter:creator\" content=\"@yenidenehlen\" \/>\n<meta name=\"twitter:site\" content=\"@yenidenehlen\" \/>\n<meta name=\"twitter:label1\" content=\"Yazan:\" \/>\n\t<meta name=\"twitter:data1\" content=\"admin\" \/>\n\t<meta name=\"twitter:label2\" content=\"Tahmini okuma s\u00fcresi\" \/>\n\t<meta name=\"twitter:data2\" content=\"3 dakika\" \/>\n<script type=\"application\/ld+json\" class=\"yoast-schema-graph\">{\"@context\":\"https:\/\/schema.org\",\"@graph\":[{\"@type\":\"Article\",\"@id\":\"http:\/\/ehlendergisi.com\/index.php\/2026\/01\/01\/hayat-dusler-ve-gercekler\/#article\",\"isPartOf\":{\"@id\":\"http:\/\/ehlendergisi.com\/index.php\/2026\/01\/01\/hayat-dusler-ve-gercekler\/\"},\"author\":{\"name\":\"admin\",\"@id\":\"https:\/\/ehlendergisi.com\/#\/schema\/person\/de94365e0837ae704e10d1723547402a\"},\"headline\":\"Hayat, D\u00fc\u015fler ve Ger\u00e7ekler\",\"datePublished\":\"2026-01-01T16:18:24+00:00\",\"dateModified\":\"2026-01-02T09:22:59+00:00\",\"mainEntityOfPage\":{\"@id\":\"http:\/\/ehlendergisi.com\/index.php\/2026\/01\/01\/hayat-dusler-ve-gercekler\/\"},\"wordCount\":747,\"publisher\":{\"@id\":\"https:\/\/ehlendergisi.com\/#organization\"},\"image\":{\"@id\":\"http:\/\/ehlendergisi.com\/index.php\/2026\/01\/01\/hayat-dusler-ve-gercekler\/#primaryimage\"},\"thumbnailUrl\":\"https:\/\/ehlendergisi.com\/wp-content\/uploads\/2026\/01\/WhatsApp-Image-2025-09-23-at-19.15.29.jpeg\",\"articleSection\":[\"K\u00fclt\u00fcr\"],\"inLanguage\":\"tr\"},{\"@type\":\"WebPage\",\"@id\":\"http:\/\/ehlendergisi.com\/index.php\/2026\/01\/01\/hayat-dusler-ve-gercekler\/\",\"url\":\"http:\/\/ehlendergisi.com\/index.php\/2026\/01\/01\/hayat-dusler-ve-gercekler\/\",\"name\":\"Hayat, D\u00fc\u015fler ve Ger\u00e7ekler - ehlen\",\"isPartOf\":{\"@id\":\"https:\/\/ehlendergisi.com\/#website\"},\"primaryImageOfPage\":{\"@id\":\"http:\/\/ehlendergisi.com\/index.php\/2026\/01\/01\/hayat-dusler-ve-gercekler\/#primaryimage\"},\"image\":{\"@id\":\"http:\/\/ehlendergisi.com\/index.php\/2026\/01\/01\/hayat-dusler-ve-gercekler\/#primaryimage\"},\"thumbnailUrl\":\"https:\/\/ehlendergisi.com\/wp-content\/uploads\/2026\/01\/WhatsApp-Image-2025-09-23-at-19.15.29.jpeg\",\"datePublished\":\"2026-01-01T16:18:24+00:00\",\"dateModified\":\"2026-01-02T09:22:59+00:00\",\"description\":\"k\u0131r\u0131k d\u00f6k\u00fck bir gen\u00e7likten geriye kalan hat\u0131ralar, Sonbahar\u00a0\u00a0yapraklar\u0131 gibi d\u00fc\u015ferken y\u00fcre\u011fimden d\u00fc\u015flerim kirpiklerimde tak\u0131l\u0131 kal\u0131yor.\",\"breadcrumb\":{\"@id\":\"http:\/\/ehlendergisi.com\/index.php\/2026\/01\/01\/hayat-dusler-ve-gercekler\/#breadcrumb\"},\"inLanguage\":\"tr\",\"potentialAction\":[{\"@type\":\"ReadAction\",\"target\":[\"http:\/\/ehlendergisi.com\/index.php\/2026\/01\/01\/hayat-dusler-ve-gercekler\/\"]}]},{\"@type\":\"ImageObject\",\"inLanguage\":\"tr\",\"@id\":\"http:\/\/ehlendergisi.com\/index.php\/2026\/01\/01\/hayat-dusler-ve-gercekler\/#primaryimage\",\"url\":\"https:\/\/ehlendergisi.com\/wp-content\/uploads\/2026\/01\/WhatsApp-Image-2025-09-23-at-19.15.29.jpeg\",\"contentUrl\":\"https:\/\/ehlendergisi.com\/wp-content\/uploads\/2026\/01\/WhatsApp-Image-2025-09-23-at-19.15.29.jpeg\",\"width\":1500,\"height\":2000},{\"@type\":\"BreadcrumbList\",\"@id\":\"http:\/\/ehlendergisi.com\/index.php\/2026\/01\/01\/hayat-dusler-ve-gercekler\/#breadcrumb\",\"itemListElement\":[{\"@type\":\"ListItem\",\"position\":1,\"name\":\"Anasayfa\",\"item\":\"https:\/\/ehlendergisi.com\/\"},{\"@type\":\"ListItem\",\"position\":2,\"name\":\"Hayat, D\u00fc\u015fler ve Ger\u00e7ekler\"}]},{\"@type\":\"WebSite\",\"@id\":\"https:\/\/ehlendergisi.com\/#website\",\"url\":\"https:\/\/ehlendergisi.com\/\",\"name\":\"ehlen\",\"description\":\"k\u00fclt\u00fcr, sanat, siyaset dergisi\",\"publisher\":{\"@id\":\"https:\/\/ehlendergisi.com\/#organization\"},\"potentialAction\":[{\"@type\":\"SearchAction\",\"target\":{\"@type\":\"EntryPoint\",\"urlTemplate\":\"https:\/\/ehlendergisi.com\/?s={search_term_string}\"},\"query-input\":{\"@type\":\"PropertyValueSpecification\",\"valueRequired\":true,\"valueName\":\"search_term_string\"}}],\"inLanguage\":\"tr\"},{\"@type\":\"Organization\",\"@id\":\"https:\/\/ehlendergisi.com\/#organization\",\"name\":\"ehlen\",\"url\":\"https:\/\/ehlendergisi.com\/\",\"logo\":{\"@type\":\"ImageObject\",\"inLanguage\":\"tr\",\"@id\":\"https:\/\/ehlendergisi.com\/#\/schema\/logo\/image\/\",\"url\":\"https:\/\/ehlendergisi.com\/wp-content\/uploads\/2023\/06\/IMG_9500404081E2-1-2.jpeg\",\"contentUrl\":\"https:\/\/ehlendergisi.com\/wp-content\/uploads\/2023\/06\/IMG_9500404081E2-1-2.jpeg\",\"width\":2560,\"height\":1341,\"caption\":\"ehlen\"},\"image\":{\"@id\":\"https:\/\/ehlendergisi.com\/#\/schema\/logo\/image\/\"},\"sameAs\":[\"https:\/\/www.facebook.com\/ehlendergisi\/?locale=tr_TR\",\"https:\/\/x.com\/yenidenehlen\"]},{\"@type\":\"Person\",\"@id\":\"https:\/\/ehlendergisi.com\/#\/schema\/person\/de94365e0837ae704e10d1723547402a\",\"name\":\"admin\",\"image\":{\"@type\":\"ImageObject\",\"inLanguage\":\"tr\",\"@id\":\"https:\/\/ehlendergisi.com\/#\/schema\/person\/image\/\",\"url\":\"https:\/\/secure.gravatar.com\/avatar\/4e3d1b4ba20db56c5c7cda805db9aa90e8ae36f8cd48a7e189f21124a32188a7?s=96&d=mm&r=g\",\"contentUrl\":\"https:\/\/secure.gravatar.com\/avatar\/4e3d1b4ba20db56c5c7cda805db9aa90e8ae36f8cd48a7e189f21124a32188a7?s=96&d=mm&r=g\",\"caption\":\"admin\"},\"sameAs\":[\"http:\/\/ehlendergisi.com\"],\"url\":\"https:\/\/ehlendergisi.com\/index.php\/author\/admin\/\"}]}<\/script>\n<!-- \/ Yoast SEO plugin. -->","yoast_head_json":{"title":"Hayat, D\u00fc\u015fler ve Ger\u00e7ekler - ehlen","description":"k\u0131r\u0131k d\u00f6k\u00fck bir gen\u00e7likten geriye kalan hat\u0131ralar, Sonbahar\u00a0\u00a0yapraklar\u0131 gibi d\u00fc\u015ferken y\u00fcre\u011fimden d\u00fc\u015flerim kirpiklerimde tak\u0131l\u0131 kal\u0131yor.","robots":{"index":"index","follow":"follow","max-snippet":"max-snippet:-1","max-image-preview":"max-image-preview:large","max-video-preview":"max-video-preview:-1"},"canonical":"http:\/\/ehlendergisi.com\/index.php\/2026\/01\/01\/hayat-dusler-ve-gercekler\/","og_locale":"tr_TR","og_type":"article","og_title":"Hayat, D\u00fc\u015fler ve Ger\u00e7ekler - ehlen","og_description":"k\u0131r\u0131k d\u00f6k\u00fck bir gen\u00e7likten geriye kalan hat\u0131ralar, Sonbahar\u00a0\u00a0yapraklar\u0131 gibi d\u00fc\u015ferken y\u00fcre\u011fimden d\u00fc\u015flerim kirpiklerimde tak\u0131l\u0131 kal\u0131yor.","og_url":"http:\/\/ehlendergisi.com\/index.php\/2026\/01\/01\/hayat-dusler-ve-gercekler\/","og_site_name":"ehlen","article_publisher":"https:\/\/www.facebook.com\/ehlendergisi\/?locale=tr_TR","article_published_time":"2026-01-01T16:18:24+00:00","article_modified_time":"2026-01-02T09:22:59+00:00","og_image":[{"width":1500,"height":2000,"url":"http:\/\/ehlendergisi.com\/wp-content\/uploads\/2026\/01\/WhatsApp-Image-2025-09-23-at-19.15.29.jpeg","type":"image\/jpeg"}],"author":"admin","twitter_card":"summary_large_image","twitter_creator":"@yenidenehlen","twitter_site":"@yenidenehlen","twitter_misc":{"Yazan:":"admin","Tahmini okuma s\u00fcresi":"3 dakika"},"schema":{"@context":"https:\/\/schema.org","@graph":[{"@type":"Article","@id":"http:\/\/ehlendergisi.com\/index.php\/2026\/01\/01\/hayat-dusler-ve-gercekler\/#article","isPartOf":{"@id":"http:\/\/ehlendergisi.com\/index.php\/2026\/01\/01\/hayat-dusler-ve-gercekler\/"},"author":{"name":"admin","@id":"https:\/\/ehlendergisi.com\/#\/schema\/person\/de94365e0837ae704e10d1723547402a"},"headline":"Hayat, D\u00fc\u015fler ve Ger\u00e7ekler","datePublished":"2026-01-01T16:18:24+00:00","dateModified":"2026-01-02T09:22:59+00:00","mainEntityOfPage":{"@id":"http:\/\/ehlendergisi.com\/index.php\/2026\/01\/01\/hayat-dusler-ve-gercekler\/"},"wordCount":747,"publisher":{"@id":"https:\/\/ehlendergisi.com\/#organization"},"image":{"@id":"http:\/\/ehlendergisi.com\/index.php\/2026\/01\/01\/hayat-dusler-ve-gercekler\/#primaryimage"},"thumbnailUrl":"https:\/\/ehlendergisi.com\/wp-content\/uploads\/2026\/01\/WhatsApp-Image-2025-09-23-at-19.15.29.jpeg","articleSection":["K\u00fclt\u00fcr"],"inLanguage":"tr"},{"@type":"WebPage","@id":"http:\/\/ehlendergisi.com\/index.php\/2026\/01\/01\/hayat-dusler-ve-gercekler\/","url":"http:\/\/ehlendergisi.com\/index.php\/2026\/01\/01\/hayat-dusler-ve-gercekler\/","name":"Hayat, D\u00fc\u015fler ve Ger\u00e7ekler - ehlen","isPartOf":{"@id":"https:\/\/ehlendergisi.com\/#website"},"primaryImageOfPage":{"@id":"http:\/\/ehlendergisi.com\/index.php\/2026\/01\/01\/hayat-dusler-ve-gercekler\/#primaryimage"},"image":{"@id":"http:\/\/ehlendergisi.com\/index.php\/2026\/01\/01\/hayat-dusler-ve-gercekler\/#primaryimage"},"thumbnailUrl":"https:\/\/ehlendergisi.com\/wp-content\/uploads\/2026\/01\/WhatsApp-Image-2025-09-23-at-19.15.29.jpeg","datePublished":"2026-01-01T16:18:24+00:00","dateModified":"2026-01-02T09:22:59+00:00","description":"k\u0131r\u0131k d\u00f6k\u00fck bir gen\u00e7likten geriye kalan hat\u0131ralar, Sonbahar\u00a0\u00a0yapraklar\u0131 gibi d\u00fc\u015ferken y\u00fcre\u011fimden d\u00fc\u015flerim kirpiklerimde tak\u0131l\u0131 kal\u0131yor.","breadcrumb":{"@id":"http:\/\/ehlendergisi.com\/index.php\/2026\/01\/01\/hayat-dusler-ve-gercekler\/#breadcrumb"},"inLanguage":"tr","potentialAction":[{"@type":"ReadAction","target":["http:\/\/ehlendergisi.com\/index.php\/2026\/01\/01\/hayat-dusler-ve-gercekler\/"]}]},{"@type":"ImageObject","inLanguage":"tr","@id":"http:\/\/ehlendergisi.com\/index.php\/2026\/01\/01\/hayat-dusler-ve-gercekler\/#primaryimage","url":"https:\/\/ehlendergisi.com\/wp-content\/uploads\/2026\/01\/WhatsApp-Image-2025-09-23-at-19.15.29.jpeg","contentUrl":"https:\/\/ehlendergisi.com\/wp-content\/uploads\/2026\/01\/WhatsApp-Image-2025-09-23-at-19.15.29.jpeg","width":1500,"height":2000},{"@type":"BreadcrumbList","@id":"http:\/\/ehlendergisi.com\/index.php\/2026\/01\/01\/hayat-dusler-ve-gercekler\/#breadcrumb","itemListElement":[{"@type":"ListItem","position":1,"name":"Anasayfa","item":"https:\/\/ehlendergisi.com\/"},{"@type":"ListItem","position":2,"name":"Hayat, D\u00fc\u015fler ve Ger\u00e7ekler"}]},{"@type":"WebSite","@id":"https:\/\/ehlendergisi.com\/#website","url":"https:\/\/ehlendergisi.com\/","name":"ehlen","description":"k\u00fclt\u00fcr, sanat, siyaset dergisi","publisher":{"@id":"https:\/\/ehlendergisi.com\/#organization"},"potentialAction":[{"@type":"SearchAction","target":{"@type":"EntryPoint","urlTemplate":"https:\/\/ehlendergisi.com\/?s={search_term_string}"},"query-input":{"@type":"PropertyValueSpecification","valueRequired":true,"valueName":"search_term_string"}}],"inLanguage":"tr"},{"@type":"Organization","@id":"https:\/\/ehlendergisi.com\/#organization","name":"ehlen","url":"https:\/\/ehlendergisi.com\/","logo":{"@type":"ImageObject","inLanguage":"tr","@id":"https:\/\/ehlendergisi.com\/#\/schema\/logo\/image\/","url":"https:\/\/ehlendergisi.com\/wp-content\/uploads\/2023\/06\/IMG_9500404081E2-1-2.jpeg","contentUrl":"https:\/\/ehlendergisi.com\/wp-content\/uploads\/2023\/06\/IMG_9500404081E2-1-2.jpeg","width":2560,"height":1341,"caption":"ehlen"},"image":{"@id":"https:\/\/ehlendergisi.com\/#\/schema\/logo\/image\/"},"sameAs":["https:\/\/www.facebook.com\/ehlendergisi\/?locale=tr_TR","https:\/\/x.com\/yenidenehlen"]},{"@type":"Person","@id":"https:\/\/ehlendergisi.com\/#\/schema\/person\/de94365e0837ae704e10d1723547402a","name":"admin","image":{"@type":"ImageObject","inLanguage":"tr","@id":"https:\/\/ehlendergisi.com\/#\/schema\/person\/image\/","url":"https:\/\/secure.gravatar.com\/avatar\/4e3d1b4ba20db56c5c7cda805db9aa90e8ae36f8cd48a7e189f21124a32188a7?s=96&d=mm&r=g","contentUrl":"https:\/\/secure.gravatar.com\/avatar\/4e3d1b4ba20db56c5c7cda805db9aa90e8ae36f8cd48a7e189f21124a32188a7?s=96&d=mm&r=g","caption":"admin"},"sameAs":["http:\/\/ehlendergisi.com"],"url":"https:\/\/ehlendergisi.com\/index.php\/author\/admin\/"}]}},"amp_enabled":true,"_links":{"self":[{"href":"https:\/\/ehlendergisi.com\/index.php\/wp-json\/wp\/v2\/posts\/1291","targetHints":{"allow":["GET"]}}],"collection":[{"href":"https:\/\/ehlendergisi.com\/index.php\/wp-json\/wp\/v2\/posts"}],"about":[{"href":"https:\/\/ehlendergisi.com\/index.php\/wp-json\/wp\/v2\/types\/post"}],"author":[{"embeddable":true,"href":"https:\/\/ehlendergisi.com\/index.php\/wp-json\/wp\/v2\/users\/1"}],"replies":[{"embeddable":true,"href":"https:\/\/ehlendergisi.com\/index.php\/wp-json\/wp\/v2\/comments?post=1291"}],"version-history":[{"count":2,"href":"https:\/\/ehlendergisi.com\/index.php\/wp-json\/wp\/v2\/posts\/1291\/revisions"}],"predecessor-version":[{"id":1318,"href":"https:\/\/ehlendergisi.com\/index.php\/wp-json\/wp\/v2\/posts\/1291\/revisions\/1318"}],"wp:featuredmedia":[{"embeddable":true,"href":"https:\/\/ehlendergisi.com\/index.php\/wp-json\/wp\/v2\/media\/1293"}],"wp:attachment":[{"href":"https:\/\/ehlendergisi.com\/index.php\/wp-json\/wp\/v2\/media?parent=1291"}],"wp:term":[{"taxonomy":"category","embeddable":true,"href":"https:\/\/ehlendergisi.com\/index.php\/wp-json\/wp\/v2\/categories?post=1291"},{"taxonomy":"post_tag","embeddable":true,"href":"https:\/\/ehlendergisi.com\/index.php\/wp-json\/wp\/v2\/tags?post=1291"}],"curies":[{"name":"wp","href":"https:\/\/api.w.org\/{rel}","templated":true}]}}