{"id":1502,"date":"2026-04-04T09:25:58","date_gmt":"2026-04-04T09:25:58","guid":{"rendered":"https:\/\/ehlendergisi.com\/?p=1502"},"modified":"2026-04-04T09:26:17","modified_gmt":"2026-04-04T09:26:17","slug":"gecis-surecinin-kiskacinda-suriye-kurumsallasmis-hesap-verebilirlik-ile-yeniden-merkezilesme-arasinda-yolsuzlukla-mucadele","status":"publish","type":"post","link":"https:\/\/ehlendergisi.com\/index.php\/2026\/04\/04\/gecis-surecinin-kiskacinda-suriye-kurumsallasmis-hesap-verebilirlik-ile-yeniden-merkezilesme-arasinda-yolsuzlukla-mucadele\/","title":{"rendered":"Ge\u00e7i\u015f S\u00fcrecinin K\u0131skac\u0131nda Suriye: Kurumsalla\u015fm\u0131\u015f Hesap Verebilirlik ile Yeniden Merkezile\u015fme Aras\u0131nda Yolsuzlukla M\u00fccadele"},"content":{"rendered":"\n<p><strong> Jack Jabbour<\/strong><\/p>\n\n\n\n<p><em>(Ekonomik ara\u015ft\u0131rmac\u0131 Marco Olabi\u2019nin \u201cSyria in Figures\u201d ba\u015fl\u0131kl\u0131 \u00e7al\u0131\u015fmas\u0131na dayanan kar\u015f\u0131la\u015ft\u0131rmal\u0131 bir analiz)<\/em><\/p>\n\n\n\n<p>2024 y\u0131l\u0131n\u0131n sonlar\u0131nda Esad rejiminin \u00e7\u00f6k\u00fc\u015f\u00fc, ge\u00e7ici bir siyasi de\u011fi\u015fimin \u00f6tesinde bir anlam ta\u015f\u0131yordu; bu geli\u015fme, \u00f6zellikle sava\u015f y\u0131llar\u0131nda derinle\u015fen ve Suriye devletinin t\u00fcm katmanlar\u0131na sirayet etmi\u015f onlarca y\u0131ll\u0131k yap\u0131sal yolsuzluk miras\u0131yla do\u011frudan bir y\u00fczle\u015fmeyi ifade ediyordu. Bug\u00fcn \u201cyolsuzlukla m\u00fccadele\u201d g\u00fcndemi, bir siyasi l\u00fcks olmaktan ziyade, ya\u011fmalanm\u0131\u015f varl\u0131klar\u0131n geri kazan\u0131lmas\u0131 ve sars\u0131lm\u0131\u015f kamu g\u00fcveninin yeniden tesis edilmesi a\u00e7\u0131s\u0131ndan acil bir ekonomik zorunluluk olarak ge\u00e7i\u015f s\u00fcrecinin merkezine yerle\u015fmi\u015f durumda. Ancak at\u0131lan ad\u0131mlar yak\u0131ndan incelendi\u011finde, radikal reform y\u00f6n\u00fcnde samimi bir irade ile \u201cd\u00fcr\u00fcstl\u00fck\u201d s\u00f6ylemi alt\u0131nda yeni bir otoriter modele geri kayma riski aras\u0131nda gidip gelen karma\u015f\u0131k bir tablo ortaya \u00e7\u0131kmaktad\u0131r.<\/p>\n\n\n\n<h3 class=\"wp-block-heading\"><strong>Denetimin \u201cKi\u015fiselle\u015ftirilmesi\u201d<\/strong><\/h3>\n\n\n\n<p>Denetim kurumlar\u0131n\u0131n yeni organizasyon yap\u0131s\u0131na bak\u0131ld\u0131\u011f\u0131nda, hem endi\u015fe verici hem de sorgulanmas\u0131 gereken temel bir de\u011fi\u015fim g\u00f6ze \u00e7arpmaktad\u0131r. Bu kurumlar\u0131n a\u00e7\u0131k bi\u00e7imde \u201cki\u015fiselle\u015ftirildi\u011fi\u201d, yani do\u011frudan cumhurba\u015fkanl\u0131\u011f\u0131 makam\u0131na ba\u011fland\u0131\u011f\u0131 g\u00f6r\u00fclmektedir. \u201cKara Para Aklama ve Ter\u00f6r\u00fcn Finansman\u0131 ile M\u00fccadele Komisyonu\u201d hari\u00e7 olmak \u00fczere, t\u00fcm temel denetim organlar\u0131 bulgular\u0131n\u0131 ve kararlar\u0131n\u0131 do\u011frudan y\u00fcr\u00fctmenin en \u00fcst d\u00fczeyine rapor etmektedir.<\/p>\n\n\n\n<p>Teorik olarak yasama organ\u0131 (Halk Meclisi) ile ba\u011flant\u0131s\u0131n\u0131 s\u00fcrd\u00fcrmesi beklenen Merkezi Denetim ve Tefti\u015f Kurumu dahi fiilen cumhurba\u015fkanl\u0131\u011f\u0131na tabi hale gelmi\u015ftir. Bu durum, denetleyenleri denetleyebilecek ger\u00e7ek anlamda ba\u011f\u0131ms\u0131z bir parlamentonun yoklu\u011funun do\u011frudan bir sonucudur. 5 Ekim 2025\u2019te \u015feklen ger\u00e7ekle\u015ftirilen se\u00e7imlerle olu\u015fturulan mevcut Suriye parlamentosu, Be\u015far Esad d\u00f6neminin \u201conay makam\u0131\u201d niteli\u011findeki meclislerinin dahi gerisinde kalmaktad\u0131r. Bu a\u015f\u0131r\u0131 merkezile\u015fme ciddi bir ikilem yaratmaktad\u0131r: Bu yap\u0131 hassas bir d\u00f6nemde hesap verebilirli\u011fi h\u0131zland\u0131rmak i\u00e7in mi tasarlanm\u0131\u015ft\u0131r, yoksa t\u00fcm g\u00fc\u00e7 ve veri ara\u00e7lar\u0131n\u0131 tek bir otoritenin elinde toplayan bir y\u00f6netim modelinin temelini mi atmaktad\u0131r? Bu y\u00f6nde ilerlemek, \u201cyolsuzlukla m\u00fccadele\u201dyi kapsaml\u0131 bir kurumsal s\u00fcre\u00e7 olmaktan \u00e7\u0131kararak se\u00e7ici tasfiyeler i\u00e7in kullan\u0131lan siyasi bir araca d\u00f6n\u00fc\u015ft\u00fcrme riski ta\u015f\u0131maktad\u0131r.<\/p>\n\n\n\n<h3 class=\"wp-block-heading\"><strong>Pragmatizm mi, Siyasi Bir Hara\u00e7 m\u0131?<\/strong><\/h3>\n\n\n\n<p>Siyasi ge\u00e7i\u015fi takip eden aylarda benzeri g\u00f6r\u00fclmemi\u015f bir soru\u015fturma faaliyeti ya\u015fanm\u0131\u015f; binlerce dosya a\u00e7\u0131lm\u0131\u015f ve y\u00fczlerce dosya yarg\u0131ya intikal ettirilmi\u015ftir. Ancak bu s\u00fcrecin belirleyici \u00f6zelli\u011fi klasik kamuya a\u00e7\u0131k yarg\u0131lamalar olmam\u0131\u015ft\u0131r. Bunun yerine, varl\u0131klar\u0131n geri kazan\u0131lmas\u0131nda \u201cmali uzla\u015fmalar\u201d pragmatik bir ara\u00e7 olarak \u00f6ne \u00e7\u0131km\u0131\u015ft\u0131r. Buna kar\u015f\u0131n temel bir soru yan\u0131ts\u0131z kalmaktad\u0131r: Bu paralar nereye gitmektedir? Kesin olan, kamu hazinesine y\u00f6nelmedi\u011fidir.<\/p>\n\n\n\n<p>Merkezi Mali Denetim Kurumu ve Gayrime\u015fru Servet Komitesi bu s\u00fcre\u00e7te kilit rol oynam\u0131\u015f; \u00f6nde gelen ekonomik akt\u00f6rler ve \u015firketlerle yap\u0131lan uzla\u015fmalar yoluyla y\u00fcz milyonlarca dolar de\u011ferinde varl\u0131\u011f\u0131n geri kazan\u0131ld\u0131\u011f\u0131n\u0131 a\u00e7\u0131klam\u0131\u015ft\u0131r. Bu kaynaklar teorik olarak t\u00fckenmi\u015f bir hazineyi canland\u0131rabilecek olsa da, varl\u0131klar\u0131n nas\u0131l de\u011ferlendi\u011fi, m\u00fczakere s\u00fcre\u00e7lerinin nas\u0131l y\u00fcr\u00fct\u00fcld\u00fc\u011f\u00fc ve en \u00f6nemlisi bu fonlar\u0131n nihai olarak nereye aktar\u0131ld\u0131\u011f\u0131 ve nas\u0131l da\u011f\u0131t\u0131ld\u0131\u011f\u0131 konusunda ciddi bir belirsizlik s\u00f6z konusudur. Bu \u201c\u015feffaf olmayan uzla\u015fma s\u00fcrecindeki\u201d belirsizlik, ge\u00e7i\u015f d\u00f6nemi adaleti olmas\u0131 gereken bir uygulamay\u0131, tam hukuki me\u015fruiyetten yoksun \u201csiyasi mali y\u00fck\u00fcml\u00fcl\u00fckler\u201de d\u00f6n\u00fc\u015ft\u00fcrmektedir.<\/p>\n\n\n\n<h3 class=\"wp-block-heading\"><strong>13 No\u2019lu Kararname \u0130kilemi: Hukuk ve Ger\u00e7eklik<\/strong><\/h3>\n\n\n\n<p>2025 tarihli 13 No\u2019lu Cumhurba\u015fkanl\u0131\u011f\u0131 Kararnamesi ile kurulan \u201cGayrime\u015fru Servet Komitesi\u201d, hukuki metin ile uygulama aras\u0131ndaki \u00e7eli\u015fkiyi a\u00e7\u0131k bi\u00e7imde ortaya koymaktad\u0131r. Hukuken (de jure), kararname komitenin yetkisini yaln\u0131zca serveti hukuka ayk\u0131r\u0131 bi\u00e7imde artm\u0131\u015f kamu g\u00f6revlileri ile sivil ve asker\u00ee personelle s\u0131n\u0131rland\u0131rmaktad\u0131r.<\/p>\n\n\n\n<p>Ancak fiiliyatta (de facto) odak noktas\u0131, eski rejimin finansal aya\u011f\u0131n\u0131 olu\u015fturan \u00f6zel sekt\u00f6r i\u015f insanlar\u0131 olmu\u015ftur. Bu durum ciddi hukuki tart\u0131\u015fmalar\u0131 beraberinde getirmektedir: Komite, \u201cesnek yorumlar\u201d yoluyla yetki alan\u0131n\u0131 \u00f6zel sekt\u00f6re geni\u015fletebilir mi? Yoksa bu t\u00fcr zay\u0131f bir hukuki zemine dayanmak, ileride elde edilen t\u00fcm varl\u0131klar\u0131n me\u015fruiyetinin sorgulanmas\u0131na m\u0131 yol a\u00e7acakt\u0131r? Yerle\u015fik hukuki \u00e7er\u00e7eveleri a\u015fan yolsuzlukla m\u00fccadele \u00e7abalar\u0131, Suriye\u2019nin acilen ihtiya\u00e7 duydu\u011fu uluslararas\u0131 g\u00fcveni ve yat\u0131r\u0131mc\u0131 ilgisini zedeleme riski ta\u015f\u0131maktad\u0131r.<\/p>\n\n\n\n<h3 class=\"wp-block-heading\"><strong>Reaktif M\u00fcdahale mi, \u00d6nleyici Yakla\u015f\u0131m m\u0131?<\/strong><\/h3>\n\n\n\n<p>Mevcut s\u00fcre\u00e7te g\u00f6z ard\u0131 edilen temel unsurlardan biri \u201c\u00f6nleme\u201ddir. Kara para aklama ve ter\u00f6r\u00fcn finansman\u0131 ile m\u00fccadeleye y\u00f6nelik kurumsal \u00e7er\u00e7eve h\u00e2l\u00e2 eksik ve etkisizdir. Bu nedenle yeni Suriye devleti h\u00e2l\u00e2 yang\u0131n \u00e7\u0131kt\u0131ktan sonra m\u00fcdahale eden bir \u201citfaiyeci\u201d rol\u00fcn\u00fc \u00fcstlenmekte; yolsuzluk ortaya \u00e7\u0131kt\u0131ktan sonra m\u00fcdahale etmekte, oysa dijital \u015feffafl\u0131k, yarg\u0131 ba\u011f\u0131ms\u0131zl\u0131\u011f\u0131 ve finansal verilerin serbestle\u015ftirilmesi yoluyla yolsuzluk odaklar\u0131n\u0131n en ba\u015ftan olu\u015fmas\u0131n\u0131 engelleyecek bir sistem kuramamaktad\u0131r.<\/p>\n\n\n\n<h3 class=\"wp-block-heading\"><strong>Sonu\u00e7: Yol Ayr\u0131m\u0131ndaki Suriye<\/strong><\/h3>\n\n\n\n<p>Suriye bug\u00fcn yaln\u0131zca \u201cyolsuz bireyler\u201dle m\u00fccadele etmemekte; ayn\u0131 zamanda bir \u201cd\u00fcr\u00fcstl\u00fck sistemi\u201d in\u015fa etme m\u00fccadelesi vermektedir. A\u015f\u0131r\u0131 merkezile\u015fme ve \u015feffaf olmayan uzla\u015fmalara dayanan mevcut yakla\u015f\u0131m k\u0131sa vadede mali kazan\u0131mlar sa\u011flayabilir; ancak uzun vadede \u201creform\u201d s\u00f6ylemi alt\u0131nda otoriter bir yap\u0131n\u0131n yeniden \u00fcretilmesi riskini bar\u0131nd\u0131rmaktad\u0131r.<\/p>\n\n\n\n<p>Yeni y\u00f6netimin \u00f6n\u00fcndeki tercih a\u00e7\u0131kt\u0131r: ya g\u00fc\u00e7ler ayr\u0131l\u0131\u011f\u0131n\u0131 tesis ederek yarg\u0131y\u0131, parlamentoyu ve sivil toplumu g\u00fc\u00e7lendiren ger\u00e7ek bir kurumsalla\u015fma s\u00fcrecine y\u00f6nelmek ya da yolsuzlukla m\u00fccadelenin g\u00fc\u00e7 yo\u011funla\u015ft\u0131rma ve hesapla\u015fma arac\u0131 olarak kullan\u0131ld\u0131\u011f\u0131 bir k\u0131s\u0131r d\u00f6ng\u00fc i\u00e7inde kalmak. Ger\u00e7ek ba\u015far\u0131, geri kazan\u0131lan milyonlarla de\u011fil; Suriye vatanda\u015f\u0131n\u0131n kurumlar\u0131na duydu\u011fu g\u00fcven d\u00fczeyi ve hukukun istisnas\u0131z herkesin \u00fczerinde ne \u00f6l\u00e7\u00fcde \u00fcst\u00fcn oldu\u011fu ile \u00f6l\u00e7\u00fclecektir.<\/p>\n\n\n\n<p>(Bu yaz\u0131, dergimizin \u0130ngilizce web sayfas\u0131nda yay\u0131mlanan metnin T\u00fcrk\u00e7e \u00e7evirisidir.)<\/p>\n","protected":false},"excerpt":{"rendered":"<p>Jack Jabbour (Ekonomik ara\u015ft\u0131rmac\u0131 Marco Olabi\u2019nin \u201cSyria in Figures\u201d ba\u015fl\u0131kl\u0131 \u00e7al\u0131\u015fmas\u0131na dayanan kar\u015f\u0131la\u015ft\u0131rmal\u0131 bir analiz) 2024 y\u0131l\u0131n\u0131n sonlar\u0131nda Esad rejiminin \u00e7\u00f6k\u00fc\u015f\u00fc, ge\u00e7ici bir siyasi de\u011fi\u015fimin \u00f6tesinde bir anlam ta\u015f\u0131yordu; bu geli\u015fme, \u00f6zellikle sava\u015f y\u0131llar\u0131nda derinle\u015fen ve Suriye devletinin t\u00fcm katmanlar\u0131na sirayet etmi\u015f onlarca y\u0131ll\u0131k yap\u0131sal yolsuzluk miras\u0131yla do\u011frudan bir y\u00fczle\u015fmeyi ifade ediyordu. Bug\u00fcn \u201cyolsuzlukla m\u00fccadele\u201d [&hellip;]<\/p>\n","protected":false},"author":1,"featured_media":1500,"comment_status":"closed","ping_status":"open","sticky":false,"template":"","format":"standard","meta":{"tdm_status":"","tdm_grid_status":"","footnotes":""},"categories":[8,7],"tags":[],"class_list":{"0":"post-1502","1":"post","2":"type-post","3":"status-publish","4":"format-standard","5":"has-post-thumbnail","7":"category-guncel","8":"category-siyaset"},"yoast_head":"<!-- This site is optimized with the Yoast SEO plugin v26.6 - https:\/\/yoast.com\/wordpress\/plugins\/seo\/ -->\n<title>Ge\u00e7i\u015f S\u00fcrecinin K\u0131skac\u0131nda Suriye: Kurumsalla\u015fm\u0131\u015f Hesap Verebilirlik ile Yeniden Merkezile\u015fme Aras\u0131nda Yolsuzlukla M\u00fccadele - ehlen<\/title>\n<meta name=\"description\" content=\"Ge\u00e7i\u015f S\u00fcrecinin K\u0131skac\u0131nda Suriye: Kurumsalla\u015fm\u0131\u015f Hesap Verebilirlik ile Yeniden Merkezile\u015fme Aras\u0131nda Yolsuzlukla M\u00fccadele...\" \/>\n<meta name=\"robots\" content=\"index, follow, max-snippet:-1, max-image-preview:large, max-video-preview:-1\" \/>\n<link rel=\"canonical\" href=\"https:\/\/ehlendergisi.com\/index.php\/2026\/04\/04\/gecis-surecinin-kiskacinda-suriye-kurumsallasmis-hesap-verebilirlik-ile-yeniden-merkezilesme-arasinda-yolsuzlukla-mucadele\/\" \/>\n<meta property=\"og:locale\" content=\"tr_TR\" \/>\n<meta property=\"og:type\" content=\"article\" \/>\n<meta property=\"og:title\" content=\"Ge\u00e7i\u015f S\u00fcrecinin K\u0131skac\u0131nda Suriye: Kurumsalla\u015fm\u0131\u015f Hesap Verebilirlik ile Yeniden Merkezile\u015fme Aras\u0131nda Yolsuzlukla M\u00fccadele - ehlen\" \/>\n<meta property=\"og:description\" content=\"Ge\u00e7i\u015f S\u00fcrecinin K\u0131skac\u0131nda Suriye: Kurumsalla\u015fm\u0131\u015f Hesap Verebilirlik ile Yeniden Merkezile\u015fme Aras\u0131nda Yolsuzlukla M\u00fccadele...\" \/>\n<meta property=\"og:url\" content=\"https:\/\/ehlendergisi.com\/index.php\/2026\/04\/04\/gecis-surecinin-kiskacinda-suriye-kurumsallasmis-hesap-verebilirlik-ile-yeniden-merkezilesme-arasinda-yolsuzlukla-mucadele\/\" \/>\n<meta property=\"og:site_name\" content=\"ehlen\" \/>\n<meta property=\"article:publisher\" content=\"https:\/\/www.facebook.com\/ehlendergisi\/?locale=tr_TR\" \/>\n<meta property=\"article:published_time\" content=\"2026-04-04T09:25:58+00:00\" \/>\n<meta property=\"article:modified_time\" content=\"2026-04-04T09:26:17+00:00\" \/>\n<meta property=\"og:image\" content=\"https:\/\/ehlendergisi.com\/wp-content\/uploads\/2026\/04\/image.png\" \/>\n\t<meta property=\"og:image:width\" content=\"720\" \/>\n\t<meta property=\"og:image:height\" content=\"405\" \/>\n\t<meta property=\"og:image:type\" content=\"image\/png\" \/>\n<meta name=\"author\" content=\"admin\" \/>\n<meta name=\"twitter:card\" content=\"summary_large_image\" \/>\n<meta name=\"twitter:creator\" content=\"@yenidenehlen\" \/>\n<meta name=\"twitter:site\" content=\"@yenidenehlen\" \/>\n<meta name=\"twitter:label1\" content=\"Yazan:\" \/>\n\t<meta name=\"twitter:data1\" content=\"admin\" \/>\n\t<meta name=\"twitter:label2\" content=\"Tahmini okuma s\u00fcresi\" \/>\n\t<meta name=\"twitter:data2\" content=\"5 dakika\" \/>\n<script type=\"application\/ld+json\" class=\"yoast-schema-graph\">{\"@context\":\"https:\/\/schema.org\",\"@graph\":[{\"@type\":\"Article\",\"@id\":\"https:\/\/ehlendergisi.com\/index.php\/2026\/04\/04\/gecis-surecinin-kiskacinda-suriye-kurumsallasmis-hesap-verebilirlik-ile-yeniden-merkezilesme-arasinda-yolsuzlukla-mucadele\/#article\",\"isPartOf\":{\"@id\":\"https:\/\/ehlendergisi.com\/index.php\/2026\/04\/04\/gecis-surecinin-kiskacinda-suriye-kurumsallasmis-hesap-verebilirlik-ile-yeniden-merkezilesme-arasinda-yolsuzlukla-mucadele\/\"},\"author\":{\"name\":\"admin\",\"@id\":\"https:\/\/ehlendergisi.com\/#\/schema\/person\/de94365e0837ae704e10d1723547402a\"},\"headline\":\"Ge\u00e7i\u015f S\u00fcrecinin K\u0131skac\u0131nda Suriye: Kurumsalla\u015fm\u0131\u015f Hesap Verebilirlik ile Yeniden Merkezile\u015fme Aras\u0131nda Yolsuzlukla M\u00fccadele\",\"datePublished\":\"2026-04-04T09:25:58+00:00\",\"dateModified\":\"2026-04-04T09:26:17+00:00\",\"mainEntityOfPage\":{\"@id\":\"https:\/\/ehlendergisi.com\/index.php\/2026\/04\/04\/gecis-surecinin-kiskacinda-suriye-kurumsallasmis-hesap-verebilirlik-ile-yeniden-merkezilesme-arasinda-yolsuzlukla-mucadele\/\"},\"wordCount\":1113,\"publisher\":{\"@id\":\"https:\/\/ehlendergisi.com\/#organization\"},\"image\":{\"@id\":\"https:\/\/ehlendergisi.com\/index.php\/2026\/04\/04\/gecis-surecinin-kiskacinda-suriye-kurumsallasmis-hesap-verebilirlik-ile-yeniden-merkezilesme-arasinda-yolsuzlukla-mucadele\/#primaryimage\"},\"thumbnailUrl\":\"https:\/\/ehlendergisi.com\/wp-content\/uploads\/2026\/04\/image.png\",\"articleSection\":[\"G\u00fcncel\",\"Siyaset\"],\"inLanguage\":\"tr\"},{\"@type\":\"WebPage\",\"@id\":\"https:\/\/ehlendergisi.com\/index.php\/2026\/04\/04\/gecis-surecinin-kiskacinda-suriye-kurumsallasmis-hesap-verebilirlik-ile-yeniden-merkezilesme-arasinda-yolsuzlukla-mucadele\/\",\"url\":\"https:\/\/ehlendergisi.com\/index.php\/2026\/04\/04\/gecis-surecinin-kiskacinda-suriye-kurumsallasmis-hesap-verebilirlik-ile-yeniden-merkezilesme-arasinda-yolsuzlukla-mucadele\/\",\"name\":\"Ge\u00e7i\u015f S\u00fcrecinin K\u0131skac\u0131nda Suriye: Kurumsalla\u015fm\u0131\u015f Hesap Verebilirlik ile Yeniden Merkezile\u015fme Aras\u0131nda Yolsuzlukla M\u00fccadele - ehlen\",\"isPartOf\":{\"@id\":\"https:\/\/ehlendergisi.com\/#website\"},\"primaryImageOfPage\":{\"@id\":\"https:\/\/ehlendergisi.com\/index.php\/2026\/04\/04\/gecis-surecinin-kiskacinda-suriye-kurumsallasmis-hesap-verebilirlik-ile-yeniden-merkezilesme-arasinda-yolsuzlukla-mucadele\/#primaryimage\"},\"image\":{\"@id\":\"https:\/\/ehlendergisi.com\/index.php\/2026\/04\/04\/gecis-surecinin-kiskacinda-suriye-kurumsallasmis-hesap-verebilirlik-ile-yeniden-merkezilesme-arasinda-yolsuzlukla-mucadele\/#primaryimage\"},\"thumbnailUrl\":\"https:\/\/ehlendergisi.com\/wp-content\/uploads\/2026\/04\/image.png\",\"datePublished\":\"2026-04-04T09:25:58+00:00\",\"dateModified\":\"2026-04-04T09:26:17+00:00\",\"description\":\"Ge\u00e7i\u015f S\u00fcrecinin K\u0131skac\u0131nda Suriye: Kurumsalla\u015fm\u0131\u015f Hesap Verebilirlik ile Yeniden Merkezile\u015fme Aras\u0131nda Yolsuzlukla M\u00fccadele...\",\"breadcrumb\":{\"@id\":\"https:\/\/ehlendergisi.com\/index.php\/2026\/04\/04\/gecis-surecinin-kiskacinda-suriye-kurumsallasmis-hesap-verebilirlik-ile-yeniden-merkezilesme-arasinda-yolsuzlukla-mucadele\/#breadcrumb\"},\"inLanguage\":\"tr\",\"potentialAction\":[{\"@type\":\"ReadAction\",\"target\":[\"https:\/\/ehlendergisi.com\/index.php\/2026\/04\/04\/gecis-surecinin-kiskacinda-suriye-kurumsallasmis-hesap-verebilirlik-ile-yeniden-merkezilesme-arasinda-yolsuzlukla-mucadele\/\"]}]},{\"@type\":\"ImageObject\",\"inLanguage\":\"tr\",\"@id\":\"https:\/\/ehlendergisi.com\/index.php\/2026\/04\/04\/gecis-surecinin-kiskacinda-suriye-kurumsallasmis-hesap-verebilirlik-ile-yeniden-merkezilesme-arasinda-yolsuzlukla-mucadele\/#primaryimage\",\"url\":\"https:\/\/ehlendergisi.com\/wp-content\/uploads\/2026\/04\/image.png\",\"contentUrl\":\"https:\/\/ehlendergisi.com\/wp-content\/uploads\/2026\/04\/image.png\",\"width\":720,\"height\":405},{\"@type\":\"BreadcrumbList\",\"@id\":\"https:\/\/ehlendergisi.com\/index.php\/2026\/04\/04\/gecis-surecinin-kiskacinda-suriye-kurumsallasmis-hesap-verebilirlik-ile-yeniden-merkezilesme-arasinda-yolsuzlukla-mucadele\/#breadcrumb\",\"itemListElement\":[{\"@type\":\"ListItem\",\"position\":1,\"name\":\"Anasayfa\",\"item\":\"https:\/\/ehlendergisi.com\/\"},{\"@type\":\"ListItem\",\"position\":2,\"name\":\"Ge\u00e7i\u015f S\u00fcrecinin K\u0131skac\u0131nda Suriye: Kurumsalla\u015fm\u0131\u015f Hesap Verebilirlik ile Yeniden Merkezile\u015fme Aras\u0131nda Yolsuzlukla M\u00fccadele\"}]},{\"@type\":\"WebSite\",\"@id\":\"https:\/\/ehlendergisi.com\/#website\",\"url\":\"https:\/\/ehlendergisi.com\/\",\"name\":\"ehlen\",\"description\":\"k\u00fclt\u00fcr, sanat, siyaset dergisi\",\"publisher\":{\"@id\":\"https:\/\/ehlendergisi.com\/#organization\"},\"potentialAction\":[{\"@type\":\"SearchAction\",\"target\":{\"@type\":\"EntryPoint\",\"urlTemplate\":\"https:\/\/ehlendergisi.com\/?s={search_term_string}\"},\"query-input\":{\"@type\":\"PropertyValueSpecification\",\"valueRequired\":true,\"valueName\":\"search_term_string\"}}],\"inLanguage\":\"tr\"},{\"@type\":\"Organization\",\"@id\":\"https:\/\/ehlendergisi.com\/#organization\",\"name\":\"ehlen\",\"url\":\"https:\/\/ehlendergisi.com\/\",\"logo\":{\"@type\":\"ImageObject\",\"inLanguage\":\"tr\",\"@id\":\"https:\/\/ehlendergisi.com\/#\/schema\/logo\/image\/\",\"url\":\"https:\/\/ehlendergisi.com\/wp-content\/uploads\/2023\/06\/IMG_9500404081E2-1-2.jpeg\",\"contentUrl\":\"https:\/\/ehlendergisi.com\/wp-content\/uploads\/2023\/06\/IMG_9500404081E2-1-2.jpeg\",\"width\":2560,\"height\":1341,\"caption\":\"ehlen\"},\"image\":{\"@id\":\"https:\/\/ehlendergisi.com\/#\/schema\/logo\/image\/\"},\"sameAs\":[\"https:\/\/www.facebook.com\/ehlendergisi\/?locale=tr_TR\",\"https:\/\/x.com\/yenidenehlen\"]},{\"@type\":\"Person\",\"@id\":\"https:\/\/ehlendergisi.com\/#\/schema\/person\/de94365e0837ae704e10d1723547402a\",\"name\":\"admin\",\"image\":{\"@type\":\"ImageObject\",\"inLanguage\":\"tr\",\"@id\":\"https:\/\/ehlendergisi.com\/#\/schema\/person\/image\/\",\"url\":\"https:\/\/secure.gravatar.com\/avatar\/4e3d1b4ba20db56c5c7cda805db9aa90e8ae36f8cd48a7e189f21124a32188a7?s=96&d=mm&r=g\",\"contentUrl\":\"https:\/\/secure.gravatar.com\/avatar\/4e3d1b4ba20db56c5c7cda805db9aa90e8ae36f8cd48a7e189f21124a32188a7?s=96&d=mm&r=g\",\"caption\":\"admin\"},\"sameAs\":[\"http:\/\/ehlendergisi.com\"],\"url\":\"https:\/\/ehlendergisi.com\/index.php\/author\/admin\/\"}]}<\/script>\n<!-- \/ Yoast SEO plugin. -->","yoast_head_json":{"title":"Ge\u00e7i\u015f S\u00fcrecinin K\u0131skac\u0131nda Suriye: Kurumsalla\u015fm\u0131\u015f Hesap Verebilirlik ile Yeniden Merkezile\u015fme Aras\u0131nda Yolsuzlukla M\u00fccadele - ehlen","description":"Ge\u00e7i\u015f S\u00fcrecinin K\u0131skac\u0131nda Suriye: Kurumsalla\u015fm\u0131\u015f Hesap Verebilirlik ile Yeniden Merkezile\u015fme Aras\u0131nda Yolsuzlukla M\u00fccadele...","robots":{"index":"index","follow":"follow","max-snippet":"max-snippet:-1","max-image-preview":"max-image-preview:large","max-video-preview":"max-video-preview:-1"},"canonical":"https:\/\/ehlendergisi.com\/index.php\/2026\/04\/04\/gecis-surecinin-kiskacinda-suriye-kurumsallasmis-hesap-verebilirlik-ile-yeniden-merkezilesme-arasinda-yolsuzlukla-mucadele\/","og_locale":"tr_TR","og_type":"article","og_title":"Ge\u00e7i\u015f S\u00fcrecinin K\u0131skac\u0131nda Suriye: Kurumsalla\u015fm\u0131\u015f Hesap Verebilirlik ile Yeniden Merkezile\u015fme Aras\u0131nda Yolsuzlukla M\u00fccadele - ehlen","og_description":"Ge\u00e7i\u015f S\u00fcrecinin K\u0131skac\u0131nda Suriye: Kurumsalla\u015fm\u0131\u015f Hesap Verebilirlik ile Yeniden Merkezile\u015fme Aras\u0131nda Yolsuzlukla M\u00fccadele...","og_url":"https:\/\/ehlendergisi.com\/index.php\/2026\/04\/04\/gecis-surecinin-kiskacinda-suriye-kurumsallasmis-hesap-verebilirlik-ile-yeniden-merkezilesme-arasinda-yolsuzlukla-mucadele\/","og_site_name":"ehlen","article_publisher":"https:\/\/www.facebook.com\/ehlendergisi\/?locale=tr_TR","article_published_time":"2026-04-04T09:25:58+00:00","article_modified_time":"2026-04-04T09:26:17+00:00","og_image":[{"width":720,"height":405,"url":"https:\/\/ehlendergisi.com\/wp-content\/uploads\/2026\/04\/image.png","type":"image\/png"}],"author":"admin","twitter_card":"summary_large_image","twitter_creator":"@yenidenehlen","twitter_site":"@yenidenehlen","twitter_misc":{"Yazan:":"admin","Tahmini okuma s\u00fcresi":"5 dakika"},"schema":{"@context":"https:\/\/schema.org","@graph":[{"@type":"Article","@id":"https:\/\/ehlendergisi.com\/index.php\/2026\/04\/04\/gecis-surecinin-kiskacinda-suriye-kurumsallasmis-hesap-verebilirlik-ile-yeniden-merkezilesme-arasinda-yolsuzlukla-mucadele\/#article","isPartOf":{"@id":"https:\/\/ehlendergisi.com\/index.php\/2026\/04\/04\/gecis-surecinin-kiskacinda-suriye-kurumsallasmis-hesap-verebilirlik-ile-yeniden-merkezilesme-arasinda-yolsuzlukla-mucadele\/"},"author":{"name":"admin","@id":"https:\/\/ehlendergisi.com\/#\/schema\/person\/de94365e0837ae704e10d1723547402a"},"headline":"Ge\u00e7i\u015f S\u00fcrecinin K\u0131skac\u0131nda Suriye: Kurumsalla\u015fm\u0131\u015f Hesap Verebilirlik ile Yeniden Merkezile\u015fme Aras\u0131nda Yolsuzlukla M\u00fccadele","datePublished":"2026-04-04T09:25:58+00:00","dateModified":"2026-04-04T09:26:17+00:00","mainEntityOfPage":{"@id":"https:\/\/ehlendergisi.com\/index.php\/2026\/04\/04\/gecis-surecinin-kiskacinda-suriye-kurumsallasmis-hesap-verebilirlik-ile-yeniden-merkezilesme-arasinda-yolsuzlukla-mucadele\/"},"wordCount":1113,"publisher":{"@id":"https:\/\/ehlendergisi.com\/#organization"},"image":{"@id":"https:\/\/ehlendergisi.com\/index.php\/2026\/04\/04\/gecis-surecinin-kiskacinda-suriye-kurumsallasmis-hesap-verebilirlik-ile-yeniden-merkezilesme-arasinda-yolsuzlukla-mucadele\/#primaryimage"},"thumbnailUrl":"https:\/\/ehlendergisi.com\/wp-content\/uploads\/2026\/04\/image.png","articleSection":["G\u00fcncel","Siyaset"],"inLanguage":"tr"},{"@type":"WebPage","@id":"https:\/\/ehlendergisi.com\/index.php\/2026\/04\/04\/gecis-surecinin-kiskacinda-suriye-kurumsallasmis-hesap-verebilirlik-ile-yeniden-merkezilesme-arasinda-yolsuzlukla-mucadele\/","url":"https:\/\/ehlendergisi.com\/index.php\/2026\/04\/04\/gecis-surecinin-kiskacinda-suriye-kurumsallasmis-hesap-verebilirlik-ile-yeniden-merkezilesme-arasinda-yolsuzlukla-mucadele\/","name":"Ge\u00e7i\u015f S\u00fcrecinin K\u0131skac\u0131nda Suriye: Kurumsalla\u015fm\u0131\u015f Hesap Verebilirlik ile Yeniden Merkezile\u015fme Aras\u0131nda Yolsuzlukla M\u00fccadele - ehlen","isPartOf":{"@id":"https:\/\/ehlendergisi.com\/#website"},"primaryImageOfPage":{"@id":"https:\/\/ehlendergisi.com\/index.php\/2026\/04\/04\/gecis-surecinin-kiskacinda-suriye-kurumsallasmis-hesap-verebilirlik-ile-yeniden-merkezilesme-arasinda-yolsuzlukla-mucadele\/#primaryimage"},"image":{"@id":"https:\/\/ehlendergisi.com\/index.php\/2026\/04\/04\/gecis-surecinin-kiskacinda-suriye-kurumsallasmis-hesap-verebilirlik-ile-yeniden-merkezilesme-arasinda-yolsuzlukla-mucadele\/#primaryimage"},"thumbnailUrl":"https:\/\/ehlendergisi.com\/wp-content\/uploads\/2026\/04\/image.png","datePublished":"2026-04-04T09:25:58+00:00","dateModified":"2026-04-04T09:26:17+00:00","description":"Ge\u00e7i\u015f S\u00fcrecinin K\u0131skac\u0131nda Suriye: Kurumsalla\u015fm\u0131\u015f Hesap Verebilirlik ile Yeniden Merkezile\u015fme Aras\u0131nda Yolsuzlukla M\u00fccadele...","breadcrumb":{"@id":"https:\/\/ehlendergisi.com\/index.php\/2026\/04\/04\/gecis-surecinin-kiskacinda-suriye-kurumsallasmis-hesap-verebilirlik-ile-yeniden-merkezilesme-arasinda-yolsuzlukla-mucadele\/#breadcrumb"},"inLanguage":"tr","potentialAction":[{"@type":"ReadAction","target":["https:\/\/ehlendergisi.com\/index.php\/2026\/04\/04\/gecis-surecinin-kiskacinda-suriye-kurumsallasmis-hesap-verebilirlik-ile-yeniden-merkezilesme-arasinda-yolsuzlukla-mucadele\/"]}]},{"@type":"ImageObject","inLanguage":"tr","@id":"https:\/\/ehlendergisi.com\/index.php\/2026\/04\/04\/gecis-surecinin-kiskacinda-suriye-kurumsallasmis-hesap-verebilirlik-ile-yeniden-merkezilesme-arasinda-yolsuzlukla-mucadele\/#primaryimage","url":"https:\/\/ehlendergisi.com\/wp-content\/uploads\/2026\/04\/image.png","contentUrl":"https:\/\/ehlendergisi.com\/wp-content\/uploads\/2026\/04\/image.png","width":720,"height":405},{"@type":"BreadcrumbList","@id":"https:\/\/ehlendergisi.com\/index.php\/2026\/04\/04\/gecis-surecinin-kiskacinda-suriye-kurumsallasmis-hesap-verebilirlik-ile-yeniden-merkezilesme-arasinda-yolsuzlukla-mucadele\/#breadcrumb","itemListElement":[{"@type":"ListItem","position":1,"name":"Anasayfa","item":"https:\/\/ehlendergisi.com\/"},{"@type":"ListItem","position":2,"name":"Ge\u00e7i\u015f S\u00fcrecinin K\u0131skac\u0131nda Suriye: Kurumsalla\u015fm\u0131\u015f Hesap Verebilirlik ile Yeniden Merkezile\u015fme Aras\u0131nda Yolsuzlukla M\u00fccadele"}]},{"@type":"WebSite","@id":"https:\/\/ehlendergisi.com\/#website","url":"https:\/\/ehlendergisi.com\/","name":"ehlen","description":"k\u00fclt\u00fcr, sanat, siyaset dergisi","publisher":{"@id":"https:\/\/ehlendergisi.com\/#organization"},"potentialAction":[{"@type":"SearchAction","target":{"@type":"EntryPoint","urlTemplate":"https:\/\/ehlendergisi.com\/?s={search_term_string}"},"query-input":{"@type":"PropertyValueSpecification","valueRequired":true,"valueName":"search_term_string"}}],"inLanguage":"tr"},{"@type":"Organization","@id":"https:\/\/ehlendergisi.com\/#organization","name":"ehlen","url":"https:\/\/ehlendergisi.com\/","logo":{"@type":"ImageObject","inLanguage":"tr","@id":"https:\/\/ehlendergisi.com\/#\/schema\/logo\/image\/","url":"https:\/\/ehlendergisi.com\/wp-content\/uploads\/2023\/06\/IMG_9500404081E2-1-2.jpeg","contentUrl":"https:\/\/ehlendergisi.com\/wp-content\/uploads\/2023\/06\/IMG_9500404081E2-1-2.jpeg","width":2560,"height":1341,"caption":"ehlen"},"image":{"@id":"https:\/\/ehlendergisi.com\/#\/schema\/logo\/image\/"},"sameAs":["https:\/\/www.facebook.com\/ehlendergisi\/?locale=tr_TR","https:\/\/x.com\/yenidenehlen"]},{"@type":"Person","@id":"https:\/\/ehlendergisi.com\/#\/schema\/person\/de94365e0837ae704e10d1723547402a","name":"admin","image":{"@type":"ImageObject","inLanguage":"tr","@id":"https:\/\/ehlendergisi.com\/#\/schema\/person\/image\/","url":"https:\/\/secure.gravatar.com\/avatar\/4e3d1b4ba20db56c5c7cda805db9aa90e8ae36f8cd48a7e189f21124a32188a7?s=96&d=mm&r=g","contentUrl":"https:\/\/secure.gravatar.com\/avatar\/4e3d1b4ba20db56c5c7cda805db9aa90e8ae36f8cd48a7e189f21124a32188a7?s=96&d=mm&r=g","caption":"admin"},"sameAs":["http:\/\/ehlendergisi.com"],"url":"https:\/\/ehlendergisi.com\/index.php\/author\/admin\/"}]}},"amp_enabled":true,"_links":{"self":[{"href":"https:\/\/ehlendergisi.com\/index.php\/wp-json\/wp\/v2\/posts\/1502","targetHints":{"allow":["GET"]}}],"collection":[{"href":"https:\/\/ehlendergisi.com\/index.php\/wp-json\/wp\/v2\/posts"}],"about":[{"href":"https:\/\/ehlendergisi.com\/index.php\/wp-json\/wp\/v2\/types\/post"}],"author":[{"embeddable":true,"href":"https:\/\/ehlendergisi.com\/index.php\/wp-json\/wp\/v2\/users\/1"}],"replies":[{"embeddable":true,"href":"https:\/\/ehlendergisi.com\/index.php\/wp-json\/wp\/v2\/comments?post=1502"}],"version-history":[{"count":1,"href":"https:\/\/ehlendergisi.com\/index.php\/wp-json\/wp\/v2\/posts\/1502\/revisions"}],"predecessor-version":[{"id":1503,"href":"https:\/\/ehlendergisi.com\/index.php\/wp-json\/wp\/v2\/posts\/1502\/revisions\/1503"}],"wp:featuredmedia":[{"embeddable":true,"href":"https:\/\/ehlendergisi.com\/index.php\/wp-json\/wp\/v2\/media\/1500"}],"wp:attachment":[{"href":"https:\/\/ehlendergisi.com\/index.php\/wp-json\/wp\/v2\/media?parent=1502"}],"wp:term":[{"taxonomy":"category","embeddable":true,"href":"https:\/\/ehlendergisi.com\/index.php\/wp-json\/wp\/v2\/categories?post=1502"},{"taxonomy":"post_tag","embeddable":true,"href":"https:\/\/ehlendergisi.com\/index.php\/wp-json\/wp\/v2\/tags?post=1502"}],"curies":[{"name":"wp","href":"https:\/\/api.w.org\/{rel}","templated":true}]}}