{"id":191,"date":"2023-07-24T19:05:49","date_gmt":"2023-07-24T19:05:49","guid":{"rendered":"https:\/\/ehlendergisi.com\/?p=191"},"modified":"2023-08-04T07:37:27","modified_gmt":"2023-08-04T07:37:27","slug":"kerbelaya-dair-birkac-not","status":"publish","type":"post","link":"https:\/\/ehlendergisi.com\/index.php\/2023\/07\/24\/kerbelaya-dair-birkac-not\/","title":{"rendered":"Kerbel\u00e2\u2019ya Dair Birka\u00e7 Not"},"content":{"rendered":"\n<p><em>Hakan Mertcan<\/em><\/p>\n\n\n\n<p>Hz. Ali\u2019nin taraftarlar\u0131, peygamberin, kendisinin ard\u0131ndan toplumun lideri (veli ve vasi) olacak ki\u015fiyi \u011ead\u00eer Humm\u2019da a\u00e7\u0131k\u00e7a i\u015faret etti\u011fini savunur. \u011ead\u00eer Humm\u2019da Ali ad\u0131na biat al\u0131nm\u0131\u015f fakat peygamberin \u00f6l\u00fcm\u00fcn\u00fcn ard\u0131ndan biat edenlerin b\u00fcy\u00fck kesimi bu biattan d\u00f6nm\u00fc\u015ft\u00fcr. Ali taraftarlar\u0131 haks\u0131zl\u0131klarla kar\u015f\u0131 kar\u015f\u0131ya kalm\u0131\u015f ve belli bir s\u00fcreden sonra \u00e7e\u015fitli \u00e7at\u0131\u015fmalar ve m\u00fccadeleler ba\u015flam\u0131\u015ft\u0131r. Hz. Ali\u2019nin \u00f6ld\u00fcr\u00fclmesini o\u011flu \u0130mam Hasan\u2019\u0131n \u00f6ld\u00fcr\u00fclmesi ve ard\u0131ndan 680 y\u0131l\u0131nda \u0130mam H\u00fcseyin\u2019in Kerbel\u00e2\u2019da yak\u0131nlar\u0131yla birlikte trajik bi\u00e7imde katledilmesi takip etmi\u015ftir.<\/p>\n\n\n\n<p>Kerbel\u00e2\u2019da, Emeviler inand\u0131klar\u0131n\u0131 s\u00f6yledikleri peygamberin torunlar\u0131n\u0131, ailesini yok edecek kadar g\u00f6z\u00fc d\u00f6nm\u00fc\u015f bir zalimlik sergilediler. \u0130nsanlara, k\u0131zg\u0131n g\u00fcne\u015f alt\u0131nda, g\u00fcnlerce susuzlu\u011fa mahk\u00fbm edilerek i\u015fkence edilmi\u015ftir. Dev bir ordu bir avu\u00e7 insan\u0131 yok etmek i\u00e7in seferber olmu\u015ftur. Hz. H\u00fcseyin ve yolda\u015flar\u0131 h\u0131n\u00e7la, kinle, d\u00fcnya menfaati arzusuyla, mevki-makam ihtiraslar\u0131yla ac\u0131mas\u0131zca katledilmi\u015ftir. Fakat Kerbel\u00e2\u2019da sadece masum insanlar de\u011fil, mazlum, yoksul insanlar\u0131n umudu, erken d\u00f6nem \u0130slam\u2019\u0131n adil mesaj\u0131 da katledilmek, o \u00e7\u00f6le g\u00f6m\u00fclmek istenmi\u015ftir maalesef.&nbsp;<\/p>\n\n\n\n<p>Hz. H\u00fcseyin acaba o yolculukta ba\u015f\u0131na gelecekleri bilmiyor muydu? Alevi \u00f6\u011fretisi \u00e7er\u00e7evesinden bak\u0131ld\u0131\u011f\u0131nda, H\u00fcseyin ve yolda\u015flar\u0131 zalime biat etmeyerek insanl\u0131\u011fa bir direni\u015f miras\u0131 b\u0131rakm\u0131\u015flard\u0131r. Bir kendini, nefsini fedad\u0131r bu eylem; zalimlerin zulm\u00fcne, g\u00f6z\u00fc k\u00f6r olmu\u015f insanl\u0131\u011fa bir uyar\u0131; karanl\u0131\u011fa bir \u0131\u015f\u0131k yakmad\u0131r! A\u015fure g\u00fcn\u00fcn\u00fc anarken bunlar \u00fczerine d\u00fc\u015f\u00fcnmekte fayda var. Daha insanca, adil ve \u00f6zg\u00fcr bir toplumsal model kurabilmek i\u00e7in, tarihin k\u00f6t\u00fcl\u00fckleriyle hesapla\u015fmal\u0131, ge\u00e7mi\u015fle y\u00fczle\u015filmelidir. Ancak bu \u015fekilde \u201cvicdan\u0131 rahat\u201d, adalet \u00fczerinde y\u00fckselen bir topluma y\u00fcr\u00fcnebilir. Zalimleri, yap\u0131lan zul\u00fcmleri hak etti\u011fi yere koymak, bir daha bunlar\u0131n ya\u015fanmamas\u0131 i\u00e7in olduk\u00e7a \u00f6nemlidir. Elbette mazlumu, hakl\u0131y\u0131; adalet, e\u015fitlik gibi y\u00fcce de\u011ferler i\u00e7in m\u00fccadele edenleri hat\u0131rlamak da \u201colmazsa olmaz\u201d \u00f6nemdedir.<\/p>\n\n\n\n<p>Birey olarak da toplum olarak da kendimizi hizaya \u00e7ekmenin vesilesi olmal\u0131d\u0131r bu gibi g\u00fcnler. Var olu\u015fumuz \u00fczerine d\u00fc\u015f\u00fcnmenin ara\u00e7lar\u0131 olmal\u0131d\u0131r. Son olarak Hz. H\u00fcseyin\u2019in onurlu tavr\u0131n\u0131 an\u0131msarken, Hz. Zeynep\u2019in asil duru\u015funu da asla unutmamak gerekir. Zira bu cesur, onurlu kad\u0131n\u0131n, H\u00fcseyin ve yolda\u015flar\u0131na yap\u0131lan zulm\u00fcn, d\u00fcnyaya duyurulmas\u0131n\u0131 sa\u011flad\u0131\u011f\u0131na inan\u0131l\u0131r.<\/p>\n\n\n\n<p>Kerbel\u00e2 felaketinde ya\u015fananlar\u0131 konu edinen \u00e7e\u015fitli mersiyeler yaz\u0131lm\u0131\u015f, zamanla \u201cmaktel-i H\u00fcseyin\u201d veya k\u0131saca \u201cmaktel\u201d ad\u0131 verilen \u00f6zel bir edebi t\u00fcr olu\u015fmu\u015ftur. Kufe\u2019nin tan\u0131nm\u0131\u015f ravilerinden olan Eb\u00fb Mihnef (\u00f6. 157\/774) taraf\u0131ndan kaleme al\u0131nd\u0131\u011f\u0131 belirtilen, Ma\u1e33tel\u00fc\u2019l-\u1e24\u00fcseyn adl\u0131 eserin, daha sonra yaz\u0131lan maktellerin bir\u00e7o\u011fu i\u00e7in kaynak te\u015fkil etti\u011fi ifade edilir.<a href=\"applewebdata:\/\/5D860BAE-9A2F-46A5-9D50-3DC7A1A129F4#_ftn1\"><sup>[1]<\/sup><\/a>Mazlumlar\u0131n kan\u0131 ile Kerbel\u00e2 topra\u011f\u0131n\u0131n harmanland\u0131\u011f\u0131n\u0131, kendisinin de bu mihnet be\u015fi\u011finde me\u015fakkat s\u00fct\u00fc ile beslendi\u011fini, buran\u0131n havas\u0131 ve suyu ile yeti\u015fti\u011fini s\u00f6yleyen Fuzuli\u2019nin (\u00f6. 1556) yazd\u0131\u011f\u0131&nbsp;<em>Had\u00eekat\u00fc\u2019s-Suad\u00e2<\/em>&nbsp;(<em>Saadete Erenlerin Bah\u00e7esi<\/em>) isimli eserin ise, bu t\u00fcr\u00fcn en yetkin \u00f6rneklerinden biri oldu\u011fu kabul edilir.<a href=\"applewebdata:\/\/5D860BAE-9A2F-46A5-9D50-3DC7A1A129F4#_ftn2\"><sup>[2]<\/sup><\/a>&nbsp;Alevilerin, Yedi Ulu Ozan\u2019\u0131ndan biri olarak kabul edilen&nbsp;<strong>Fuzuli<\/strong>, bu eserinde \u015f\u00f6yle seslenmektedir:<\/p>\n\n\n\n<p>\u201cEy derd-perver-i ele\u1e43-i Kerbel\u0101&nbsp;\u1e24\u00fcseyn<br>V\u0101y Kerbel\u0101 bel\u0101lar\u0131na m\u00fcbtel\u0101&nbsp;\u1e24\u00fcseyn<\/p>\n\n\n\n<p>\u0120am p\u0101re p\u0101re ba\u0121run\u0131 yandurd\u0131 d\u0101\u0121la<br>Ey l\u0101le-i&nbsp;\u1e25ad\u00ee\u1e33a-i \u0100l-i \u201bAb\u0101&nbsp;\u1e24\u00fcseyn<\/p>\n\n\n\n<p>T\u012bg-i cef\u0101 ile beden\u00fcn old\u0131 \u00e7\u0101k \u00e7\u0101k<br>Ey b\u016bst\u0101n-\u0131 sebze-i t\u012b\u0121-i cef\u0101&nbsp;\u1e24\u00fcseyn<\/p>\n\n\n\n<p>Ya\u1e33d\u0131 v\u00fcc\u00fbdunu \u0121am-\u0131 zulmet-ser\u00e2y-\u0131 dehr<br>Ey \u015fem\u201b-i bezm-i b\u0101r-geh-i Kibriy\u0101&nbsp;\u1e24\u00fcseyn<\/p>\n\n\n\n<p>Devr-i felek i\u00e7\u00fcrdi sana&nbsp;\u1e33ana&nbsp;\u1e33ana&nbsp;\u1e33an<a href=\"applewebdata:\/\/5D860BAE-9A2F-46A5-9D50-3DC7A1A129F4#_ftn3\"><sup>[3]<\/sup><\/a><br>Ey te\u015fne-i&nbsp;\u1e25ar\u00e2ret-i ber\u1e33-i bel\u00e2&nbsp;\u1e24\u00fcseyn<\/p>\n\n\n\n<p>Y\u00e2d it Fu\u017c\u00fbl\u00ee \u0100l-i \u201bAb\u0101 h\u0101lin eyle \u0101h<br>Kim ber\u1e33-\u0131 \u0101h ile ya\u1e33\u0131lur&nbsp;\u1e2b\u0131rmen-i g\u00fcn\u0101h\u201d<a href=\"applewebdata:\/\/5D860BAE-9A2F-46A5-9D50-3DC7A1A129F4#_ftn4\"><sup>[4]<\/sup><\/a><\/p>\n\n\n\n<p><strong>Pir Sultan Abdal<\/strong>:&nbsp;<\/p>\n\n\n\n<p>Hak i\u00e7\u00fcn kendini kurb\u00e2n eyleyen<br>\u015e\u00e2h-\u0131 Merd\u00e2n o\u011flu \u0130mam H\u00fcseyin<br>C\u00fcmle erenlere ferm\u00e2n eyleyen<br>Erenler serd\u00e2r\u0131 \u0130mam H\u00fcseyin<\/p>\n\n\n\n<p>Muhammet Ali\u2019nin \u00e7e\u015fmi \u00e7\u0131ra\u011f\u0131<br>Erenler yolunun g\u00fcl\u015feni ba\u011f\u0131&nbsp;<br>Ci\u011ferler paresi g\u00f6n\u00fcl dura\u011f\u0131<br>G\u00f6zlerimin n\u00fbru \u0130mam H\u00fcseyin<\/p>\n\n\n\n<p>Ceddi Muhammed\u2019dir atas\u0131 Ali<br>Anas\u0131 F\u00e2t\u0131ma cih\u00e2n evveli&nbsp;<a href=\"applewebdata:\/\/5D860BAE-9A2F-46A5-9D50-3DC7A1A129F4#_ftn5\"><sup>[5]<\/sup><\/a>&nbsp;<br>C\u00fcmle evliy\u00e2lar ederler beli<br>Evliy\u00e2lar p\u00eeri \u0130mam H\u00fcseyin<\/p>\n\n\n\n<p>B\u00e2t\u0131n\u0131n sult\u00e2n\u0131 m\u00fc\u2019minler \u015f\u00e2h\u0131<br>Gaib \u00e2leminin \u015fems ile m\u00e2h\u0131<br>\u015eah H\u00fcseyn\u2019im dey\u00fc ederler \u00e2h\u0131<br>M\u00e2tem ile z\u00e2r\u0131 \u0130mam H\u00fcseyin<\/p>\n\n\n\n<p>Pir Sultan\u2019\u0131m eyd\u00fcr tutar d\u00e2m\u00e2n\u0131n<br>Dostunun dostuyuz biz h\u00e2ned\u00e2n\u0131n<br>D\u00fc \u00e7esmi de\u011fil mi \u015e\u00e2h-\u0131 Merd\u00e2n\u0131n<br>Erenler h\u00fcnk\u00e2r\u0131 \u0130mam H\u00fcseyin\u201d<a href=\"applewebdata:\/\/5D860BAE-9A2F-46A5-9D50-3DC7A1A129F4#_ftn6\"><sup>[6]<\/sup><\/a><strong><\/strong><\/p>\n\n\n\n<p>\u201cD\u00fcn g\u00fcn intizar\u0131m sana Kerbel\u00e2<br>Varal\u0131m \u0130mam\u0131 H\u00fcseyn a\u015fk\u0131na<br>Serden gayr\u0131 sermayem yok elimde<br>Verelim \u0130mam\u0131 H\u00fcseyn a\u015fk\u0131na\u201d<a href=\"applewebdata:\/\/5D860BAE-9A2F-46A5-9D50-3DC7A1A129F4#_ftn7\"><sup>[7]<\/sup><\/a><\/p>\n\n\n\n<p>diyen Hatayi \u015fiirlerinde yo\u011fun bir bi\u00e7imde Kerbel\u00e2 ac\u0131s\u0131n\u0131, \u0130mam H\u00fcseyin a\u015fk\u0131n\u0131 i\u015flemi\u015ftir. G\u00fcn\u00fcm\u00fczde de bir\u00e7ok ozan taraf\u0131ndan dillendirilmi\u015f olan (sekiz heceli) bir \u015fiiri ile bu k\u0131sma noktay\u0131 koyal\u0131m.<\/p>\n\n\n\n<p>\u201cKerbel\u00e2\u2019n\u0131n yaz\u0131lar\u0131<br>\u015eeh\u00eed d\u00fc\u015ft\u00fc gazileri<br>Fatma Ana kuzular\u0131<br>Ah H\u00fcseyn \u00fc vah H\u00fcseyin<\/p>\n\n\n\n<p>Esti deli poyraz esti<br>K\u00e2fir Mervan bizi bast\u0131<br>H\u00fcseyn\u2019in ba\u015f\u0131n\u0131 kesti<br>Ah H\u00fcseyn \u00fc vah H\u00fcseyin<\/p>\n\n\n\n<p>\u2026<\/p>\n\n\n\n<p>\u0130mam H\u00fcseyn attan d\u00fc\u015ft\u00fc<br>K\u00e2fir gel\u00fcb kan\u0131n i\u00e7ti<br>At\u0131 Medine\u2019ye ka\u00e7t\u0131<br>Ah H\u00fcseyn \u00fc vah H\u00fcseyin<\/p>\n\n\n\n<p>Bir su verin ma\u2019sum cana<br>Yezid i\u00e7ti kana kana<br>Fatma Ana yana yana<br>Ah H\u00fcseyn \u00fc vah H\u00fcseyin<\/p>\n\n\n\n<p>Kerbel\u00e2\u2019da biter yonca<br>Boyu uzun beli ince<br>\u015eah Hat\u00e2y\u00ee\u2019m kas\u00e2r\u0131nca<br>Ah H\u00fcseyn \u00fc vah H\u00fcseyin\u201d<a href=\"applewebdata:\/\/5D860BAE-9A2F-46A5-9D50-3DC7A1A129F4#_ftn8\"><sup>[8]<\/sup><\/a><\/p>\n\n\n\n<p>(Bu yaz\u0131 Hakan Mertcan\u2019\u0131n&nbsp;<em>Ak\u0131nt\u0131ya Kar\u015f\u0131: Aleviler, Suriye ve Laiklik<\/em>&nbsp;kitab\u0131ndan al\u0131nm\u0131\u015ft\u0131r.)<\/p>\n\n\n\n<hr class=\"wp-block-separator has-alpha-channel-opacity\"\/>\n\n\n\n<p><a href=\"applewebdata:\/\/5D860BAE-9A2F-46A5-9D50-3DC7A1A129F4#_ftnref1\"><sup>[1]<\/sup><\/a>&nbsp;\u015eeyma G\u00fcng\u00f6r, \u201cMaktel-i H\u00fcseyin\u201d&nbsp;<strong>TDV \u0130slam Ansiklopedisi<\/strong>,&nbsp;<a href=\"https:\/\/islamansiklopedisi.org.tr\/maktel-i-huseyin\">https:\/\/islamansiklopedisi.org.tr\/maktel-i-huseyin<\/a>,(E.T. 17.09.2020).&nbsp;Hz. H\u00fcseyin\u2019in, ba\u015flar\u0131na gelecek olanlar\u0131 bilmekten uzak, s\u0131radan bir varl\u0131k olmad\u0131\u011f\u0131na inanan Arap Alevilerde, \u015eiilerdeki gibi bir Kerbela matemi bulunmad\u0131\u011f\u0131 gibi, Arap Alevi literat\u00fcr\u00fcnde Kerbela\u2019ya dair maktel gelene\u011fi de bulunmad\u0131\u011f\u0131n\u0131 belirtmek gerekiyor. Elbette, genel olarak Aleviler Kerbela\u2019ya dair ac\u0131 duyar; bana g\u00f6re, bu ac\u0131 insan\u0131n bu denli zalimle\u015fmesine, nefsin k\u00f6t\u00fcl\u00fc\u011f\u00fcne duyulan bir ac\u0131d\u0131r daha \u00e7ok! G\u00f6zya\u015f\u0131n\u0131 \u00f6fkesinin yan\u0131nda tutar, tutar ki tarihsel d\u00fc\u015fmanlar\u0131n\u0131, zulm\u00fcn t\u00fcrl\u00fc bi\u00e7imlerini unutmas\u0131n, ge\u015fmi\u015fin bug\u00fcnde ya\u015fad\u0131\u011f\u0131n\u0131n idrak\u0131nda kalabilsin diye&#8230;<\/p>\n\n\n\n<p><a href=\"applewebdata:\/\/5D860BAE-9A2F-46A5-9D50-3DC7A1A129F4#_ftnref2\"><sup>[2]<\/sup><\/a>&nbsp;\u015eeyma G\u00fcng\u00f6r, \u201cHad\u00eekat\u00fc\u2019s-Suad\u00e2\u201d,&nbsp;<strong>TDV \u0130slam Ansiklopedisi<\/strong>,&nbsp;<a href=\"https:\/\/islamansiklopedisi.org.tr\/hadikatus-suada\">https:\/\/islamansiklopedisi.org.tr\/hadikatus-suada<\/a>, (E.T. 17.09.2020).<\/p>\n\n\n\n<p><a href=\"applewebdata:\/\/5D860BAE-9A2F-46A5-9D50-3DC7A1A129F4#_ftnref3\"><sup>[3]<\/sup><\/a>&nbsp;Kimi yerlerde \u201ck\u00e2se k\u00e2se kan\u201d \u015feklinde de ge\u00e7mektedir.<\/p>\n\n\n\n<p><a href=\"applewebdata:\/\/5D860BAE-9A2F-46A5-9D50-3DC7A1A129F4#_ftnref4\"><sup>[4]<\/sup><\/a>&nbsp;Fuzuli,&nbsp;<strong>Hadikat\u00fc\u2019s \u2013S\u00fc\u201bed\u00e2<\/strong>, Haz. \u015e. G\u00fcng\u00f6r, Ankara, K\u00fclt\u00fcr ve Turizm Bakanl\u0131\u011f\u0131 Yay\u0131nlar\u0131, 1987, s. 482; B\u00fcnyamin \u00c7a\u011flayan,&nbsp;<strong>Kerbel\u00e2 Mersiyeleri<\/strong>, (Yay\u0131mlanmam\u0131\u015f Doktora Tezi) Ankara: Gazi \u00dcni. SBE, 1997, s. 87.&nbsp;<\/p>\n\n\n\n<p><a href=\"applewebdata:\/\/5D860BAE-9A2F-46A5-9D50-3DC7A1A129F4#_ftnref5\"><sup>[5]<\/sup><\/a>&nbsp;Kimi yerlerde \u201cAnas\u0131 Fat\u0131ma cihana veli\u201d \u015feklinde de ge\u00e7mektedir.<\/p>\n\n\n\n<p><a href=\"applewebdata:\/\/5D860BAE-9A2F-46A5-9D50-3DC7A1A129F4#_ftnref6\"><sup>[6]<\/sup><\/a>&nbsp;S. N\u00fczhet Ergun,&nbsp;<strong>Bekta\u015f\u00ee \u015eairleri ve Nefesleri<\/strong>, Haz. A.A.S.Do\u011fan, Ankara, \u00c7olpan Kitap, 2017, s. 202; Ayr\u0131ca, Abdulb\u00e2ki G\u00f6lp\u0131narl\u0131-Pertev Naili Boratav,&nbsp;<strong>Pir Sultan Abdal<\/strong>, \u0130stanbul, Derin Yay\u0131nlar\u0131, 2010, s. 97.<\/p>\n\n\n\n<p><a href=\"applewebdata:\/\/5D860BAE-9A2F-46A5-9D50-3DC7A1A129F4#_ftnref7\"><sup>[7]<\/sup><\/a><strong>Alevi &#8211; Bekta\u015fi \u015eiirleri Antolojisi<\/strong>, C. 2, s. 146.<\/p>\n\n\n\n<p><a href=\"applewebdata:\/\/5D860BAE-9A2F-46A5-9D50-3DC7A1A129F4#_ftnref8\"><sup>[8]<\/sup><\/a>&nbsp;<strong>Hatayi Divan\u0131 \u015eah \u0130smail Safevi<\/strong>, s. 110-111.<\/p>\n","protected":false},"excerpt":{"rendered":"<p>Hakan Mertcan Hz. Ali\u2019nin taraftarlar\u0131, peygamberin, kendisinin ard\u0131ndan toplumun lideri (veli ve vasi) olacak ki\u015fiyi \u011ead\u00eer Humm\u2019da a\u00e7\u0131k\u00e7a i\u015faret etti\u011fini savunur. \u011ead\u00eer Humm\u2019da Ali ad\u0131na biat al\u0131nm\u0131\u015f fakat peygamberin \u00f6l\u00fcm\u00fcn\u00fcn ard\u0131ndan biat edenlerin b\u00fcy\u00fck kesimi bu biattan d\u00f6nm\u00fc\u015ft\u00fcr. Ali taraftarlar\u0131 haks\u0131zl\u0131klarla kar\u015f\u0131 kar\u015f\u0131ya kalm\u0131\u015f ve belli bir s\u00fcreden sonra \u00e7e\u015fitli \u00e7at\u0131\u015fmalar ve m\u00fccadeleler ba\u015flam\u0131\u015ft\u0131r. Hz. [&hellip;]<\/p>\n","protected":false},"author":1,"featured_media":197,"comment_status":"closed","ping_status":"open","sticky":false,"template":"","format":"standard","meta":{"tdm_status":"","tdm_grid_status":"","footnotes":""},"categories":[5],"tags":[],"class_list":{"0":"post-191","1":"post","2":"type-post","3":"status-publish","4":"format-standard","5":"has-post-thumbnail","7":"category-tarih"},"yoast_head":"<!-- This site is optimized with the Yoast SEO plugin v26.6 - https:\/\/yoast.com\/wordpress\/plugins\/seo\/ -->\n<title>Kerbel\u00e2\u2019ya Dair Birka\u00e7 Not - ehlen<\/title>\n<meta name=\"description\" content=\"Yukar\u0131da bahsedildi\u011fi gibi, Hz. Ali\u2019nin taraftarlar\u0131, peygamberin, kendisinin ard\u0131ndan toplumun lideri (veli ve vasi) olacak ki\u015fiyi \u011ead\u00eer Humm\u2019da a\u00e7\u0131k\u00e7a i\u015faret etti\u011fini savunur.\" \/>\n<meta name=\"robots\" content=\"index, follow, max-snippet:-1, max-image-preview:large, max-video-preview:-1\" \/>\n<link rel=\"canonical\" href=\"https:\/\/ehlendergisi.com\/index.php\/2023\/07\/24\/kerbelaya-dair-birkac-not\/\" \/>\n<meta property=\"og:locale\" content=\"tr_TR\" \/>\n<meta property=\"og:type\" content=\"article\" \/>\n<meta property=\"og:title\" content=\"Kerbel\u00e2\u2019ya Dair Birka\u00e7 Not - ehlen\" \/>\n<meta property=\"og:description\" content=\"Yukar\u0131da bahsedildi\u011fi gibi, Hz. Ali\u2019nin taraftarlar\u0131, peygamberin, kendisinin ard\u0131ndan toplumun lideri (veli ve vasi) olacak ki\u015fiyi \u011ead\u00eer Humm\u2019da a\u00e7\u0131k\u00e7a i\u015faret etti\u011fini savunur.\" \/>\n<meta property=\"og:url\" content=\"https:\/\/ehlendergisi.com\/index.php\/2023\/07\/24\/kerbelaya-dair-birkac-not\/\" \/>\n<meta property=\"og:site_name\" content=\"ehlen\" \/>\n<meta property=\"article:publisher\" content=\"https:\/\/www.facebook.com\/ehlendergisi\/?locale=tr_TR\" \/>\n<meta property=\"article:published_time\" content=\"2023-07-24T19:05:49+00:00\" \/>\n<meta property=\"article:modified_time\" content=\"2023-08-04T07:37:27+00:00\" \/>\n<meta property=\"og:image\" content=\"https:\/\/ehlendergisi.com\/wp-content\/uploads\/2023\/07\/Brooklyn_Museum_-_Battle_of_Karbala_-_Abbas_Al-Musavi_-_overall.jpeg\" \/>\n\t<meta property=\"og:image:width\" content=\"1200\" \/>\n\t<meta property=\"og:image:height\" content=\"645\" \/>\n\t<meta property=\"og:image:type\" content=\"image\/jpeg\" \/>\n<meta name=\"author\" content=\"admin\" \/>\n<meta name=\"twitter:card\" content=\"summary_large_image\" \/>\n<meta name=\"twitter:creator\" content=\"@yenidenehlen\" \/>\n<meta name=\"twitter:site\" content=\"@yenidenehlen\" \/>\n<meta name=\"twitter:label1\" content=\"Yazan:\" \/>\n\t<meta name=\"twitter:data1\" content=\"admin\" \/>\n\t<meta name=\"twitter:label2\" content=\"Tahmini okuma s\u00fcresi\" \/>\n\t<meta name=\"twitter:data2\" content=\"6 dakika\" \/>\n<script type=\"application\/ld+json\" class=\"yoast-schema-graph\">{\"@context\":\"https:\/\/schema.org\",\"@graph\":[{\"@type\":\"Article\",\"@id\":\"https:\/\/ehlendergisi.com\/index.php\/2023\/07\/24\/kerbelaya-dair-birkac-not\/#article\",\"isPartOf\":{\"@id\":\"https:\/\/ehlendergisi.com\/index.php\/2023\/07\/24\/kerbelaya-dair-birkac-not\/\"},\"author\":{\"name\":\"admin\",\"@id\":\"http:\/\/ehlendergisi.com\/#\/schema\/person\/de94365e0837ae704e10d1723547402a\"},\"headline\":\"Kerbel\u00e2\u2019ya Dair Birka\u00e7 Not\",\"datePublished\":\"2023-07-24T19:05:49+00:00\",\"dateModified\":\"2023-08-04T07:37:27+00:00\",\"mainEntityOfPage\":{\"@id\":\"https:\/\/ehlendergisi.com\/index.php\/2023\/07\/24\/kerbelaya-dair-birkac-not\/\"},\"wordCount\":1322,\"publisher\":{\"@id\":\"http:\/\/ehlendergisi.com\/#organization\"},\"image\":{\"@id\":\"https:\/\/ehlendergisi.com\/index.php\/2023\/07\/24\/kerbelaya-dair-birkac-not\/#primaryimage\"},\"thumbnailUrl\":\"https:\/\/ehlendergisi.com\/wp-content\/uploads\/2023\/07\/Brooklyn_Museum_-_Battle_of_Karbala_-_Abbas_Al-Musavi_-_overall.jpeg\",\"articleSection\":[\"Tarih\"],\"inLanguage\":\"tr\"},{\"@type\":\"WebPage\",\"@id\":\"https:\/\/ehlendergisi.com\/index.php\/2023\/07\/24\/kerbelaya-dair-birkac-not\/\",\"url\":\"https:\/\/ehlendergisi.com\/index.php\/2023\/07\/24\/kerbelaya-dair-birkac-not\/\",\"name\":\"Kerbel\u00e2\u2019ya Dair Birka\u00e7 Not - ehlen\",\"isPartOf\":{\"@id\":\"http:\/\/ehlendergisi.com\/#website\"},\"primaryImageOfPage\":{\"@id\":\"https:\/\/ehlendergisi.com\/index.php\/2023\/07\/24\/kerbelaya-dair-birkac-not\/#primaryimage\"},\"image\":{\"@id\":\"https:\/\/ehlendergisi.com\/index.php\/2023\/07\/24\/kerbelaya-dair-birkac-not\/#primaryimage\"},\"thumbnailUrl\":\"https:\/\/ehlendergisi.com\/wp-content\/uploads\/2023\/07\/Brooklyn_Museum_-_Battle_of_Karbala_-_Abbas_Al-Musavi_-_overall.jpeg\",\"datePublished\":\"2023-07-24T19:05:49+00:00\",\"dateModified\":\"2023-08-04T07:37:27+00:00\",\"description\":\"Yukar\u0131da bahsedildi\u011fi gibi, Hz. Ali\u2019nin taraftarlar\u0131, peygamberin, kendisinin ard\u0131ndan toplumun lideri (veli ve vasi) olacak ki\u015fiyi \u011ead\u00eer Humm\u2019da a\u00e7\u0131k\u00e7a i\u015faret etti\u011fini savunur.\",\"breadcrumb\":{\"@id\":\"https:\/\/ehlendergisi.com\/index.php\/2023\/07\/24\/kerbelaya-dair-birkac-not\/#breadcrumb\"},\"inLanguage\":\"tr\",\"potentialAction\":[{\"@type\":\"ReadAction\",\"target\":[\"https:\/\/ehlendergisi.com\/index.php\/2023\/07\/24\/kerbelaya-dair-birkac-not\/\"]}]},{\"@type\":\"ImageObject\",\"inLanguage\":\"tr\",\"@id\":\"https:\/\/ehlendergisi.com\/index.php\/2023\/07\/24\/kerbelaya-dair-birkac-not\/#primaryimage\",\"url\":\"https:\/\/ehlendergisi.com\/wp-content\/uploads\/2023\/07\/Brooklyn_Museum_-_Battle_of_Karbala_-_Abbas_Al-Musavi_-_overall.jpeg\",\"contentUrl\":\"https:\/\/ehlendergisi.com\/wp-content\/uploads\/2023\/07\/Brooklyn_Museum_-_Battle_of_Karbala_-_Abbas_Al-Musavi_-_overall.jpeg\",\"width\":1200,\"height\":645},{\"@type\":\"BreadcrumbList\",\"@id\":\"https:\/\/ehlendergisi.com\/index.php\/2023\/07\/24\/kerbelaya-dair-birkac-not\/#breadcrumb\",\"itemListElement\":[{\"@type\":\"ListItem\",\"position\":1,\"name\":\"Anasayfa\",\"item\":\"http:\/\/ehlendergisi.com\/\"},{\"@type\":\"ListItem\",\"position\":2,\"name\":\"Kerbel\u00e2\u2019ya Dair Birka\u00e7 Not\"}]},{\"@type\":\"WebSite\",\"@id\":\"http:\/\/ehlendergisi.com\/#website\",\"url\":\"http:\/\/ehlendergisi.com\/\",\"name\":\"ehlen\",\"description\":\"k\u00fclt\u00fcr, sanat, siyaset dergisi\",\"publisher\":{\"@id\":\"http:\/\/ehlendergisi.com\/#organization\"},\"potentialAction\":[{\"@type\":\"SearchAction\",\"target\":{\"@type\":\"EntryPoint\",\"urlTemplate\":\"http:\/\/ehlendergisi.com\/?s={search_term_string}\"},\"query-input\":{\"@type\":\"PropertyValueSpecification\",\"valueRequired\":true,\"valueName\":\"search_term_string\"}}],\"inLanguage\":\"tr\"},{\"@type\":\"Organization\",\"@id\":\"http:\/\/ehlendergisi.com\/#organization\",\"name\":\"ehlen\",\"url\":\"http:\/\/ehlendergisi.com\/\",\"logo\":{\"@type\":\"ImageObject\",\"inLanguage\":\"tr\",\"@id\":\"http:\/\/ehlendergisi.com\/#\/schema\/logo\/image\/\",\"url\":\"https:\/\/ehlendergisi.com\/wp-content\/uploads\/2023\/06\/IMG_9500404081E2-1-2.jpeg\",\"contentUrl\":\"https:\/\/ehlendergisi.com\/wp-content\/uploads\/2023\/06\/IMG_9500404081E2-1-2.jpeg\",\"width\":2560,\"height\":1341,\"caption\":\"ehlen\"},\"image\":{\"@id\":\"http:\/\/ehlendergisi.com\/#\/schema\/logo\/image\/\"},\"sameAs\":[\"https:\/\/www.facebook.com\/ehlendergisi\/?locale=tr_TR\",\"https:\/\/x.com\/yenidenehlen\"]},{\"@type\":\"Person\",\"@id\":\"http:\/\/ehlendergisi.com\/#\/schema\/person\/de94365e0837ae704e10d1723547402a\",\"name\":\"admin\",\"image\":{\"@type\":\"ImageObject\",\"inLanguage\":\"tr\",\"@id\":\"http:\/\/ehlendergisi.com\/#\/schema\/person\/image\/\",\"url\":\"https:\/\/secure.gravatar.com\/avatar\/4e3d1b4ba20db56c5c7cda805db9aa90e8ae36f8cd48a7e189f21124a32188a7?s=96&d=mm&r=g\",\"contentUrl\":\"https:\/\/secure.gravatar.com\/avatar\/4e3d1b4ba20db56c5c7cda805db9aa90e8ae36f8cd48a7e189f21124a32188a7?s=96&d=mm&r=g\",\"caption\":\"admin\"},\"sameAs\":[\"http:\/\/ehlendergisi.com\"],\"url\":\"https:\/\/ehlendergisi.com\/index.php\/author\/admin\/\"}]}<\/script>\n<!-- \/ Yoast SEO plugin. -->","yoast_head_json":{"title":"Kerbel\u00e2\u2019ya Dair Birka\u00e7 Not - ehlen","description":"Yukar\u0131da bahsedildi\u011fi gibi, Hz. Ali\u2019nin taraftarlar\u0131, peygamberin, kendisinin ard\u0131ndan toplumun lideri (veli ve vasi) olacak ki\u015fiyi \u011ead\u00eer Humm\u2019da a\u00e7\u0131k\u00e7a i\u015faret etti\u011fini savunur.","robots":{"index":"index","follow":"follow","max-snippet":"max-snippet:-1","max-image-preview":"max-image-preview:large","max-video-preview":"max-video-preview:-1"},"canonical":"https:\/\/ehlendergisi.com\/index.php\/2023\/07\/24\/kerbelaya-dair-birkac-not\/","og_locale":"tr_TR","og_type":"article","og_title":"Kerbel\u00e2\u2019ya Dair Birka\u00e7 Not - ehlen","og_description":"Yukar\u0131da bahsedildi\u011fi gibi, Hz. Ali\u2019nin taraftarlar\u0131, peygamberin, kendisinin ard\u0131ndan toplumun lideri (veli ve vasi) olacak ki\u015fiyi \u011ead\u00eer Humm\u2019da a\u00e7\u0131k\u00e7a i\u015faret etti\u011fini savunur.","og_url":"https:\/\/ehlendergisi.com\/index.php\/2023\/07\/24\/kerbelaya-dair-birkac-not\/","og_site_name":"ehlen","article_publisher":"https:\/\/www.facebook.com\/ehlendergisi\/?locale=tr_TR","article_published_time":"2023-07-24T19:05:49+00:00","article_modified_time":"2023-08-04T07:37:27+00:00","og_image":[{"width":1200,"height":645,"url":"https:\/\/ehlendergisi.com\/wp-content\/uploads\/2023\/07\/Brooklyn_Museum_-_Battle_of_Karbala_-_Abbas_Al-Musavi_-_overall.jpeg","type":"image\/jpeg"}],"author":"admin","twitter_card":"summary_large_image","twitter_creator":"@yenidenehlen","twitter_site":"@yenidenehlen","twitter_misc":{"Yazan:":"admin","Tahmini okuma s\u00fcresi":"6 dakika"},"schema":{"@context":"https:\/\/schema.org","@graph":[{"@type":"Article","@id":"https:\/\/ehlendergisi.com\/index.php\/2023\/07\/24\/kerbelaya-dair-birkac-not\/#article","isPartOf":{"@id":"https:\/\/ehlendergisi.com\/index.php\/2023\/07\/24\/kerbelaya-dair-birkac-not\/"},"author":{"name":"admin","@id":"http:\/\/ehlendergisi.com\/#\/schema\/person\/de94365e0837ae704e10d1723547402a"},"headline":"Kerbel\u00e2\u2019ya Dair Birka\u00e7 Not","datePublished":"2023-07-24T19:05:49+00:00","dateModified":"2023-08-04T07:37:27+00:00","mainEntityOfPage":{"@id":"https:\/\/ehlendergisi.com\/index.php\/2023\/07\/24\/kerbelaya-dair-birkac-not\/"},"wordCount":1322,"publisher":{"@id":"http:\/\/ehlendergisi.com\/#organization"},"image":{"@id":"https:\/\/ehlendergisi.com\/index.php\/2023\/07\/24\/kerbelaya-dair-birkac-not\/#primaryimage"},"thumbnailUrl":"https:\/\/ehlendergisi.com\/wp-content\/uploads\/2023\/07\/Brooklyn_Museum_-_Battle_of_Karbala_-_Abbas_Al-Musavi_-_overall.jpeg","articleSection":["Tarih"],"inLanguage":"tr"},{"@type":"WebPage","@id":"https:\/\/ehlendergisi.com\/index.php\/2023\/07\/24\/kerbelaya-dair-birkac-not\/","url":"https:\/\/ehlendergisi.com\/index.php\/2023\/07\/24\/kerbelaya-dair-birkac-not\/","name":"Kerbel\u00e2\u2019ya Dair Birka\u00e7 Not - ehlen","isPartOf":{"@id":"http:\/\/ehlendergisi.com\/#website"},"primaryImageOfPage":{"@id":"https:\/\/ehlendergisi.com\/index.php\/2023\/07\/24\/kerbelaya-dair-birkac-not\/#primaryimage"},"image":{"@id":"https:\/\/ehlendergisi.com\/index.php\/2023\/07\/24\/kerbelaya-dair-birkac-not\/#primaryimage"},"thumbnailUrl":"https:\/\/ehlendergisi.com\/wp-content\/uploads\/2023\/07\/Brooklyn_Museum_-_Battle_of_Karbala_-_Abbas_Al-Musavi_-_overall.jpeg","datePublished":"2023-07-24T19:05:49+00:00","dateModified":"2023-08-04T07:37:27+00:00","description":"Yukar\u0131da bahsedildi\u011fi gibi, Hz. Ali\u2019nin taraftarlar\u0131, peygamberin, kendisinin ard\u0131ndan toplumun lideri (veli ve vasi) olacak ki\u015fiyi \u011ead\u00eer Humm\u2019da a\u00e7\u0131k\u00e7a i\u015faret etti\u011fini savunur.","breadcrumb":{"@id":"https:\/\/ehlendergisi.com\/index.php\/2023\/07\/24\/kerbelaya-dair-birkac-not\/#breadcrumb"},"inLanguage":"tr","potentialAction":[{"@type":"ReadAction","target":["https:\/\/ehlendergisi.com\/index.php\/2023\/07\/24\/kerbelaya-dair-birkac-not\/"]}]},{"@type":"ImageObject","inLanguage":"tr","@id":"https:\/\/ehlendergisi.com\/index.php\/2023\/07\/24\/kerbelaya-dair-birkac-not\/#primaryimage","url":"https:\/\/ehlendergisi.com\/wp-content\/uploads\/2023\/07\/Brooklyn_Museum_-_Battle_of_Karbala_-_Abbas_Al-Musavi_-_overall.jpeg","contentUrl":"https:\/\/ehlendergisi.com\/wp-content\/uploads\/2023\/07\/Brooklyn_Museum_-_Battle_of_Karbala_-_Abbas_Al-Musavi_-_overall.jpeg","width":1200,"height":645},{"@type":"BreadcrumbList","@id":"https:\/\/ehlendergisi.com\/index.php\/2023\/07\/24\/kerbelaya-dair-birkac-not\/#breadcrumb","itemListElement":[{"@type":"ListItem","position":1,"name":"Anasayfa","item":"http:\/\/ehlendergisi.com\/"},{"@type":"ListItem","position":2,"name":"Kerbel\u00e2\u2019ya Dair Birka\u00e7 Not"}]},{"@type":"WebSite","@id":"http:\/\/ehlendergisi.com\/#website","url":"http:\/\/ehlendergisi.com\/","name":"ehlen","description":"k\u00fclt\u00fcr, sanat, siyaset dergisi","publisher":{"@id":"http:\/\/ehlendergisi.com\/#organization"},"potentialAction":[{"@type":"SearchAction","target":{"@type":"EntryPoint","urlTemplate":"http:\/\/ehlendergisi.com\/?s={search_term_string}"},"query-input":{"@type":"PropertyValueSpecification","valueRequired":true,"valueName":"search_term_string"}}],"inLanguage":"tr"},{"@type":"Organization","@id":"http:\/\/ehlendergisi.com\/#organization","name":"ehlen","url":"http:\/\/ehlendergisi.com\/","logo":{"@type":"ImageObject","inLanguage":"tr","@id":"http:\/\/ehlendergisi.com\/#\/schema\/logo\/image\/","url":"https:\/\/ehlendergisi.com\/wp-content\/uploads\/2023\/06\/IMG_9500404081E2-1-2.jpeg","contentUrl":"https:\/\/ehlendergisi.com\/wp-content\/uploads\/2023\/06\/IMG_9500404081E2-1-2.jpeg","width":2560,"height":1341,"caption":"ehlen"},"image":{"@id":"http:\/\/ehlendergisi.com\/#\/schema\/logo\/image\/"},"sameAs":["https:\/\/www.facebook.com\/ehlendergisi\/?locale=tr_TR","https:\/\/x.com\/yenidenehlen"]},{"@type":"Person","@id":"http:\/\/ehlendergisi.com\/#\/schema\/person\/de94365e0837ae704e10d1723547402a","name":"admin","image":{"@type":"ImageObject","inLanguage":"tr","@id":"http:\/\/ehlendergisi.com\/#\/schema\/person\/image\/","url":"https:\/\/secure.gravatar.com\/avatar\/4e3d1b4ba20db56c5c7cda805db9aa90e8ae36f8cd48a7e189f21124a32188a7?s=96&d=mm&r=g","contentUrl":"https:\/\/secure.gravatar.com\/avatar\/4e3d1b4ba20db56c5c7cda805db9aa90e8ae36f8cd48a7e189f21124a32188a7?s=96&d=mm&r=g","caption":"admin"},"sameAs":["http:\/\/ehlendergisi.com"],"url":"https:\/\/ehlendergisi.com\/index.php\/author\/admin\/"}]}},"amp_enabled":true,"_links":{"self":[{"href":"https:\/\/ehlendergisi.com\/index.php\/wp-json\/wp\/v2\/posts\/191","targetHints":{"allow":["GET"]}}],"collection":[{"href":"https:\/\/ehlendergisi.com\/index.php\/wp-json\/wp\/v2\/posts"}],"about":[{"href":"https:\/\/ehlendergisi.com\/index.php\/wp-json\/wp\/v2\/types\/post"}],"author":[{"embeddable":true,"href":"https:\/\/ehlendergisi.com\/index.php\/wp-json\/wp\/v2\/users\/1"}],"replies":[{"embeddable":true,"href":"https:\/\/ehlendergisi.com\/index.php\/wp-json\/wp\/v2\/comments?post=191"}],"version-history":[{"count":2,"href":"https:\/\/ehlendergisi.com\/index.php\/wp-json\/wp\/v2\/posts\/191\/revisions"}],"predecessor-version":[{"id":230,"href":"https:\/\/ehlendergisi.com\/index.php\/wp-json\/wp\/v2\/posts\/191\/revisions\/230"}],"wp:featuredmedia":[{"embeddable":true,"href":"https:\/\/ehlendergisi.com\/index.php\/wp-json\/wp\/v2\/media\/197"}],"wp:attachment":[{"href":"https:\/\/ehlendergisi.com\/index.php\/wp-json\/wp\/v2\/media?parent=191"}],"wp:term":[{"taxonomy":"category","embeddable":true,"href":"https:\/\/ehlendergisi.com\/index.php\/wp-json\/wp\/v2\/categories?post=191"},{"taxonomy":"post_tag","embeddable":true,"href":"https:\/\/ehlendergisi.com\/index.php\/wp-json\/wp\/v2\/tags?post=191"}],"curies":[{"name":"wp","href":"https:\/\/api.w.org\/{rel}","templated":true}]}}