{"id":208,"date":"2023-08-17T08:19:26","date_gmt":"2023-08-17T08:19:26","guid":{"rendered":"https:\/\/ehlendergisi.com\/?p=208"},"modified":"2023-08-17T10:39:50","modified_gmt":"2023-08-17T10:39:50","slug":"anadilimiz-2","status":"publish","type":"post","link":"https:\/\/ehlendergisi.com\/index.php\/2023\/08\/17\/anadilimiz-2\/","title":{"rendered":"ANAD\u0130L\u0130M\u0130Z-2"},"content":{"rendered":"\n<p><em>Mahmut A\u011fbaht<\/em><\/p>\n\n\n\n<p><strong>Kar\u0131\u015ft\u0131r\u0131lan \u0130ki Oldu: \u2018\u2019Kod Kar\u0131\u015ft\u0131r\u0131m\u0131\u2019\u2019 ve \u2018\u2019\u0130kide\u011fi\u015fkelilik\u2019\u2019<\/strong><\/p>\n\n\n\n<p>Arap\u00e7an\u0131n ikide\u011fi\u015fkeli (Leh\u00e7e ve Standart Arap\u00e7a) \u00f6zelli\u011fe sahip olmas\u0131 ayr\u0131 bask\u0131n dil T\u00fcrk\u00e7enin leh\u00e7e \u00fczerindeki etkisi ayr\u0131 konulard\u0131r. Birbiriyle kar\u0131\u015ft\u0131rmamak gerek. Elbette, meitdaw\u015fan (d\u00fc\u015f\u00fcn\u00fcyorum),<em> arqada\u015fiyy\u00e2ti\u00a0<\/em>(arkada\u015flar\u0131m) gibi Arap\u00e7ala\u015ft\u0131r\u0131lan s\u00f6zc\u00fckler (kod kar\u0131\u015ft\u0131r\u0131m\u0131) konusunda bireyler olabildi\u011fince \u00f6zenli olmal\u0131. Yani, meitdaw\u015fan yerine meitfekker, arqada\u015fiyy\u00e2ti yerine rf\u00eeq\u00e2ti kullanmak gerekir. Ama leh\u00e7ede \u00f6zg\u00fcn kar\u015f\u0131l\u0131\u011f\u0131n\u0131 bilmiyorlarsa o zaman bildikleri s\u00f6zc\u00fc\u011f\u00fc T\u00fcrk\u00e7e olsun veya olmas\u0131n onu kullanmal\u0131lar. Kod kar\u0131\u015ft\u0131rm\u0131 oluyor diye konu\u015fmamak anlams\u0131z! Kod kar\u0131\u015ft\u0131r\u0131m\u0131na kar\u015f\u0131 yapabilecekleriniz vard\u0131r ancak konu\u015fmama tutumunun do\u011furaca\u011f\u0131 kay\u0131plar\u0131 geri getiremezsiniz. <\/p>\n\n\n\n<p>Dil konu\u015fulmay\u0131nca \u00f6l\u00fcr, ba\u015fka dilden kelime al\u0131nca de\u011fil! Diller aras\u0131 etkile\u015fim ka\u00e7\u0131n\u0131lmazd\u0131r. Elbette T\u00fcrk\u00e7e ve Arap\u00e7a toplumsal olarak dengeli bir \u015fekilde konumland\u0131r\u0131lmam\u0131\u015ft\u0131r. Bu nedenle, bu etkile\u015fim Arap\u00e7an\u0131n aleyhine i\u015flemekte ve ikidillikten tekdillili\u011fe do\u011fru gidi\u015f s\u00fcrecinde bir yok olu\u015fa s\u00fcr\u00fcklenmektedir. Ancak bunu engelleyecek olan \u015fey, \u2018\u2019leh\u00e7eyi k\u00fc\u00e7\u00fcmsemek\u2019\u2019, \u2018\u2019Arap\u00e7a konu\u015fmamak\u2019\u2019 kesinlikle de\u011fildir!<\/p>\n\n\n\n<p><strong>STANDART ARAP\u00c7A \u00d6\u011eRET\u0130LMEL\u0130 M\u0130?<\/strong><\/p>\n\n\n\n<p>Elbette, evet. Bireyin Standart Arap\u00e7ay\u0131 \u00f6\u011frenmesi sosyal, k\u00fclt\u00fcrel, ekonomik gibi bir\u00e7ok alanda kazan\u0131mlar elde etmesini sa\u011flayabilir. Leh\u00e7eyi bilen birisinin Standart Arap\u00e7a \u00f6\u011frenme s\u00fcrecinde avantajl\u0131 oldu\u011funu belirtmek gerek. Standart Arap\u00e7an\u0131n \u00f6\u011fretilmemesi, kullan\u0131lmamas\u0131 anadili i\u00e7in bir bak\u0131ma baz\u0131 toplumdilbilimsel riskler s\u00f6z konusu olabilir.<\/p>\n\n\n\n<p><strong>BAZI R\u0130SKLER<\/strong><\/p>\n\n\n\n<p>Standart Arap\u00e7an\u0131n \u00f6\u011fretilmemesi, anadili\/leh\u00e7eyi gitgide farkl\u0131-yeni bir dile d\u00f6n\u00fc\u015ft\u00fcrebilir. Leh\u00e7emiz, dilbilimsel olarak Suriye-Filistin b\u00f6lgesi Arap\u00e7a ana-leh\u00e7e koluna ait bir leh\u00e7e. Standart Arap\u00e7ayla etkile\u015fim yerine, bask\u0131n dil T\u00fcrk\u00e7enin etkisiyle zamanla bu ana-koldan iyice farkl\u0131la\u015f\u0131p k\u0131rma anadili (creole) denilen bir dile d\u00f6n\u00fc\u015febilir. Bu da zamanla t\u00fcm b\u00f6lgede di\u011fer leh\u00e7e konu\u015furlar\u0131yla kar\u015f\u0131l\u0131kl\u0131 anla\u015f\u0131l\u0131rl\u0131\u011f\u0131 ciddi derecede zor, belki de imkans\u0131z hale getirebilir. B\u00f6ylece b\u00fcy\u00fck bir co\u011frafyayla ileti\u015fimsel \u015fanslar azal\u0131r. \u0130kidilli olman\u0131n olas\u0131 sosyal, k\u00fclt\u00fcrel, ticari kazan\u0131mlar\u0131 s\u0131n\u0131rlan\u0131r.<\/p>\n\n\n\n<p>Anadili kaymas\u0131 riski, ikidillilikten tekdillili\u011fe gidi\u015f tehlikesi bunlar hepsi bu s\u00fcrecin birey ve toplum a\u00e7\u0131s\u0131ndan olumsuz sonu\u00e7lar\u0131ndan biri olabilir. Bu, k\u00fclt\u00fcrel miras\u0131n\u0131n ta\u015f\u0131y\u0131c\u0131s\u0131, aktar\u0131c\u0131s\u0131, kimli\u011fini k\u0131saca insan-toplum i\u00e7in her \u015fey demek olan anadilini kaybetmesi demek. Bu, \u00e7ocukluk d\u00f6neminden edindi\u011fi ikidille hayat\u0131nda ikidilli olman\u0131n zihinsel, sosyal, k\u00fclt\u00fcrel kazan\u0131mlar\u0131ndan yararlanma \u015fans\u0131n\u0131n tehlikeye girmesi demek. \u0130kidilli bir d\u00fcnyadan, tekdilli bir d\u00fcnyaya hapsolma facias\u0131, diyelim k\u0131saca. (Not: Kaynak\u00e7aya son yaz\u0131da yer verilecektir.)<\/p>\n\n\n\n<p>*Bu yaz\u0131,&nbsp;<strong>Ehlen Dergisi, Temmuz 2014 Say\u0131 2, sayfa 26<\/strong>\u2019da yay\u0131nlanm\u0131\u015ft\u0131r.<\/p>\n","protected":false},"excerpt":{"rendered":"<p>Mahmut A\u011fbaht Kar\u0131\u015ft\u0131r\u0131lan \u0130ki Oldu: \u2018\u2019Kod Kar\u0131\u015ft\u0131r\u0131m\u0131\u2019\u2019 ve \u2018\u2019\u0130kide\u011fi\u015fkelilik\u2019\u2019 Arap\u00e7an\u0131n ikide\u011fi\u015fkeli (Leh\u00e7e ve Standart Arap\u00e7a) \u00f6zelli\u011fe sahip olmas\u0131 ayr\u0131 bask\u0131n dil T\u00fcrk\u00e7enin leh\u00e7e \u00fczerindeki etkisi ayr\u0131 konulard\u0131r. Birbiriyle kar\u0131\u015ft\u0131rmamak gerek. Elbette, meitdaw\u015fan (d\u00fc\u015f\u00fcn\u00fcyorum), arqada\u015fiyy\u00e2ti\u00a0(arkada\u015flar\u0131m) gibi Arap\u00e7ala\u015ft\u0131r\u0131lan s\u00f6zc\u00fckler (kod kar\u0131\u015ft\u0131r\u0131m\u0131) konusunda bireyler olabildi\u011fince \u00f6zenli olmal\u0131. Yani, meitdaw\u015fan yerine meitfekker, arqada\u015fiyy\u00e2ti yerine rf\u00eeq\u00e2ti kullanmak gerekir. Ama leh\u00e7ede [&hellip;]<\/p>\n","protected":false},"author":1,"featured_media":234,"comment_status":"closed","ping_status":"open","sticky":false,"template":"","format":"standard","meta":{"tdm_status":"","tdm_grid_status":"","footnotes":""},"categories":[1],"tags":[],"class_list":{"0":"post-208","1":"post","2":"type-post","3":"status-publish","4":"format-standard","5":"has-post-thumbnail","7":"category-anadili"},"yoast_head":"<!-- This site is optimized with the Yoast SEO plugin v26.6 - https:\/\/yoast.com\/wordpress\/plugins\/seo\/ -->\n<title>ANAD\u0130L\u0130M\u0130Z-2 - ehlen<\/title>\n<meta name=\"description\" content=\"Arap\u00e7an\u0131n ikide\u011fi\u015fkeli (Leh\u00e7e ve Standart Arap\u00e7a) \u00f6zelli\u011fe sahip olmas\u0131 ayr\u0131 bask\u0131n dil T\u00fcrk\u00e7enin leh\u00e7e \u00fczerindeki etkisi ayr\u0131 konulard\u0131r.\" \/>\n<meta name=\"robots\" content=\"index, follow, max-snippet:-1, max-image-preview:large, max-video-preview:-1\" \/>\n<link rel=\"canonical\" href=\"https:\/\/ehlendergisi.com\/index.php\/2023\/08\/17\/anadilimiz-2\/\" \/>\n<meta property=\"og:locale\" content=\"tr_TR\" \/>\n<meta property=\"og:type\" content=\"article\" \/>\n<meta property=\"og:title\" content=\"ANAD\u0130L\u0130M\u0130Z-2 - ehlen\" \/>\n<meta property=\"og:description\" content=\"Arap\u00e7an\u0131n ikide\u011fi\u015fkeli (Leh\u00e7e ve Standart Arap\u00e7a) \u00f6zelli\u011fe sahip olmas\u0131 ayr\u0131 bask\u0131n dil T\u00fcrk\u00e7enin leh\u00e7e \u00fczerindeki etkisi ayr\u0131 konulard\u0131r.\" \/>\n<meta property=\"og:url\" content=\"https:\/\/ehlendergisi.com\/index.php\/2023\/08\/17\/anadilimiz-2\/\" \/>\n<meta property=\"og:site_name\" content=\"ehlen\" \/>\n<meta property=\"article:publisher\" content=\"https:\/\/www.facebook.com\/ehlendergisi\/?locale=tr_TR\" \/>\n<meta property=\"article:published_time\" content=\"2023-08-17T08:19:26+00:00\" \/>\n<meta property=\"article:modified_time\" content=\"2023-08-17T10:39:50+00:00\" \/>\n<meta property=\"og:image\" content=\"https:\/\/ehlendergisi.com\/wp-content\/uploads\/2023\/07\/image770x420cropped.jpg\" \/>\n\t<meta property=\"og:image:width\" content=\"770\" \/>\n\t<meta property=\"og:image:height\" content=\"420\" \/>\n\t<meta property=\"og:image:type\" content=\"image\/jpeg\" \/>\n<meta name=\"author\" content=\"admin\" \/>\n<meta name=\"twitter:card\" content=\"summary_large_image\" \/>\n<meta name=\"twitter:image\" content=\"https:\/\/ehlendergisi.com\/wp-content\/uploads\/2023\/07\/image770x420cropped.jpg\" \/>\n<meta name=\"twitter:creator\" content=\"@yenidenehlen\" \/>\n<meta name=\"twitter:site\" content=\"@yenidenehlen\" \/>\n<meta name=\"twitter:label1\" content=\"Yazan:\" \/>\n\t<meta name=\"twitter:data1\" content=\"admin\" \/>\n\t<meta name=\"twitter:label2\" content=\"Tahmini okuma s\u00fcresi\" \/>\n\t<meta name=\"twitter:data2\" content=\"3 dakika\" \/>\n<script type=\"application\/ld+json\" class=\"yoast-schema-graph\">{\"@context\":\"https:\/\/schema.org\",\"@graph\":[{\"@type\":\"Article\",\"@id\":\"https:\/\/ehlendergisi.com\/index.php\/2023\/08\/17\/anadilimiz-2\/#article\",\"isPartOf\":{\"@id\":\"https:\/\/ehlendergisi.com\/index.php\/2023\/08\/17\/anadilimiz-2\/\"},\"author\":{\"name\":\"admin\",\"@id\":\"https:\/\/ehlendergisi.com\/#\/schema\/person\/de94365e0837ae704e10d1723547402a\"},\"headline\":\"ANAD\u0130L\u0130M\u0130Z-2\",\"datePublished\":\"2023-08-17T08:19:26+00:00\",\"dateModified\":\"2023-08-17T10:39:50+00:00\",\"mainEntityOfPage\":{\"@id\":\"https:\/\/ehlendergisi.com\/index.php\/2023\/08\/17\/anadilimiz-2\/\"},\"wordCount\":539,\"publisher\":{\"@id\":\"https:\/\/ehlendergisi.com\/#organization\"},\"image\":{\"@id\":\"https:\/\/ehlendergisi.com\/index.php\/2023\/08\/17\/anadilimiz-2\/#primaryimage\"},\"thumbnailUrl\":\"https:\/\/ehlendergisi.com\/wp-content\/uploads\/2023\/07\/image770x420cropped.jpg\",\"articleSection\":[\"Anadili\"],\"inLanguage\":\"tr\"},{\"@type\":\"WebPage\",\"@id\":\"https:\/\/ehlendergisi.com\/index.php\/2023\/08\/17\/anadilimiz-2\/\",\"url\":\"https:\/\/ehlendergisi.com\/index.php\/2023\/08\/17\/anadilimiz-2\/\",\"name\":\"ANAD\u0130L\u0130M\u0130Z-2 - ehlen\",\"isPartOf\":{\"@id\":\"https:\/\/ehlendergisi.com\/#website\"},\"primaryImageOfPage\":{\"@id\":\"https:\/\/ehlendergisi.com\/index.php\/2023\/08\/17\/anadilimiz-2\/#primaryimage\"},\"image\":{\"@id\":\"https:\/\/ehlendergisi.com\/index.php\/2023\/08\/17\/anadilimiz-2\/#primaryimage\"},\"thumbnailUrl\":\"https:\/\/ehlendergisi.com\/wp-content\/uploads\/2023\/07\/image770x420cropped.jpg\",\"datePublished\":\"2023-08-17T08:19:26+00:00\",\"dateModified\":\"2023-08-17T10:39:50+00:00\",\"description\":\"Arap\u00e7an\u0131n ikide\u011fi\u015fkeli (Leh\u00e7e ve Standart Arap\u00e7a) \u00f6zelli\u011fe sahip olmas\u0131 ayr\u0131 bask\u0131n dil T\u00fcrk\u00e7enin leh\u00e7e \u00fczerindeki etkisi ayr\u0131 konulard\u0131r.\",\"breadcrumb\":{\"@id\":\"https:\/\/ehlendergisi.com\/index.php\/2023\/08\/17\/anadilimiz-2\/#breadcrumb\"},\"inLanguage\":\"tr\",\"potentialAction\":[{\"@type\":\"ReadAction\",\"target\":[\"https:\/\/ehlendergisi.com\/index.php\/2023\/08\/17\/anadilimiz-2\/\"]}]},{\"@type\":\"ImageObject\",\"inLanguage\":\"tr\",\"@id\":\"https:\/\/ehlendergisi.com\/index.php\/2023\/08\/17\/anadilimiz-2\/#primaryimage\",\"url\":\"https:\/\/ehlendergisi.com\/wp-content\/uploads\/2023\/07\/image770x420cropped.jpg\",\"contentUrl\":\"https:\/\/ehlendergisi.com\/wp-content\/uploads\/2023\/07\/image770x420cropped.jpg\",\"width\":770,\"height\":420},{\"@type\":\"BreadcrumbList\",\"@id\":\"https:\/\/ehlendergisi.com\/index.php\/2023\/08\/17\/anadilimiz-2\/#breadcrumb\",\"itemListElement\":[{\"@type\":\"ListItem\",\"position\":1,\"name\":\"Anasayfa\",\"item\":\"https:\/\/ehlendergisi.com\/\"},{\"@type\":\"ListItem\",\"position\":2,\"name\":\"ANAD\u0130L\u0130M\u0130Z-2\"}]},{\"@type\":\"WebSite\",\"@id\":\"https:\/\/ehlendergisi.com\/#website\",\"url\":\"https:\/\/ehlendergisi.com\/\",\"name\":\"ehlen\",\"description\":\"k\u00fclt\u00fcr, sanat, siyaset dergisi\",\"publisher\":{\"@id\":\"https:\/\/ehlendergisi.com\/#organization\"},\"potentialAction\":[{\"@type\":\"SearchAction\",\"target\":{\"@type\":\"EntryPoint\",\"urlTemplate\":\"https:\/\/ehlendergisi.com\/?s={search_term_string}\"},\"query-input\":{\"@type\":\"PropertyValueSpecification\",\"valueRequired\":true,\"valueName\":\"search_term_string\"}}],\"inLanguage\":\"tr\"},{\"@type\":\"Organization\",\"@id\":\"https:\/\/ehlendergisi.com\/#organization\",\"name\":\"ehlen\",\"url\":\"https:\/\/ehlendergisi.com\/\",\"logo\":{\"@type\":\"ImageObject\",\"inLanguage\":\"tr\",\"@id\":\"https:\/\/ehlendergisi.com\/#\/schema\/logo\/image\/\",\"url\":\"https:\/\/ehlendergisi.com\/wp-content\/uploads\/2023\/06\/IMG_9500404081E2-1-2.jpeg\",\"contentUrl\":\"https:\/\/ehlendergisi.com\/wp-content\/uploads\/2023\/06\/IMG_9500404081E2-1-2.jpeg\",\"width\":2560,\"height\":1341,\"caption\":\"ehlen\"},\"image\":{\"@id\":\"https:\/\/ehlendergisi.com\/#\/schema\/logo\/image\/\"},\"sameAs\":[\"https:\/\/www.facebook.com\/ehlendergisi\/?locale=tr_TR\",\"https:\/\/x.com\/yenidenehlen\"]},{\"@type\":\"Person\",\"@id\":\"https:\/\/ehlendergisi.com\/#\/schema\/person\/de94365e0837ae704e10d1723547402a\",\"name\":\"admin\",\"image\":{\"@type\":\"ImageObject\",\"inLanguage\":\"tr\",\"@id\":\"https:\/\/ehlendergisi.com\/#\/schema\/person\/image\/\",\"url\":\"https:\/\/secure.gravatar.com\/avatar\/4e3d1b4ba20db56c5c7cda805db9aa90e8ae36f8cd48a7e189f21124a32188a7?s=96&d=mm&r=g\",\"contentUrl\":\"https:\/\/secure.gravatar.com\/avatar\/4e3d1b4ba20db56c5c7cda805db9aa90e8ae36f8cd48a7e189f21124a32188a7?s=96&d=mm&r=g\",\"caption\":\"admin\"},\"sameAs\":[\"http:\/\/ehlendergisi.com\"],\"url\":\"https:\/\/ehlendergisi.com\/index.php\/author\/admin\/\"}]}<\/script>\n<!-- \/ Yoast SEO plugin. -->","yoast_head_json":{"title":"ANAD\u0130L\u0130M\u0130Z-2 - ehlen","description":"Arap\u00e7an\u0131n ikide\u011fi\u015fkeli (Leh\u00e7e ve Standart Arap\u00e7a) \u00f6zelli\u011fe sahip olmas\u0131 ayr\u0131 bask\u0131n dil T\u00fcrk\u00e7enin leh\u00e7e \u00fczerindeki etkisi ayr\u0131 konulard\u0131r.","robots":{"index":"index","follow":"follow","max-snippet":"max-snippet:-1","max-image-preview":"max-image-preview:large","max-video-preview":"max-video-preview:-1"},"canonical":"https:\/\/ehlendergisi.com\/index.php\/2023\/08\/17\/anadilimiz-2\/","og_locale":"tr_TR","og_type":"article","og_title":"ANAD\u0130L\u0130M\u0130Z-2 - ehlen","og_description":"Arap\u00e7an\u0131n ikide\u011fi\u015fkeli (Leh\u00e7e ve Standart Arap\u00e7a) \u00f6zelli\u011fe sahip olmas\u0131 ayr\u0131 bask\u0131n dil T\u00fcrk\u00e7enin leh\u00e7e \u00fczerindeki etkisi ayr\u0131 konulard\u0131r.","og_url":"https:\/\/ehlendergisi.com\/index.php\/2023\/08\/17\/anadilimiz-2\/","og_site_name":"ehlen","article_publisher":"https:\/\/www.facebook.com\/ehlendergisi\/?locale=tr_TR","article_published_time":"2023-08-17T08:19:26+00:00","article_modified_time":"2023-08-17T10:39:50+00:00","og_image":[{"width":770,"height":420,"url":"https:\/\/ehlendergisi.com\/wp-content\/uploads\/2023\/07\/image770x420cropped.jpg","type":"image\/jpeg"}],"author":"admin","twitter_card":"summary_large_image","twitter_image":"https:\/\/ehlendergisi.com\/wp-content\/uploads\/2023\/07\/image770x420cropped.jpg","twitter_creator":"@yenidenehlen","twitter_site":"@yenidenehlen","twitter_misc":{"Yazan:":"admin","Tahmini okuma s\u00fcresi":"3 dakika"},"schema":{"@context":"https:\/\/schema.org","@graph":[{"@type":"Article","@id":"https:\/\/ehlendergisi.com\/index.php\/2023\/08\/17\/anadilimiz-2\/#article","isPartOf":{"@id":"https:\/\/ehlendergisi.com\/index.php\/2023\/08\/17\/anadilimiz-2\/"},"author":{"name":"admin","@id":"https:\/\/ehlendergisi.com\/#\/schema\/person\/de94365e0837ae704e10d1723547402a"},"headline":"ANAD\u0130L\u0130M\u0130Z-2","datePublished":"2023-08-17T08:19:26+00:00","dateModified":"2023-08-17T10:39:50+00:00","mainEntityOfPage":{"@id":"https:\/\/ehlendergisi.com\/index.php\/2023\/08\/17\/anadilimiz-2\/"},"wordCount":539,"publisher":{"@id":"https:\/\/ehlendergisi.com\/#organization"},"image":{"@id":"https:\/\/ehlendergisi.com\/index.php\/2023\/08\/17\/anadilimiz-2\/#primaryimage"},"thumbnailUrl":"https:\/\/ehlendergisi.com\/wp-content\/uploads\/2023\/07\/image770x420cropped.jpg","articleSection":["Anadili"],"inLanguage":"tr"},{"@type":"WebPage","@id":"https:\/\/ehlendergisi.com\/index.php\/2023\/08\/17\/anadilimiz-2\/","url":"https:\/\/ehlendergisi.com\/index.php\/2023\/08\/17\/anadilimiz-2\/","name":"ANAD\u0130L\u0130M\u0130Z-2 - ehlen","isPartOf":{"@id":"https:\/\/ehlendergisi.com\/#website"},"primaryImageOfPage":{"@id":"https:\/\/ehlendergisi.com\/index.php\/2023\/08\/17\/anadilimiz-2\/#primaryimage"},"image":{"@id":"https:\/\/ehlendergisi.com\/index.php\/2023\/08\/17\/anadilimiz-2\/#primaryimage"},"thumbnailUrl":"https:\/\/ehlendergisi.com\/wp-content\/uploads\/2023\/07\/image770x420cropped.jpg","datePublished":"2023-08-17T08:19:26+00:00","dateModified":"2023-08-17T10:39:50+00:00","description":"Arap\u00e7an\u0131n ikide\u011fi\u015fkeli (Leh\u00e7e ve Standart Arap\u00e7a) \u00f6zelli\u011fe sahip olmas\u0131 ayr\u0131 bask\u0131n dil T\u00fcrk\u00e7enin leh\u00e7e \u00fczerindeki etkisi ayr\u0131 konulard\u0131r.","breadcrumb":{"@id":"https:\/\/ehlendergisi.com\/index.php\/2023\/08\/17\/anadilimiz-2\/#breadcrumb"},"inLanguage":"tr","potentialAction":[{"@type":"ReadAction","target":["https:\/\/ehlendergisi.com\/index.php\/2023\/08\/17\/anadilimiz-2\/"]}]},{"@type":"ImageObject","inLanguage":"tr","@id":"https:\/\/ehlendergisi.com\/index.php\/2023\/08\/17\/anadilimiz-2\/#primaryimage","url":"https:\/\/ehlendergisi.com\/wp-content\/uploads\/2023\/07\/image770x420cropped.jpg","contentUrl":"https:\/\/ehlendergisi.com\/wp-content\/uploads\/2023\/07\/image770x420cropped.jpg","width":770,"height":420},{"@type":"BreadcrumbList","@id":"https:\/\/ehlendergisi.com\/index.php\/2023\/08\/17\/anadilimiz-2\/#breadcrumb","itemListElement":[{"@type":"ListItem","position":1,"name":"Anasayfa","item":"https:\/\/ehlendergisi.com\/"},{"@type":"ListItem","position":2,"name":"ANAD\u0130L\u0130M\u0130Z-2"}]},{"@type":"WebSite","@id":"https:\/\/ehlendergisi.com\/#website","url":"https:\/\/ehlendergisi.com\/","name":"ehlen","description":"k\u00fclt\u00fcr, sanat, siyaset dergisi","publisher":{"@id":"https:\/\/ehlendergisi.com\/#organization"},"potentialAction":[{"@type":"SearchAction","target":{"@type":"EntryPoint","urlTemplate":"https:\/\/ehlendergisi.com\/?s={search_term_string}"},"query-input":{"@type":"PropertyValueSpecification","valueRequired":true,"valueName":"search_term_string"}}],"inLanguage":"tr"},{"@type":"Organization","@id":"https:\/\/ehlendergisi.com\/#organization","name":"ehlen","url":"https:\/\/ehlendergisi.com\/","logo":{"@type":"ImageObject","inLanguage":"tr","@id":"https:\/\/ehlendergisi.com\/#\/schema\/logo\/image\/","url":"https:\/\/ehlendergisi.com\/wp-content\/uploads\/2023\/06\/IMG_9500404081E2-1-2.jpeg","contentUrl":"https:\/\/ehlendergisi.com\/wp-content\/uploads\/2023\/06\/IMG_9500404081E2-1-2.jpeg","width":2560,"height":1341,"caption":"ehlen"},"image":{"@id":"https:\/\/ehlendergisi.com\/#\/schema\/logo\/image\/"},"sameAs":["https:\/\/www.facebook.com\/ehlendergisi\/?locale=tr_TR","https:\/\/x.com\/yenidenehlen"]},{"@type":"Person","@id":"https:\/\/ehlendergisi.com\/#\/schema\/person\/de94365e0837ae704e10d1723547402a","name":"admin","image":{"@type":"ImageObject","inLanguage":"tr","@id":"https:\/\/ehlendergisi.com\/#\/schema\/person\/image\/","url":"https:\/\/secure.gravatar.com\/avatar\/4e3d1b4ba20db56c5c7cda805db9aa90e8ae36f8cd48a7e189f21124a32188a7?s=96&d=mm&r=g","contentUrl":"https:\/\/secure.gravatar.com\/avatar\/4e3d1b4ba20db56c5c7cda805db9aa90e8ae36f8cd48a7e189f21124a32188a7?s=96&d=mm&r=g","caption":"admin"},"sameAs":["http:\/\/ehlendergisi.com"],"url":"https:\/\/ehlendergisi.com\/index.php\/author\/admin\/"}]}},"amp_enabled":true,"_links":{"self":[{"href":"https:\/\/ehlendergisi.com\/index.php\/wp-json\/wp\/v2\/posts\/208","targetHints":{"allow":["GET"]}}],"collection":[{"href":"https:\/\/ehlendergisi.com\/index.php\/wp-json\/wp\/v2\/posts"}],"about":[{"href":"https:\/\/ehlendergisi.com\/index.php\/wp-json\/wp\/v2\/types\/post"}],"author":[{"embeddable":true,"href":"https:\/\/ehlendergisi.com\/index.php\/wp-json\/wp\/v2\/users\/1"}],"replies":[{"embeddable":true,"href":"https:\/\/ehlendergisi.com\/index.php\/wp-json\/wp\/v2\/comments?post=208"}],"version-history":[{"count":5,"href":"https:\/\/ehlendergisi.com\/index.php\/wp-json\/wp\/v2\/posts\/208\/revisions"}],"predecessor-version":[{"id":239,"href":"https:\/\/ehlendergisi.com\/index.php\/wp-json\/wp\/v2\/posts\/208\/revisions\/239"}],"wp:featuredmedia":[{"embeddable":true,"href":"https:\/\/ehlendergisi.com\/index.php\/wp-json\/wp\/v2\/media\/234"}],"wp:attachment":[{"href":"https:\/\/ehlendergisi.com\/index.php\/wp-json\/wp\/v2\/media?parent=208"}],"wp:term":[{"taxonomy":"category","embeddable":true,"href":"https:\/\/ehlendergisi.com\/index.php\/wp-json\/wp\/v2\/categories?post=208"},{"taxonomy":"post_tag","embeddable":true,"href":"https:\/\/ehlendergisi.com\/index.php\/wp-json\/wp\/v2\/tags?post=208"}],"curies":[{"name":"wp","href":"https:\/\/api.w.org\/{rel}","templated":true}]}}