{"id":263,"date":"2023-10-04T09:29:27","date_gmt":"2023-10-04T09:29:27","guid":{"rendered":"https:\/\/ehlendergisi.com\/?p=263"},"modified":"2023-10-04T09:29:28","modified_gmt":"2023-10-04T09:29:28","slug":"gazeteci-bahadir-ozgur-antakyayi-yazdi-antakyayi-bile-isteye-kerbelaya-cevirdiler","status":"publish","type":"post","link":"https:\/\/ehlendergisi.com\/index.php\/2023\/10\/04\/gazeteci-bahadir-ozgur-antakyayi-yazdi-antakyayi-bile-isteye-kerbelaya-cevirdiler\/","title":{"rendered":"Gazeteci Bahad\u0131r \u00d6zg\u00fcr Antakya&#8217;y\u0131 yazd\u0131: Antakya\u2019y\u0131 bile isteye Kerbela\u2019ya \u00e7evirdiler!"},"content":{"rendered":"\n<p>Gazeteci Bahad\u0131r \u00d6zg\u00fcr, bu hafta <em><a href=\"https:\/\/www.gazeteduvar.com.tr\/kerbelaya-cevirdiler-konteynere-tiktilar-simdi-de-parselliyorlar-makale-1640476\">gazeteduvar<\/a><\/em> sitesindeki k\u00f6\u015fesinde Antakya&#8217;da deprem ve sonras\u0131na y\u00f6nelik izlenen politikay\u0131 yazd\u0131. Bahad\u0131r \u00d6zg\u00fcr, Antakya&#8217;n\u0131n bile isreye Kerbela&#8217;ya \u00e7evrildi\u011fini vurgulayarak Antakya&#8217;ya y\u00f6nelik \u00f6zel bir yakla\u015f\u0131m m\u0131 var sorusunu sordu. <\/p>\n\n\n\n<p>Bahad\u0131r \u00d6zg\u00fcr&#8217;\u00fcn gazeteduvar&#8217;da &#8216;Kerbela\u2019ya \u00e7evirdiler, konteynere t\u0131kt\u0131lar, \u015fimdi de parselliyorlar&#8217; ba\u015fl\u0131\u011f\u0131yla yay\u0131mlanan yaz\u0131s\u0131 \u015fu \u015fekilde: <\/p>\n\n\n\n<p>Bir kent daha ne ya\u015fas\u0131n? Y\u0131k\u0131ld\u0131lar, g\u00fcnlerce \u00e7\u0131\u011fl\u0131k att\u0131lar, \u00e7ad\u0131r beklediler, enkaz zehri soludular, s\u0131caktan kavrulurken su bulamad\u0131lar, ya\u011fmur ya\u011farken su i\u00e7inde kald\u0131lar. Hayattaki tek umutlar\u0131 olan zeytinliklerini korurken dayak yediler. \u201cBunlardan hay\u0131r yok. Bari bizi temsil edecek birilerini se\u00e7elim\u201d dediler, se\u00e7tikleri vekili esir ald\u0131lar. Bir kent ve halk\u0131na, o vahim tarihsel olay\u0131n ta\u015f\u0131d\u0131\u011f\u0131 ne kadar anlam varsa hepsini somut olarak ya\u015fat\u0131yorlar. Antakya\u2019y\u0131 bile isteye Kerbela\u2019ya \u00e7evirdiler!<\/p>\n\n\n\n<p>Bile isteye \u00e7\u00fcnk\u00fc, 6 \u015eubat depreminden hemen sonra kente gidenlerin g\u00f6rd\u00fckleri manzara kar\u015f\u0131s\u0131nda zihninde beliren o me\u015fum soru, g\u00fcn g\u00fcn yan\u0131t\u0131n\u0131 buldu: Antakya\u2019ya \u00f6zel bir yakla\u015f\u0131m m\u0131 var?<\/p>\n\n\n\n<p>***<\/p>\n\n\n\n<p>On binlerce ki\u015fi \u2018konteyner kentlerde\u2019 ya\u015f\u0131yor. Ad\u0131 \u2018kent\u2019 ama s\u0131cakta yakan, so\u011fukta donduran, acil hallerde ge\u00e7ici s\u00fcre i\u00e7in kullan\u0131labilecek birer teneke kutu bunlar. \u0130\u00e7inde bir ya\u015fam\u0131 s\u00fcrd\u00fcrmenin imkans\u0131z oldu\u011funu, ya\u015fayanlar bilir. Deprem g\u00fcnlerinde insanlar o kadar \u00e7aresiz b\u0131rak\u0131ld\u0131 ki, se\u00e7imden \u00f6nce geli\u015fi g\u00fczel, plans\u0131z, altyap\u0131s\u0131z, sonras\u0131nda ne olaca\u011f\u0131 d\u00fc\u015f\u00fcn\u00fclmeden y\u0131\u011f\u0131lan konteynerler, \u00e7o\u011fu kimseye bir \u00e7\u00f6z\u00fcmm\u00fc\u015f hissi verdi. Oysa iktidar i\u00e7in meseleyi paketleyip, bir kutuya hapsedip, g\u00f6zden \u0131rak tutman\u0131n politikas\u0131yd\u0131. Ba\u015far\u0131l\u0131 da oldu i\u015fin do\u011frusu. Yard\u0131m da\u011f\u0131t\u0131m\u0131ndan e\u011fitime, psikolojik-sosyal desteklere, kad\u0131n ve \u00e7ocuklara y\u00f6nelik \u00f6zel projelere kadar, iktidar g\u00fcndelik ya\u015fam\u0131 da kendine yak\u0131n vak\u0131f ve derneklerle organize ediyor. Hikmet Kiler Vakf\u0131, \u015eule Y\u00fcksel \u015eenler Vakf\u0131, Mavi Hilal Vakf\u0131 ve daha pek \u00e7ok \u0130slami olu\u015fum b\u00f6lgede devletin bir uzvu gibi \u00e7al\u0131\u015f\u0131yor. Haliyle bir tak\u0131m maddi imkanlara ula\u015fman\u0131n yolu da bu \u2018toplumsal a\u011flar\u2019dan ge\u00e7iyor. Hani b\u00fcrokrasinin yerini ald\u0131lar denilse yeridir.<\/p>\n\n\n\n<p>B\u00f6ylece ciddi sorunlar\u0131na, eksikliklerine ra\u011fmen sanki orada d\u00fczenli bir ya\u015fam s\u00fcr\u00fcyormu\u015f gibi g\u00f6r\u00fcyor, \u00fclkenin geri kalan\u0131. Arada kilometrelerce uzanan su kuyruklar\u0131yla ya da konteynerler ya\u011fmur alt\u0131nda kal\u0131nca g\u00fcndeme gelebiliyor. Elbette iktidar\u0131n b\u00fct\u00fcn bu ku\u015fatmas\u0131n\u0131 a\u015f\u0131p b\u0131kmadan usanmadan \u00e7abalayanlar, kediyi k\u00f6pe\u011fi bile d\u00fc\u015f\u00fcnenler, \u00e7ocuklara kol kanat gerenler, sa\u011fl\u0131k sorunlar\u0131n\u0131 gidermeye \u00e7al\u0131\u015fanlar, hayati ihtiya\u00e7lar i\u00e7in ko\u015fturup duranlar var. Lakin o kadar i\u015fte.<\/p>\n\n\n\n<p>Peki iktidar ne yap\u0131yor?<\/p>\n\n\n\n<p>Antakya\u2019ya bakarken, daha ilk g\u00fcnden itibaren felaketin bir \u2018mek\u00e2nsal yeniden d\u00fczenleme f\u0131rsat\u0131\u2019 olarak g\u00f6r\u00fcld\u00fc\u011f\u00fcn\u00fc ihmal etmemek laz\u0131m. Bir yandan insanlar gelecek ya\u015famlar\u0131n\u0131n nas\u0131l olaca\u011f\u0131na dair bir belirsizli\u011fe mahkum edilirken, di\u011fer yandan iktidar\u0131n esas planlar\u0131 a\u00e7\u0131s\u0131ndan bir belirsizlik bulunmuyor.<\/p>\n\n\n\n<p>Antakyal\u0131lar b\u00fct\u00fcn bir yaz boyunca sadece susuzlukla u\u011fra\u015fmad\u0131. Zeytinliklerinin, tar\u0131m arazilerinin gasp\u0131n\u0131 engellemek, deniz k\u0131y\u0131lar\u0131n\u0131, \u00e7evreyi korumak i\u00e7in de \u00e7abalad\u0131 durdu. Zira birka\u00e7 y\u0131l \u00f6nce g\u00fcndeme gelen fakat bir \u015fekilde mevcut yasal prosed\u00fcrlere tak\u0131lan; baronun, g\u00f6n\u00fcll\u00fc \u00e7evre platformlar\u0131n\u0131n \u00f6nc\u00fcl\u00fc\u011f\u00fcnde y\u00fcr\u00fct\u00fclen hukuki m\u00fccadeleyle set \u00e7ekilen bir dizi sermaye projesi, depremle beraber hayata ge\u00e7irilmeye ba\u015fland\u0131. \u0130lk bak\u0131\u015fta, \u201cne g\u00fczel, sanayi kuruluyor, kent geli\u015fecek, istihdam, refah artacak\u201d denilebilir. O ilk bak\u0131\u015f\u0131n, AKP d\u00f6neminde sebep oldu\u011fu yan\u0131lg\u0131lar\u0131 \u015f\u00f6yle bir hat\u0131rlay\u0131n diyerek, projeleri kabaca s\u0131ralayal\u0131m.<\/p>\n\n\n\n<p>***<\/p>\n\n\n\n<p>Hatay OSB, sahip oldu\u011fu rezerv geni\u015fleme alan\u0131yla beraber T\u00fcrkiye\u2019nin en b\u00fcy\u00fc\u011f\u00fc olma potansiyeli ta\u015f\u0131yordu. 2022 y\u0131l\u0131nda bu \u00e7er\u00e7evede \u00e7al\u0131\u015fmalar ba\u015flam\u0131\u015ft\u0131. Depremle beraber kurtarma \u00e7al\u0131\u015fmalar\u0131 s\u00fcrerken yay\u0131nlanan \u00f6zel bir Cumhurba\u015fkanl\u0131\u011f\u0131 kararnamesi ile kamula\u015ft\u0131rma ve arazi tahsisi h\u0131zland\u0131. Hatay\u2019\u0131n b\u00fct\u00fcn il\u00e7elerinde OSB geni\u015flemesi devam ediyor. Ne u\u011fruna? T\u00fcrkiye\u2019nin en verimli tar\u0131m arazilerinin yok edilmesi pahas\u0131na. Kentle, \u00fcstelik de yerle bir olmu\u015f bir kentle uyumlu d\u00fc\u015f\u00fcn\u00fclmesi gereken geni\u015fleme, \u00fczerindeki ya\u015fam\u0131 k\u00f6kten de\u011fi\u015ftirecek bir co\u011frafi yay\u0131l\u0131m g\u00f6steriyor.<\/p>\n\n\n\n<p>Di\u011fer bir proje ise ByPort A\u015e\u2019nin 2020\u2019den beri Erzin\u2019de kurmak i\u00e7in \u00e7al\u0131\u015ft\u0131\u011f\u0131 devasa polipropilen tesisi. Buras\u0131 narenciyenin yo\u011fun oldu\u011fu, sazl\u0131klar\u0131n, sulak alanlar\u0131n ve verili tar\u0131m arazilerinin bulundu\u011fu, do\u011fal ya\u015fam\u0131 zengin, Burgaz gibi halk\u0131n kullan\u0131m\u0131na a\u00e7\u0131k ve koruma alt\u0131ndaki sahile sahip bir yer. Kimyasal at\u0131klar\u0131n \u00e7evreye ve insan sa\u011fl\u0131\u011f\u0131na verece\u011fi zararlar defalarca bilirki\u015fi raporlar\u0131yla kan\u0131tlanm\u0131\u015f tesis, depremi de f\u0131rsat bilip a\u00e7\u0131k\u00e7a yasad\u0131\u015f\u0131 \u015fekilde in\u015fa edilmeye devam ediliyor.<\/p>\n\n\n\n<p>Esas b\u00fcy\u00fck proje ise Varl\u0131k Fonu\u2019nun yapaca\u011f\u0131 petrokimya tesisi. Kaynaklar\u0131 Meclis denetimi d\u0131\u015f\u0131nda olan, Saray ailesinin kontrol\u00fcndeki T\u00fcrkiye Varl\u0131k Fonu (TVF), bu tesis i\u00e7in ge\u00e7en y\u0131l TVF Rafineri ve Petrokimya \u015firketini kurmu\u015ftu. 17 Temmuz 2022 g\u00fcn\u00fc \u00c7evre ve \u015eehircilik, \u0130klim Bakanl\u0131\u011f\u0131\u2019na \u00c7ED ba\u015fvuru yap\u0131lm\u0131\u015ft\u0131. \u015eu bilgiler \u00c7ED raporunda yer al\u0131yordu:<\/p>\n\n\n\n<p>&#8220;Tesis, ekim yap\u0131lan ve y\u00fczde 85\u2019i kamula\u015ft\u0131r\u0131lan tar\u0131m arazileri \u00fczerine kurulacak. Nesli tehlikede kum zambaklar\u0131 ve kaplumba\u011falar\u0131n yuvas\u0131. Endemik, soyu t\u00fckenme tehlikesiyle kar\u015f\u0131 kar\u015f\u0131ya, nadir ve koruma stat\u00fcleri ulusal ve uluslararas\u0131 d\u00fczeyde olan ku\u015f t\u00fcrleri de \u00e7evrede ya\u015f\u0131yor. Ayr\u0131ca tesisin 850 metre yak\u0131n\u0131nda yerle\u015fim alanlar\u0131 bulunuyor. Dolay\u0131s\u0131yla proje alan\u0131 hassa \u00f6zelliklere sahip.\u201d<\/p>\n\n\n\n<p>Buna ra\u011fmen itirazlar, hukuki s\u00fcre\u00e7 beklenmeden, deprem f\u0131rsat bilinip 29 Mart 2023 g\u00fcn\u00fc onayland\u0131, \u00c7ED raporu. Son g\u00fcnlerde projeye Suudi Arabistan sermayesinin de ortak edilece\u011fi konu\u015fuluyor. Zaten iktidar yak\u0131n zamanda anla\u015fmalar ve i\u015f birliklerini i\u00e7eren \u00e7ok say\u0131da mutabakat zapt\u0131 da imzalam\u0131\u015ft\u0131.<\/p>\n\n\n\n<p>T\u00fcm bunlara \u00e7al\u0131\u015facak ucuz emek g\u00fcc\u00fcn\u00fc, onlara in\u015fa edilecek konutlar\u0131, yollar\u0131, altyap\u0131 yat\u0131r\u0131mlar\u0131n\u0131 da ekleyin.<\/p>\n\n\n\n<p>K\u0131saca Hatay\u2019da hi\u00e7bir \u015fey yap\u0131lm\u0131yor de\u011fil. Yap\u0131lmayan \u015fey; y\u00fcz binlerce insana yeni ya\u015fam kuracak kaynaklar\u0131 ay\u0131rmak, k\u0131\u015f gelmeden teneke kutulardan kurtarmak, sa\u011fl\u0131k, e\u011fitim vb. hizmetleri d\u00fczenlemek. Yap\u0131lan \u015fey ise iktidar\u0131n ve sermayenin arzulad\u0131\u011f\u0131 de\u011fi\u015fimi h\u0131zland\u0131racak ad\u0131mlar\u0131 atmak.<\/p>\n\n\n\n<p>Bir yanda her ya\u011fmurda sular alt\u0131nda kalan konteyner ya\u015famlar, di\u011fer yanda eldeki kayna\u011f\u0131n seferber edildi\u011fi, \u00e7evreyi, k\u0131y\u0131y\u0131, tar\u0131m\u0131 tarumar eden tesisler\u2026<\/p>\n\n\n\n<p>Acizlik, beceriksizlik de\u011fil, net bir tercih bu.<\/p>\n","protected":false},"excerpt":{"rendered":"<p>Gazeteci Bahad\u0131r \u00d6zg\u00fcr, bu hafta gazeteduvar sitesindeki k\u00f6\u015fesinde Antakya&#8217;da deprem ve sonras\u0131na y\u00f6nelik izlenen politikay\u0131 yazd\u0131. Bahad\u0131r \u00d6zg\u00fcr, Antakya&#8217;n\u0131n bile isreye Kerbela&#8217;ya \u00e7evrildi\u011fini vurgulayarak Antakya&#8217;ya y\u00f6nelik \u00f6zel bir yakla\u015f\u0131m m\u0131 var sorusunu sordu. Bahad\u0131r \u00d6zg\u00fcr&#8217;\u00fcn gazeteduvar&#8217;da &#8216;Kerbela\u2019ya \u00e7evirdiler, konteynere t\u0131kt\u0131lar, \u015fimdi de parselliyorlar&#8217; ba\u015fl\u0131\u011f\u0131yla yay\u0131mlanan yaz\u0131s\u0131 \u015fu \u015fekilde: Bir kent daha ne ya\u015fas\u0131n? Y\u0131k\u0131ld\u0131lar, g\u00fcnlerce [&hellip;]<\/p>\n","protected":false},"author":1,"featured_media":264,"comment_status":"closed","ping_status":"open","sticky":false,"template":"","format":"standard","meta":{"tdm_status":"","tdm_grid_status":"","footnotes":""},"categories":[8],"tags":[],"class_list":{"0":"post-263","1":"post","2":"type-post","3":"status-publish","4":"format-standard","5":"has-post-thumbnail","7":"category-guncel"},"yoast_head":"<!-- This site is optimized with the Yoast SEO plugin v26.6 - https:\/\/yoast.com\/wordpress\/plugins\/seo\/ -->\n<title>Gazeteci Bahad\u0131r \u00d6zg\u00fcr Antakya&#039;y\u0131 yazd\u0131: Antakya\u2019y\u0131 bile isteye Kerbela\u2019ya \u00e7evirdiler! - ehlen<\/title>\n<meta name=\"description\" content=\"Y\u0131k\u0131ld\u0131lar, g\u00fcnlerce \u00e7\u0131\u011fl\u0131k att\u0131lar, \u00e7ad\u0131r beklediler, enkaz zehri soludular, s\u0131caktan kavrulurken su bulamad\u0131lar, ya\u011fmur ya\u011farken su i\u00e7inde kald\u0131lar. Hayattaki tek umutlar\u0131 olan zeytinliklerini korurken dayak yediler.\" \/>\n<meta name=\"robots\" content=\"index, follow, max-snippet:-1, max-image-preview:large, max-video-preview:-1\" \/>\n<link rel=\"canonical\" href=\"https:\/\/ehlendergisi.com\/index.php\/2023\/10\/04\/gazeteci-bahadir-ozgur-antakyayi-yazdi-antakyayi-bile-isteye-kerbelaya-cevirdiler\/\" \/>\n<meta property=\"og:locale\" content=\"tr_TR\" \/>\n<meta property=\"og:type\" content=\"article\" \/>\n<meta property=\"og:title\" content=\"Gazeteci Bahad\u0131r \u00d6zg\u00fcr Antakya&#039;y\u0131 yazd\u0131: Antakya\u2019y\u0131 bile isteye Kerbela\u2019ya \u00e7evirdiler! - ehlen\" \/>\n<meta property=\"og:description\" content=\"Y\u0131k\u0131ld\u0131lar, g\u00fcnlerce \u00e7\u0131\u011fl\u0131k att\u0131lar, \u00e7ad\u0131r beklediler, enkaz zehri soludular, s\u0131caktan kavrulurken su bulamad\u0131lar, ya\u011fmur ya\u011farken su i\u00e7inde kald\u0131lar. Hayattaki tek umutlar\u0131 olan zeytinliklerini korurken dayak yediler.\" \/>\n<meta property=\"og:url\" content=\"https:\/\/ehlendergisi.com\/index.php\/2023\/10\/04\/gazeteci-bahadir-ozgur-antakyayi-yazdi-antakyayi-bile-isteye-kerbelaya-cevirdiler\/\" \/>\n<meta property=\"og:site_name\" content=\"ehlen\" \/>\n<meta property=\"article:publisher\" content=\"https:\/\/www.facebook.com\/ehlendergisi\/?locale=tr_TR\" \/>\n<meta property=\"article:published_time\" content=\"2023-10-04T09:29:27+00:00\" \/>\n<meta property=\"article:modified_time\" content=\"2023-10-04T09:29:28+00:00\" \/>\n<meta property=\"og:image\" content=\"https:\/\/ehlendergisi.com\/wp-content\/uploads\/2023\/10\/indir.jpeg\" \/>\n\t<meta property=\"og:image:width\" content=\"309\" \/>\n\t<meta property=\"og:image:height\" content=\"163\" \/>\n\t<meta property=\"og:image:type\" content=\"image\/jpeg\" \/>\n<meta name=\"author\" content=\"admin\" \/>\n<meta name=\"twitter:card\" content=\"summary_large_image\" \/>\n<meta name=\"twitter:image\" content=\"https:\/\/ehlendergisi.com\/wp-content\/uploads\/2023\/10\/indir.jpeg\" \/>\n<meta name=\"twitter:creator\" content=\"@yenidenehlen\" \/>\n<meta name=\"twitter:site\" content=\"@yenidenehlen\" \/>\n<meta name=\"twitter:label1\" content=\"Yazan:\" \/>\n\t<meta name=\"twitter:data1\" content=\"admin\" \/>\n\t<meta name=\"twitter:label2\" content=\"Tahmini okuma s\u00fcresi\" \/>\n\t<meta name=\"twitter:data2\" content=\"5 dakika\" \/>\n<script type=\"application\/ld+json\" class=\"yoast-schema-graph\">{\"@context\":\"https:\/\/schema.org\",\"@graph\":[{\"@type\":\"Article\",\"@id\":\"https:\/\/ehlendergisi.com\/index.php\/2023\/10\/04\/gazeteci-bahadir-ozgur-antakyayi-yazdi-antakyayi-bile-isteye-kerbelaya-cevirdiler\/#article\",\"isPartOf\":{\"@id\":\"https:\/\/ehlendergisi.com\/index.php\/2023\/10\/04\/gazeteci-bahadir-ozgur-antakyayi-yazdi-antakyayi-bile-isteye-kerbelaya-cevirdiler\/\"},\"author\":{\"name\":\"admin\",\"@id\":\"http:\/\/ehlendergisi.com\/#\/schema\/person\/de94365e0837ae704e10d1723547402a\"},\"headline\":\"Gazeteci Bahad\u0131r \u00d6zg\u00fcr Antakya&#8217;y\u0131 yazd\u0131: Antakya\u2019y\u0131 bile isteye Kerbela\u2019ya \u00e7evirdiler!\",\"datePublished\":\"2023-10-04T09:29:27+00:00\",\"dateModified\":\"2023-10-04T09:29:28+00:00\",\"mainEntityOfPage\":{\"@id\":\"https:\/\/ehlendergisi.com\/index.php\/2023\/10\/04\/gazeteci-bahadir-ozgur-antakyayi-yazdi-antakyayi-bile-isteye-kerbelaya-cevirdiler\/\"},\"wordCount\":1207,\"publisher\":{\"@id\":\"http:\/\/ehlendergisi.com\/#organization\"},\"image\":{\"@id\":\"https:\/\/ehlendergisi.com\/index.php\/2023\/10\/04\/gazeteci-bahadir-ozgur-antakyayi-yazdi-antakyayi-bile-isteye-kerbelaya-cevirdiler\/#primaryimage\"},\"thumbnailUrl\":\"https:\/\/ehlendergisi.com\/wp-content\/uploads\/2023\/10\/indir.jpeg\",\"articleSection\":[\"G\u00fcncel\"],\"inLanguage\":\"tr\"},{\"@type\":\"WebPage\",\"@id\":\"https:\/\/ehlendergisi.com\/index.php\/2023\/10\/04\/gazeteci-bahadir-ozgur-antakyayi-yazdi-antakyayi-bile-isteye-kerbelaya-cevirdiler\/\",\"url\":\"https:\/\/ehlendergisi.com\/index.php\/2023\/10\/04\/gazeteci-bahadir-ozgur-antakyayi-yazdi-antakyayi-bile-isteye-kerbelaya-cevirdiler\/\",\"name\":\"Gazeteci Bahad\u0131r \u00d6zg\u00fcr Antakya'y\u0131 yazd\u0131: Antakya\u2019y\u0131 bile isteye Kerbela\u2019ya \u00e7evirdiler! - ehlen\",\"isPartOf\":{\"@id\":\"http:\/\/ehlendergisi.com\/#website\"},\"primaryImageOfPage\":{\"@id\":\"https:\/\/ehlendergisi.com\/index.php\/2023\/10\/04\/gazeteci-bahadir-ozgur-antakyayi-yazdi-antakyayi-bile-isteye-kerbelaya-cevirdiler\/#primaryimage\"},\"image\":{\"@id\":\"https:\/\/ehlendergisi.com\/index.php\/2023\/10\/04\/gazeteci-bahadir-ozgur-antakyayi-yazdi-antakyayi-bile-isteye-kerbelaya-cevirdiler\/#primaryimage\"},\"thumbnailUrl\":\"https:\/\/ehlendergisi.com\/wp-content\/uploads\/2023\/10\/indir.jpeg\",\"datePublished\":\"2023-10-04T09:29:27+00:00\",\"dateModified\":\"2023-10-04T09:29:28+00:00\",\"description\":\"Y\u0131k\u0131ld\u0131lar, g\u00fcnlerce \u00e7\u0131\u011fl\u0131k att\u0131lar, \u00e7ad\u0131r beklediler, enkaz zehri soludular, s\u0131caktan kavrulurken su bulamad\u0131lar, ya\u011fmur ya\u011farken su i\u00e7inde kald\u0131lar. Hayattaki tek umutlar\u0131 olan zeytinliklerini korurken dayak yediler.\",\"breadcrumb\":{\"@id\":\"https:\/\/ehlendergisi.com\/index.php\/2023\/10\/04\/gazeteci-bahadir-ozgur-antakyayi-yazdi-antakyayi-bile-isteye-kerbelaya-cevirdiler\/#breadcrumb\"},\"inLanguage\":\"tr\",\"potentialAction\":[{\"@type\":\"ReadAction\",\"target\":[\"https:\/\/ehlendergisi.com\/index.php\/2023\/10\/04\/gazeteci-bahadir-ozgur-antakyayi-yazdi-antakyayi-bile-isteye-kerbelaya-cevirdiler\/\"]}]},{\"@type\":\"ImageObject\",\"inLanguage\":\"tr\",\"@id\":\"https:\/\/ehlendergisi.com\/index.php\/2023\/10\/04\/gazeteci-bahadir-ozgur-antakyayi-yazdi-antakyayi-bile-isteye-kerbelaya-cevirdiler\/#primaryimage\",\"url\":\"https:\/\/ehlendergisi.com\/wp-content\/uploads\/2023\/10\/indir.jpeg\",\"contentUrl\":\"https:\/\/ehlendergisi.com\/wp-content\/uploads\/2023\/10\/indir.jpeg\",\"width\":309,\"height\":163},{\"@type\":\"BreadcrumbList\",\"@id\":\"https:\/\/ehlendergisi.com\/index.php\/2023\/10\/04\/gazeteci-bahadir-ozgur-antakyayi-yazdi-antakyayi-bile-isteye-kerbelaya-cevirdiler\/#breadcrumb\",\"itemListElement\":[{\"@type\":\"ListItem\",\"position\":1,\"name\":\"Anasayfa\",\"item\":\"http:\/\/ehlendergisi.com\/\"},{\"@type\":\"ListItem\",\"position\":2,\"name\":\"Gazeteci Bahad\u0131r \u00d6zg\u00fcr Antakya&#8217;y\u0131 yazd\u0131: Antakya\u2019y\u0131 bile isteye Kerbela\u2019ya \u00e7evirdiler!\"}]},{\"@type\":\"WebSite\",\"@id\":\"http:\/\/ehlendergisi.com\/#website\",\"url\":\"http:\/\/ehlendergisi.com\/\",\"name\":\"ehlen\",\"description\":\"k\u00fclt\u00fcr, sanat, siyaset dergisi\",\"publisher\":{\"@id\":\"http:\/\/ehlendergisi.com\/#organization\"},\"potentialAction\":[{\"@type\":\"SearchAction\",\"target\":{\"@type\":\"EntryPoint\",\"urlTemplate\":\"http:\/\/ehlendergisi.com\/?s={search_term_string}\"},\"query-input\":{\"@type\":\"PropertyValueSpecification\",\"valueRequired\":true,\"valueName\":\"search_term_string\"}}],\"inLanguage\":\"tr\"},{\"@type\":\"Organization\",\"@id\":\"http:\/\/ehlendergisi.com\/#organization\",\"name\":\"ehlen\",\"url\":\"http:\/\/ehlendergisi.com\/\",\"logo\":{\"@type\":\"ImageObject\",\"inLanguage\":\"tr\",\"@id\":\"http:\/\/ehlendergisi.com\/#\/schema\/logo\/image\/\",\"url\":\"https:\/\/ehlendergisi.com\/wp-content\/uploads\/2023\/06\/IMG_9500404081E2-1-2.jpeg\",\"contentUrl\":\"https:\/\/ehlendergisi.com\/wp-content\/uploads\/2023\/06\/IMG_9500404081E2-1-2.jpeg\",\"width\":2560,\"height\":1341,\"caption\":\"ehlen\"},\"image\":{\"@id\":\"http:\/\/ehlendergisi.com\/#\/schema\/logo\/image\/\"},\"sameAs\":[\"https:\/\/www.facebook.com\/ehlendergisi\/?locale=tr_TR\",\"https:\/\/x.com\/yenidenehlen\"]},{\"@type\":\"Person\",\"@id\":\"http:\/\/ehlendergisi.com\/#\/schema\/person\/de94365e0837ae704e10d1723547402a\",\"name\":\"admin\",\"image\":{\"@type\":\"ImageObject\",\"inLanguage\":\"tr\",\"@id\":\"http:\/\/ehlendergisi.com\/#\/schema\/person\/image\/\",\"url\":\"https:\/\/secure.gravatar.com\/avatar\/4e3d1b4ba20db56c5c7cda805db9aa90e8ae36f8cd48a7e189f21124a32188a7?s=96&d=mm&r=g\",\"contentUrl\":\"https:\/\/secure.gravatar.com\/avatar\/4e3d1b4ba20db56c5c7cda805db9aa90e8ae36f8cd48a7e189f21124a32188a7?s=96&d=mm&r=g\",\"caption\":\"admin\"},\"sameAs\":[\"http:\/\/ehlendergisi.com\"],\"url\":\"https:\/\/ehlendergisi.com\/index.php\/author\/admin\/\"}]}<\/script>\n<!-- \/ Yoast SEO plugin. -->","yoast_head_json":{"title":"Gazeteci Bahad\u0131r \u00d6zg\u00fcr Antakya'y\u0131 yazd\u0131: Antakya\u2019y\u0131 bile isteye Kerbela\u2019ya \u00e7evirdiler! - ehlen","description":"Y\u0131k\u0131ld\u0131lar, g\u00fcnlerce \u00e7\u0131\u011fl\u0131k att\u0131lar, \u00e7ad\u0131r beklediler, enkaz zehri soludular, s\u0131caktan kavrulurken su bulamad\u0131lar, ya\u011fmur ya\u011farken su i\u00e7inde kald\u0131lar. Hayattaki tek umutlar\u0131 olan zeytinliklerini korurken dayak yediler.","robots":{"index":"index","follow":"follow","max-snippet":"max-snippet:-1","max-image-preview":"max-image-preview:large","max-video-preview":"max-video-preview:-1"},"canonical":"https:\/\/ehlendergisi.com\/index.php\/2023\/10\/04\/gazeteci-bahadir-ozgur-antakyayi-yazdi-antakyayi-bile-isteye-kerbelaya-cevirdiler\/","og_locale":"tr_TR","og_type":"article","og_title":"Gazeteci Bahad\u0131r \u00d6zg\u00fcr Antakya'y\u0131 yazd\u0131: Antakya\u2019y\u0131 bile isteye Kerbela\u2019ya \u00e7evirdiler! - ehlen","og_description":"Y\u0131k\u0131ld\u0131lar, g\u00fcnlerce \u00e7\u0131\u011fl\u0131k att\u0131lar, \u00e7ad\u0131r beklediler, enkaz zehri soludular, s\u0131caktan kavrulurken su bulamad\u0131lar, ya\u011fmur ya\u011farken su i\u00e7inde kald\u0131lar. Hayattaki tek umutlar\u0131 olan zeytinliklerini korurken dayak yediler.","og_url":"https:\/\/ehlendergisi.com\/index.php\/2023\/10\/04\/gazeteci-bahadir-ozgur-antakyayi-yazdi-antakyayi-bile-isteye-kerbelaya-cevirdiler\/","og_site_name":"ehlen","article_publisher":"https:\/\/www.facebook.com\/ehlendergisi\/?locale=tr_TR","article_published_time":"2023-10-04T09:29:27+00:00","article_modified_time":"2023-10-04T09:29:28+00:00","og_image":[{"width":309,"height":163,"url":"https:\/\/ehlendergisi.com\/wp-content\/uploads\/2023\/10\/indir.jpeg","type":"image\/jpeg"}],"author":"admin","twitter_card":"summary_large_image","twitter_image":"https:\/\/ehlendergisi.com\/wp-content\/uploads\/2023\/10\/indir.jpeg","twitter_creator":"@yenidenehlen","twitter_site":"@yenidenehlen","twitter_misc":{"Yazan:":"admin","Tahmini okuma s\u00fcresi":"5 dakika"},"schema":{"@context":"https:\/\/schema.org","@graph":[{"@type":"Article","@id":"https:\/\/ehlendergisi.com\/index.php\/2023\/10\/04\/gazeteci-bahadir-ozgur-antakyayi-yazdi-antakyayi-bile-isteye-kerbelaya-cevirdiler\/#article","isPartOf":{"@id":"https:\/\/ehlendergisi.com\/index.php\/2023\/10\/04\/gazeteci-bahadir-ozgur-antakyayi-yazdi-antakyayi-bile-isteye-kerbelaya-cevirdiler\/"},"author":{"name":"admin","@id":"http:\/\/ehlendergisi.com\/#\/schema\/person\/de94365e0837ae704e10d1723547402a"},"headline":"Gazeteci Bahad\u0131r \u00d6zg\u00fcr Antakya&#8217;y\u0131 yazd\u0131: Antakya\u2019y\u0131 bile isteye Kerbela\u2019ya \u00e7evirdiler!","datePublished":"2023-10-04T09:29:27+00:00","dateModified":"2023-10-04T09:29:28+00:00","mainEntityOfPage":{"@id":"https:\/\/ehlendergisi.com\/index.php\/2023\/10\/04\/gazeteci-bahadir-ozgur-antakyayi-yazdi-antakyayi-bile-isteye-kerbelaya-cevirdiler\/"},"wordCount":1207,"publisher":{"@id":"http:\/\/ehlendergisi.com\/#organization"},"image":{"@id":"https:\/\/ehlendergisi.com\/index.php\/2023\/10\/04\/gazeteci-bahadir-ozgur-antakyayi-yazdi-antakyayi-bile-isteye-kerbelaya-cevirdiler\/#primaryimage"},"thumbnailUrl":"https:\/\/ehlendergisi.com\/wp-content\/uploads\/2023\/10\/indir.jpeg","articleSection":["G\u00fcncel"],"inLanguage":"tr"},{"@type":"WebPage","@id":"https:\/\/ehlendergisi.com\/index.php\/2023\/10\/04\/gazeteci-bahadir-ozgur-antakyayi-yazdi-antakyayi-bile-isteye-kerbelaya-cevirdiler\/","url":"https:\/\/ehlendergisi.com\/index.php\/2023\/10\/04\/gazeteci-bahadir-ozgur-antakyayi-yazdi-antakyayi-bile-isteye-kerbelaya-cevirdiler\/","name":"Gazeteci Bahad\u0131r \u00d6zg\u00fcr Antakya'y\u0131 yazd\u0131: Antakya\u2019y\u0131 bile isteye Kerbela\u2019ya \u00e7evirdiler! - ehlen","isPartOf":{"@id":"http:\/\/ehlendergisi.com\/#website"},"primaryImageOfPage":{"@id":"https:\/\/ehlendergisi.com\/index.php\/2023\/10\/04\/gazeteci-bahadir-ozgur-antakyayi-yazdi-antakyayi-bile-isteye-kerbelaya-cevirdiler\/#primaryimage"},"image":{"@id":"https:\/\/ehlendergisi.com\/index.php\/2023\/10\/04\/gazeteci-bahadir-ozgur-antakyayi-yazdi-antakyayi-bile-isteye-kerbelaya-cevirdiler\/#primaryimage"},"thumbnailUrl":"https:\/\/ehlendergisi.com\/wp-content\/uploads\/2023\/10\/indir.jpeg","datePublished":"2023-10-04T09:29:27+00:00","dateModified":"2023-10-04T09:29:28+00:00","description":"Y\u0131k\u0131ld\u0131lar, g\u00fcnlerce \u00e7\u0131\u011fl\u0131k att\u0131lar, \u00e7ad\u0131r beklediler, enkaz zehri soludular, s\u0131caktan kavrulurken su bulamad\u0131lar, ya\u011fmur ya\u011farken su i\u00e7inde kald\u0131lar. Hayattaki tek umutlar\u0131 olan zeytinliklerini korurken dayak yediler.","breadcrumb":{"@id":"https:\/\/ehlendergisi.com\/index.php\/2023\/10\/04\/gazeteci-bahadir-ozgur-antakyayi-yazdi-antakyayi-bile-isteye-kerbelaya-cevirdiler\/#breadcrumb"},"inLanguage":"tr","potentialAction":[{"@type":"ReadAction","target":["https:\/\/ehlendergisi.com\/index.php\/2023\/10\/04\/gazeteci-bahadir-ozgur-antakyayi-yazdi-antakyayi-bile-isteye-kerbelaya-cevirdiler\/"]}]},{"@type":"ImageObject","inLanguage":"tr","@id":"https:\/\/ehlendergisi.com\/index.php\/2023\/10\/04\/gazeteci-bahadir-ozgur-antakyayi-yazdi-antakyayi-bile-isteye-kerbelaya-cevirdiler\/#primaryimage","url":"https:\/\/ehlendergisi.com\/wp-content\/uploads\/2023\/10\/indir.jpeg","contentUrl":"https:\/\/ehlendergisi.com\/wp-content\/uploads\/2023\/10\/indir.jpeg","width":309,"height":163},{"@type":"BreadcrumbList","@id":"https:\/\/ehlendergisi.com\/index.php\/2023\/10\/04\/gazeteci-bahadir-ozgur-antakyayi-yazdi-antakyayi-bile-isteye-kerbelaya-cevirdiler\/#breadcrumb","itemListElement":[{"@type":"ListItem","position":1,"name":"Anasayfa","item":"http:\/\/ehlendergisi.com\/"},{"@type":"ListItem","position":2,"name":"Gazeteci Bahad\u0131r \u00d6zg\u00fcr Antakya&#8217;y\u0131 yazd\u0131: Antakya\u2019y\u0131 bile isteye Kerbela\u2019ya \u00e7evirdiler!"}]},{"@type":"WebSite","@id":"http:\/\/ehlendergisi.com\/#website","url":"http:\/\/ehlendergisi.com\/","name":"ehlen","description":"k\u00fclt\u00fcr, sanat, siyaset dergisi","publisher":{"@id":"http:\/\/ehlendergisi.com\/#organization"},"potentialAction":[{"@type":"SearchAction","target":{"@type":"EntryPoint","urlTemplate":"http:\/\/ehlendergisi.com\/?s={search_term_string}"},"query-input":{"@type":"PropertyValueSpecification","valueRequired":true,"valueName":"search_term_string"}}],"inLanguage":"tr"},{"@type":"Organization","@id":"http:\/\/ehlendergisi.com\/#organization","name":"ehlen","url":"http:\/\/ehlendergisi.com\/","logo":{"@type":"ImageObject","inLanguage":"tr","@id":"http:\/\/ehlendergisi.com\/#\/schema\/logo\/image\/","url":"https:\/\/ehlendergisi.com\/wp-content\/uploads\/2023\/06\/IMG_9500404081E2-1-2.jpeg","contentUrl":"https:\/\/ehlendergisi.com\/wp-content\/uploads\/2023\/06\/IMG_9500404081E2-1-2.jpeg","width":2560,"height":1341,"caption":"ehlen"},"image":{"@id":"http:\/\/ehlendergisi.com\/#\/schema\/logo\/image\/"},"sameAs":["https:\/\/www.facebook.com\/ehlendergisi\/?locale=tr_TR","https:\/\/x.com\/yenidenehlen"]},{"@type":"Person","@id":"http:\/\/ehlendergisi.com\/#\/schema\/person\/de94365e0837ae704e10d1723547402a","name":"admin","image":{"@type":"ImageObject","inLanguage":"tr","@id":"http:\/\/ehlendergisi.com\/#\/schema\/person\/image\/","url":"https:\/\/secure.gravatar.com\/avatar\/4e3d1b4ba20db56c5c7cda805db9aa90e8ae36f8cd48a7e189f21124a32188a7?s=96&d=mm&r=g","contentUrl":"https:\/\/secure.gravatar.com\/avatar\/4e3d1b4ba20db56c5c7cda805db9aa90e8ae36f8cd48a7e189f21124a32188a7?s=96&d=mm&r=g","caption":"admin"},"sameAs":["http:\/\/ehlendergisi.com"],"url":"https:\/\/ehlendergisi.com\/index.php\/author\/admin\/"}]}},"amp_enabled":true,"_links":{"self":[{"href":"https:\/\/ehlendergisi.com\/index.php\/wp-json\/wp\/v2\/posts\/263","targetHints":{"allow":["GET"]}}],"collection":[{"href":"https:\/\/ehlendergisi.com\/index.php\/wp-json\/wp\/v2\/posts"}],"about":[{"href":"https:\/\/ehlendergisi.com\/index.php\/wp-json\/wp\/v2\/types\/post"}],"author":[{"embeddable":true,"href":"https:\/\/ehlendergisi.com\/index.php\/wp-json\/wp\/v2\/users\/1"}],"replies":[{"embeddable":true,"href":"https:\/\/ehlendergisi.com\/index.php\/wp-json\/wp\/v2\/comments?post=263"}],"version-history":[{"count":1,"href":"https:\/\/ehlendergisi.com\/index.php\/wp-json\/wp\/v2\/posts\/263\/revisions"}],"predecessor-version":[{"id":265,"href":"https:\/\/ehlendergisi.com\/index.php\/wp-json\/wp\/v2\/posts\/263\/revisions\/265"}],"wp:featuredmedia":[{"embeddable":true,"href":"https:\/\/ehlendergisi.com\/index.php\/wp-json\/wp\/v2\/media\/264"}],"wp:attachment":[{"href":"https:\/\/ehlendergisi.com\/index.php\/wp-json\/wp\/v2\/media?parent=263"}],"wp:term":[{"taxonomy":"category","embeddable":true,"href":"https:\/\/ehlendergisi.com\/index.php\/wp-json\/wp\/v2\/categories?post=263"},{"taxonomy":"post_tag","embeddable":true,"href":"https:\/\/ehlendergisi.com\/index.php\/wp-json\/wp\/v2\/tags?post=263"}],"curies":[{"name":"wp","href":"https:\/\/api.w.org\/{rel}","templated":true}]}}