{"id":319,"date":"2023-11-05T09:23:49","date_gmt":"2023-11-05T09:23:49","guid":{"rendered":"https:\/\/ehlendergisi.com\/?p=319"},"modified":"2024-01-07T10:38:07","modified_gmt":"2024-01-07T10:38:07","slug":"siyonizme-karsi-savasan-alevi-bir-komutan-ghassan-cedid","status":"publish","type":"post","link":"https:\/\/ehlendergisi.com\/index.php\/2023\/11\/05\/siyonizme-karsi-savasan-alevi-bir-komutan-ghassan-cedid\/","title":{"rendered":"Siyonizm\u2019e Kar\u015f\u0131 Sava\u015fan Alevi Bir Komutan: Ghassan Cedid"},"content":{"rendered":"\n<p>\u00d6yk\u00fc A.<\/p>\n\n\n\n<p>Siyonist varl\u0131\u011f\u0131n Suriye\u2019ye y\u00f6nelik kirli sava\u015ftaki rol\u00fcn\u00fcn iyice ayyuka \u00e7\u0131kt\u0131\u011f\u0131, varl\u0131\u011f\u0131n neredeyse her hafta d\u00fczenledi\u011fi Suriye sald\u0131r\u0131lar\u0131nda Suriye Hava Kuvvetlerinin askerlerinin \u015fehit oldu\u011fu, varolu\u015f amac\u0131 i\u015fgalle s\u0131n\u0131rlar\u0131n\u0131 geni\u015fleterek Arap halk\u0131na nefes alacak yer b\u0131rakmamak olan Siyonist varl\u0131\u011f\u0131n yaln\u0131zca \u201cbizden \u00e7ok uzaktaki\u201d Filistinlilerin sorunu oldu\u011fu alg\u0131s\u0131n\u0131n yay\u0131lmaya \u00e7al\u0131\u015f\u0131ld\u0131\u011f\u0131 ve dahi Siyonizm\u2019in \u00e7e\u015fitli k\u0131l\u0131klarda hatta bazen k\u0131l\u0131k de\u011fi\u015ftirme gere\u011fi duymadan co\u011frafyam\u0131z\u0131n, toplulu\u011fumuzun her yan\u0131na s\u0131zmaya \u00e7al\u0131\u015ft\u0131\u011f\u0131 bug\u00fcnlerde Ghassan Cedid\u2019i hat\u0131rlamak b\u00fcy\u00fck bir \u00f6nem ta\u015f\u0131yor. Ghassan Cedid\u2019in an\u0131s\u0131 t\u00fcm ihti\u015fam\u0131yla bug\u00fcn bize Sykes-Picot s\u0131n\u0131rlar\u0131n\u0131n ge\u00e7ersizli\u011fini hat\u0131rlat\u0131yor.<\/p>\n\n\n\n<p>Ghassan Cedid, 1920\u2019de Lazkiye\u2019nin g\u00fcneydo\u011fusunda, Alevi da\u011flar\u0131nda yer alan Dweir Baabda k\u00f6y\u00fcnde, orta halli bir ailede d\u00fcnyaya geldi. Humus Askeri Akademisinden mezun oldu. \u00d6nce Frans\u0131z sonra Suriye ordusunda g\u00f6rev yapt\u0131. En dikkat \u00e7eken ba\u015far\u0131lar\u0131ndan biri de 1945\u2019te Suriye\u2019de Frans\u0131z i\u015fgaline kar\u015f\u0131 ger\u00e7ekle\u015fen isyan s\u00fcrecinde Frans\u0131z askeri k\u0131\u015flalar\u0131ndan biri \u00fczerinde Suriye bayra\u011f\u0131 dalgaland\u0131rmas\u0131d\u0131r.<\/p>\n\n\n\n<figure class=\"wp-block-image size-full\"><img decoding=\"async\" width=\"907\" height=\"744\" data-src=\"https:\/\/ehlendergisi.com\/wp-content\/uploads\/2023\/11\/ghassan-evi-1.jpg\" alt=\"\" class=\"wp-image-322 lazyload\" data-srcset=\"https:\/\/ehlendergisi.com\/wp-content\/uploads\/2023\/11\/ghassan-evi-1.jpg 907w, https:\/\/ehlendergisi.com\/wp-content\/uploads\/2023\/11\/ghassan-evi-1-300x246.jpg 300w, https:\/\/ehlendergisi.com\/wp-content\/uploads\/2023\/11\/ghassan-evi-1-768x630.jpg 768w, https:\/\/ehlendergisi.com\/wp-content\/uploads\/2023\/11\/ghassan-evi-1-150x123.jpg 150w, https:\/\/ehlendergisi.com\/wp-content\/uploads\/2023\/11\/ghassan-evi-1-696x571.jpg 696w\" data-sizes=\"(max-width: 907px) 100vw, 907px\" src=\"data:image\/svg+xml;base64,PHN2ZyB3aWR0aD0iMSIgaGVpZ2h0PSIxIiB4bWxucz0iaHR0cDovL3d3dy53My5vcmcvMjAwMC9zdmciPjwvc3ZnPg==\" style=\"--smush-placeholder-width: 907px; --smush-placeholder-aspect-ratio: 907\/744;\" \/><figcaption class=\"wp-element-caption\"><strong><em>Ghassan Cedid\u2019in D\u00fcnyaya Geldi\u011fi, Lazkiye\u2019nin G\u00fcneydo\u011fusundaki Dweir Baabda K\u00f6y\u00fc, 2020.<\/em><\/strong><\/figcaption><\/figure>\n\n\n\n<p>Ghassan Cedid, 1948\u2019de Humus Askeri Akademisindeki g\u00f6revinden istifa etti ve gayrime\u015fru bi\u00e7imde kurulu\u015funu ilan eden Siyonist varl\u0131k ile sava\u015fmak \u00fczere Filistin\u2019deki Arap Kurtulu\u015f Ordusuna kat\u0131ld\u0131.<\/p>\n\n\n\n<p>Ghassan Cedid, 120 askerden olu\u015fan Alevi taburunu b\u00fcy\u00fck bir ba\u015far\u0131yla y\u00f6netti. Cedid, askerlerine \u00dcrd\u00fcn Ordusu formalar\u0131 giydirerek iki yan\u0131n\u0131n da \u0130ngiliz ve Siyonist askeri kamplar\u0131yla ku\u015fat\u0131ld\u0131\u011f\u0131 rotada Cenin\u2019i ve ard\u0131ndan Hayfa\u2019y\u0131 ge\u00e7ti; Ramallah yak\u0131nlar\u0131ndaki El-Tire\u2019ye vard\u0131. Alevi taburu, burada bir \u0130ngiliz kamp\u0131n\u0131 ku\u015fatarak silah ve m\u00fchimmatlar\u0131n\u0131 ele ge\u00e7irdi.<\/p>\n\n\n\n<p>Eyl\u00fcl 1948\u2019de Ghassan Cedid, Arap Kurtulu\u015f Ordusu lideri Fevzi Kavuk\u00e7u\u2019ya bug\u00fcn i\u015fgal alt\u0131ndaki Filistin\u2019in kuzeyinde, G\u00fcney L\u00fcbnan s\u0131n\u0131r\u0131nda yer alan Safed \u015fehrinin Marus b\u00f6lgesinde konu\u015flanm\u0131\u015f bulunan Alevi taburu i\u00e7in silah ve m\u00fchimmat deste\u011fi isteyen pek \u00e7ok telgraf yolluyordu; Siyonist varl\u0131\u011f\u0131n Alevi taburuna sald\u0131r\u0131lar\u0131 yo\u011funla\u015fm\u0131\u015ft\u0131. Fevzi Kavuk\u00e7u, bu talebi Suriye Genelkurmay Ba\u015fkan\u0131 H\u00fcsn\u00fc Zaim\u2019e iletti. H\u00fcsn\u00fc Zaim, Kavuk\u00e7u\u2019ya kendisiyle beraber \u015eam\u2019a gelmesini, orada siyasileri silah ve m\u00fchimmat deste\u011fi i\u00e7in ikna edebileceklerini s\u00f6yledi. \u0130kili, 13 Eyl\u00fcl 1948\u2019de \u015eam Cumhurba\u015fkanl\u0131\u011f\u0131 saray\u0131nda Cumhurba\u015fkan\u0131 \u015e\u00fckr\u00fc Kuvvetli, Savunma Bakan\u0131 Cemil Merdam (Bey) ve L\u00fcbnan Ba\u015fbakan\u0131 Riyad Sulh ile bir toplant\u0131 ger\u00e7ekle\u015ftirdi. \u015e\u00fckr\u00fc Kuvvetli, silah ve m\u00fchimmat deste\u011fi talebine \u201cNe yap\u0131yorsunuz, Yahudileri k\u0131\u015fk\u0131rtmay\u0131n! Bizi boynumuzdan tutuyorlar, g\u00f6rm\u00fcyor musunuz? Marus\u2019tan \u00e7ekilseniz daha iyi olur!\u201d yan\u0131t\u0131n\u0131 verdi. Fevzi Kavuk\u00e7u sonralar\u0131 o g\u00fcnden \u201cBeni as\u0131l rahats\u0131z eden silah ve m\u00fchimmat meselesi de\u011fil, ba\u015ftakilerin zihniyetiydi,\u201d diye bahsedecekti.<\/p>\n\n\n<div class=\"wp-block-image\">\n<figure class=\"alignleft size-full\"><img decoding=\"async\" width=\"350\" height=\"326\" data-src=\"https:\/\/ehlendergisi.com\/wp-content\/uploads\/2023\/11\/ghassan-2.jpg\" alt=\"\" class=\"wp-image-327 lazyload\" data-srcset=\"https:\/\/ehlendergisi.com\/wp-content\/uploads\/2023\/11\/ghassan-2.jpg 350w, https:\/\/ehlendergisi.com\/wp-content\/uploads\/2023\/11\/ghassan-2-300x279.jpg 300w, https:\/\/ehlendergisi.com\/wp-content\/uploads\/2023\/11\/ghassan-2-150x140.jpg 150w\" data-sizes=\"(max-width: 350px) 100vw, 350px\" src=\"data:image\/svg+xml;base64,PHN2ZyB3aWR0aD0iMSIgaGVpZ2h0PSIxIiB4bWxucz0iaHR0cDovL3d3dy53My5vcmcvMjAwMC9zdmciPjwvc3ZnPg==\" style=\"--smush-placeholder-width: 350px; --smush-placeholder-aspect-ratio: 350\/326;\" \/><\/figure>\n<\/div>\n\n\n<p>Sava\u015fta g\u00f6sterdi\u011fi ba\u015far\u0131lardan \u00f6t\u00fcr\u00fc sava\u015f sonras\u0131nda Yarbay r\u00fctbesine terfi eden Cedid ayr\u0131ca BM Suriye temsilci heyeti askeri m\u00fcste\u015farl\u0131\u011f\u0131 g\u00f6revini ald\u0131. 1954\u2019te Humus Askeri Yedek Kuvvetler Okulu komutanl\u0131\u011f\u0131, yine ayn\u0131 y\u0131l Suriye Sosyal Milliyet\u00e7i Partisi Savunma Ba\u015fkanl\u0131\u011f\u0131 g\u00f6revlerini \u00fcstlendi. 1954 sonlar\u0131nda Ghassan Cedid ve birka\u00e7 arkada\u015f\u0131 keyfi olarak ordudan ihra\u00e7 edildi.<\/p>\n\n\n\n<p>22 Nisan 1955\u2019te, \u015eam\u2019da bir futbol ma\u00e7\u0131 esnas\u0131nda Baas Partisinden Yarbay Adnan Maliki\u2019nin \u00f6ld\u00fcr\u00fclmesi, Suriye Sosyal Milliyet\u00e7i Partisine y\u00f6nelik bir\u00e7ok su\u00e7lamaya neden oldu; Ghassan Cedid h\u0131zl\u0131ca 10 y\u0131l hapse mahkum edildi ve ailesiyle birlikte L\u00fcbnan\u2019a yerle\u015fti. Burada George Khoury m\u00fcstear\u0131n\u0131 kullanan Cedid, Suriye Sosyal Milliyet\u00e7i Partisi genel ba\u015fkan\u0131 George Abdulmesih\u2019in \u00f6zel dan\u0131\u015fmanl\u0131\u011f\u0131 ve Suriye Sosyal Milliyet\u00e7i Partisine ait L\u00fcbnan Gazetecilik Ajans\u0131n\u0131n denetlenmesi g\u00f6revlerini \u00fcstlendi. Bu s\u00fcre\u00e7te pek \u00e7ok gazete ve dergide Siyonizm\u2019in zararlar\u0131 ve \u201c\u0130srail\u201din b\u00f6lgedeki en tehlikeli unsur oldu\u011funa dair makaleler yazd\u0131. &nbsp;&nbsp;<\/p>\n\n\n\n<p>19 \u015eubat 1957 g\u00fcn\u00fc, \u00f6\u011fleden sonra saat 3 civar\u0131nda L\u00fcbnan Gazetecilik Ajans\u0131 binas\u0131 \u00f6n\u00fcnde \u0130zzet Sha\u2019at adl\u0131 bir askeri istihbarat g\u00f6revlisi taraf\u0131ndan \u015fehit edildi. Cedid\u2019in cenaze t\u00f6renine L\u00fcbnan ve Suriye\u2019den 50 bini a\u015fk\u0131n ki\u015fi kat\u0131ld\u0131. Beyrut Amerikan \u00dcniversitesi hastanesinden ba\u015flayan cenaze alay\u0131, Cedid\u2019in defnedildi\u011fi Ba\u015fura mezarl\u0131\u011f\u0131na kadar y\u00fcr\u00fcd\u00fc.<\/p>\n\n\n\n<p><strong>Kaynaklar:<\/strong><\/p>\n\n\n\n<p><a href=\"https:\/\/www.alazmenah.com\/?page=show_det&amp;id=50486&amp;category_id=14\">https:\/\/www.alazmenah.com\/?page=show_det&amp;id=50486&amp;category_id=14<\/a><\/p>\n\n\n\n<p><a href=\"https:\/\/www.ssnp.info\/?article=71666\">https:\/\/www.ssnp.info\/?article=71666<\/a><\/p>\n\n\n\n<p><a href=\"http:\/\/www.syrianhistory.com\/en\/photos\/4447\"><strong>http:\/\/www.syrianhistory.com\/en\/photos\/4447<\/strong><\/a><strong><\/strong><\/p>\n\n\n\n<p><strong><strong>\u201cThe Commander: Fawzi al-Qawuqji and the Fight for Arab Independence,\u201d Laila Parsons, 244 ve 245. sayfalar.<\/strong><\/strong><\/p>\n\n\n\n<p><strong>Arap\u00e7a kaynaklar\u0131n \u00e7evirisi: <\/strong><a href=\"https:\/\/twitter.com\/SSNPNews\"><strong>https:\/\/twitter.com\/SSNPNews<\/strong><\/a><\/p>\n","protected":false},"excerpt":{"rendered":"<p>\u00d6yk\u00fc A. Siyonist varl\u0131\u011f\u0131n Suriye\u2019ye y\u00f6nelik kirli sava\u015ftaki rol\u00fcn\u00fcn iyice ayyuka \u00e7\u0131kt\u0131\u011f\u0131, varl\u0131\u011f\u0131n neredeyse her hafta d\u00fczenledi\u011fi Suriye sald\u0131r\u0131lar\u0131nda Suriye Hava Kuvvetlerinin askerlerinin \u015fehit oldu\u011fu, varolu\u015f amac\u0131 i\u015fgalle s\u0131n\u0131rlar\u0131n\u0131 geni\u015fleterek Arap halk\u0131na nefes alacak yer b\u0131rakmamak olan Siyonist varl\u0131\u011f\u0131n yaln\u0131zca \u201cbizden \u00e7ok uzaktaki\u201d Filistinlilerin sorunu oldu\u011fu alg\u0131s\u0131n\u0131n yay\u0131lmaya \u00e7al\u0131\u015f\u0131ld\u0131\u011f\u0131 ve dahi Siyonizm\u2019in \u00e7e\u015fitli k\u0131l\u0131klarda hatta [&hellip;]<\/p>\n","protected":false},"author":1,"featured_media":324,"comment_status":"closed","ping_status":"open","sticky":false,"template":"","format":"standard","meta":{"tdm_status":"","tdm_grid_status":"","footnotes":""},"categories":[5],"tags":[],"class_list":{"0":"post-319","1":"post","2":"type-post","3":"status-publish","4":"format-standard","5":"has-post-thumbnail","7":"category-tarih"},"yoast_head":"<!-- This site is optimized with the Yoast SEO plugin v26.6 - https:\/\/yoast.com\/wordpress\/plugins\/seo\/ -->\n<title>Siyonizm\u2019e Kar\u015f\u0131 Sava\u015fan Alevi Bir Komutan: Ghassan Cedid - ehlen<\/title>\n<meta name=\"description\" content=\"Ghassan Cedid, 1920\u2019de Lazkiye\u2019nin g\u00fcneydo\u011fusunda, Alevi da\u011flar\u0131nda yer alan Dweir Baabda k\u00f6y\u00fcnde, orta halli bir ailede d\u00fcnyaya geldi.\" \/>\n<meta name=\"robots\" content=\"index, follow, max-snippet:-1, max-image-preview:large, max-video-preview:-1\" \/>\n<link rel=\"canonical\" href=\"https:\/\/ehlendergisi.com\/index.php\/2023\/11\/05\/siyonizme-karsi-savasan-alevi-bir-komutan-ghassan-cedid\/\" \/>\n<meta property=\"og:locale\" content=\"tr_TR\" \/>\n<meta property=\"og:type\" content=\"article\" \/>\n<meta property=\"og:title\" content=\"Siyonizm\u2019e Kar\u015f\u0131 Sava\u015fan Alevi Bir Komutan: Ghassan Cedid - ehlen\" \/>\n<meta property=\"og:description\" content=\"Ghassan Cedid, 1920\u2019de Lazkiye\u2019nin g\u00fcneydo\u011fusunda, Alevi da\u011flar\u0131nda yer alan Dweir Baabda k\u00f6y\u00fcnde, orta halli bir ailede d\u00fcnyaya geldi.\" \/>\n<meta property=\"og:url\" content=\"https:\/\/ehlendergisi.com\/index.php\/2023\/11\/05\/siyonizme-karsi-savasan-alevi-bir-komutan-ghassan-cedid\/\" \/>\n<meta property=\"og:site_name\" content=\"ehlen\" \/>\n<meta property=\"article:publisher\" content=\"https:\/\/www.facebook.com\/ehlendergisi\/?locale=tr_TR\" \/>\n<meta property=\"article:published_time\" content=\"2023-11-05T09:23:49+00:00\" \/>\n<meta property=\"article:modified_time\" content=\"2024-01-07T10:38:07+00:00\" \/>\n<meta property=\"og:image\" content=\"https:\/\/ehlendergisi.com\/wp-content\/uploads\/2023\/11\/alevi-taburu.jpg\" \/>\n\t<meta property=\"og:image:width\" content=\"646\" \/>\n\t<meta property=\"og:image:height\" content=\"354\" \/>\n\t<meta property=\"og:image:type\" content=\"image\/jpeg\" \/>\n<meta name=\"author\" content=\"admin\" \/>\n<meta name=\"twitter:card\" content=\"summary_large_image\" \/>\n<meta name=\"twitter:image\" content=\"https:\/\/ehlendergisi.com\/wp-content\/uploads\/2023\/11\/alevi-taburu.jpg\" \/>\n<meta name=\"twitter:creator\" content=\"@yenidenehlen\" \/>\n<meta name=\"twitter:site\" content=\"@yenidenehlen\" \/>\n<meta name=\"twitter:label1\" content=\"Yazan:\" \/>\n\t<meta name=\"twitter:data1\" content=\"admin\" \/>\n\t<meta name=\"twitter:label2\" content=\"Tahmini okuma s\u00fcresi\" \/>\n\t<meta name=\"twitter:data2\" content=\"4 dakika\" \/>\n<script type=\"application\/ld+json\" class=\"yoast-schema-graph\">{\"@context\":\"https:\/\/schema.org\",\"@graph\":[{\"@type\":\"Article\",\"@id\":\"https:\/\/ehlendergisi.com\/index.php\/2023\/11\/05\/siyonizme-karsi-savasan-alevi-bir-komutan-ghassan-cedid\/#article\",\"isPartOf\":{\"@id\":\"https:\/\/ehlendergisi.com\/index.php\/2023\/11\/05\/siyonizme-karsi-savasan-alevi-bir-komutan-ghassan-cedid\/\"},\"author\":{\"name\":\"admin\",\"@id\":\"http:\/\/ehlendergisi.com\/#\/schema\/person\/de94365e0837ae704e10d1723547402a\"},\"headline\":\"Siyonizm\u2019e Kar\u015f\u0131 Sava\u015fan Alevi Bir Komutan: Ghassan Cedid\",\"datePublished\":\"2023-11-05T09:23:49+00:00\",\"dateModified\":\"2024-01-07T10:38:07+00:00\",\"mainEntityOfPage\":{\"@id\":\"https:\/\/ehlendergisi.com\/index.php\/2023\/11\/05\/siyonizme-karsi-savasan-alevi-bir-komutan-ghassan-cedid\/\"},\"wordCount\":846,\"publisher\":{\"@id\":\"http:\/\/ehlendergisi.com\/#organization\"},\"image\":{\"@id\":\"https:\/\/ehlendergisi.com\/index.php\/2023\/11\/05\/siyonizme-karsi-savasan-alevi-bir-komutan-ghassan-cedid\/#primaryimage\"},\"thumbnailUrl\":\"https:\/\/ehlendergisi.com\/wp-content\/uploads\/2023\/11\/alevi-taburu.jpg\",\"articleSection\":[\"Tarih\"],\"inLanguage\":\"tr\"},{\"@type\":\"WebPage\",\"@id\":\"https:\/\/ehlendergisi.com\/index.php\/2023\/11\/05\/siyonizme-karsi-savasan-alevi-bir-komutan-ghassan-cedid\/\",\"url\":\"https:\/\/ehlendergisi.com\/index.php\/2023\/11\/05\/siyonizme-karsi-savasan-alevi-bir-komutan-ghassan-cedid\/\",\"name\":\"Siyonizm\u2019e Kar\u015f\u0131 Sava\u015fan Alevi Bir Komutan: Ghassan Cedid - ehlen\",\"isPartOf\":{\"@id\":\"http:\/\/ehlendergisi.com\/#website\"},\"primaryImageOfPage\":{\"@id\":\"https:\/\/ehlendergisi.com\/index.php\/2023\/11\/05\/siyonizme-karsi-savasan-alevi-bir-komutan-ghassan-cedid\/#primaryimage\"},\"image\":{\"@id\":\"https:\/\/ehlendergisi.com\/index.php\/2023\/11\/05\/siyonizme-karsi-savasan-alevi-bir-komutan-ghassan-cedid\/#primaryimage\"},\"thumbnailUrl\":\"https:\/\/ehlendergisi.com\/wp-content\/uploads\/2023\/11\/alevi-taburu.jpg\",\"datePublished\":\"2023-11-05T09:23:49+00:00\",\"dateModified\":\"2024-01-07T10:38:07+00:00\",\"description\":\"Ghassan Cedid, 1920\u2019de Lazkiye\u2019nin g\u00fcneydo\u011fusunda, Alevi da\u011flar\u0131nda yer alan Dweir Baabda k\u00f6y\u00fcnde, orta halli bir ailede d\u00fcnyaya geldi.\",\"breadcrumb\":{\"@id\":\"https:\/\/ehlendergisi.com\/index.php\/2023\/11\/05\/siyonizme-karsi-savasan-alevi-bir-komutan-ghassan-cedid\/#breadcrumb\"},\"inLanguage\":\"tr\",\"potentialAction\":[{\"@type\":\"ReadAction\",\"target\":[\"https:\/\/ehlendergisi.com\/index.php\/2023\/11\/05\/siyonizme-karsi-savasan-alevi-bir-komutan-ghassan-cedid\/\"]}]},{\"@type\":\"ImageObject\",\"inLanguage\":\"tr\",\"@id\":\"https:\/\/ehlendergisi.com\/index.php\/2023\/11\/05\/siyonizme-karsi-savasan-alevi-bir-komutan-ghassan-cedid\/#primaryimage\",\"url\":\"https:\/\/ehlendergisi.com\/wp-content\/uploads\/2023\/11\/alevi-taburu.jpg\",\"contentUrl\":\"https:\/\/ehlendergisi.com\/wp-content\/uploads\/2023\/11\/alevi-taburu.jpg\",\"width\":646,\"height\":354,\"caption\":\"Alevi Taburu Komutan\u0131 Ghassan Cedid (En Solda) Filistin\u2019de, 1948.\"},{\"@type\":\"BreadcrumbList\",\"@id\":\"https:\/\/ehlendergisi.com\/index.php\/2023\/11\/05\/siyonizme-karsi-savasan-alevi-bir-komutan-ghassan-cedid\/#breadcrumb\",\"itemListElement\":[{\"@type\":\"ListItem\",\"position\":1,\"name\":\"Anasayfa\",\"item\":\"http:\/\/ehlendergisi.com\/\"},{\"@type\":\"ListItem\",\"position\":2,\"name\":\"Siyonizm\u2019e Kar\u015f\u0131 Sava\u015fan Alevi Bir Komutan: Ghassan Cedid\"}]},{\"@type\":\"WebSite\",\"@id\":\"http:\/\/ehlendergisi.com\/#website\",\"url\":\"http:\/\/ehlendergisi.com\/\",\"name\":\"ehlen\",\"description\":\"k\u00fclt\u00fcr, sanat, siyaset dergisi\",\"publisher\":{\"@id\":\"http:\/\/ehlendergisi.com\/#organization\"},\"potentialAction\":[{\"@type\":\"SearchAction\",\"target\":{\"@type\":\"EntryPoint\",\"urlTemplate\":\"http:\/\/ehlendergisi.com\/?s={search_term_string}\"},\"query-input\":{\"@type\":\"PropertyValueSpecification\",\"valueRequired\":true,\"valueName\":\"search_term_string\"}}],\"inLanguage\":\"tr\"},{\"@type\":\"Organization\",\"@id\":\"http:\/\/ehlendergisi.com\/#organization\",\"name\":\"ehlen\",\"url\":\"http:\/\/ehlendergisi.com\/\",\"logo\":{\"@type\":\"ImageObject\",\"inLanguage\":\"tr\",\"@id\":\"http:\/\/ehlendergisi.com\/#\/schema\/logo\/image\/\",\"url\":\"https:\/\/ehlendergisi.com\/wp-content\/uploads\/2023\/06\/IMG_9500404081E2-1-2.jpeg\",\"contentUrl\":\"https:\/\/ehlendergisi.com\/wp-content\/uploads\/2023\/06\/IMG_9500404081E2-1-2.jpeg\",\"width\":2560,\"height\":1341,\"caption\":\"ehlen\"},\"image\":{\"@id\":\"http:\/\/ehlendergisi.com\/#\/schema\/logo\/image\/\"},\"sameAs\":[\"https:\/\/www.facebook.com\/ehlendergisi\/?locale=tr_TR\",\"https:\/\/x.com\/yenidenehlen\"]},{\"@type\":\"Person\",\"@id\":\"http:\/\/ehlendergisi.com\/#\/schema\/person\/de94365e0837ae704e10d1723547402a\",\"name\":\"admin\",\"image\":{\"@type\":\"ImageObject\",\"inLanguage\":\"tr\",\"@id\":\"http:\/\/ehlendergisi.com\/#\/schema\/person\/image\/\",\"url\":\"https:\/\/secure.gravatar.com\/avatar\/4e3d1b4ba20db56c5c7cda805db9aa90e8ae36f8cd48a7e189f21124a32188a7?s=96&d=mm&r=g\",\"contentUrl\":\"https:\/\/secure.gravatar.com\/avatar\/4e3d1b4ba20db56c5c7cda805db9aa90e8ae36f8cd48a7e189f21124a32188a7?s=96&d=mm&r=g\",\"caption\":\"admin\"},\"sameAs\":[\"http:\/\/ehlendergisi.com\"],\"url\":\"https:\/\/ehlendergisi.com\/index.php\/author\/admin\/\"}]}<\/script>\n<!-- \/ Yoast SEO plugin. -->","yoast_head_json":{"title":"Siyonizm\u2019e Kar\u015f\u0131 Sava\u015fan Alevi Bir Komutan: Ghassan Cedid - ehlen","description":"Ghassan Cedid, 1920\u2019de Lazkiye\u2019nin g\u00fcneydo\u011fusunda, Alevi da\u011flar\u0131nda yer alan Dweir Baabda k\u00f6y\u00fcnde, orta halli bir ailede d\u00fcnyaya geldi.","robots":{"index":"index","follow":"follow","max-snippet":"max-snippet:-1","max-image-preview":"max-image-preview:large","max-video-preview":"max-video-preview:-1"},"canonical":"https:\/\/ehlendergisi.com\/index.php\/2023\/11\/05\/siyonizme-karsi-savasan-alevi-bir-komutan-ghassan-cedid\/","og_locale":"tr_TR","og_type":"article","og_title":"Siyonizm\u2019e Kar\u015f\u0131 Sava\u015fan Alevi Bir Komutan: Ghassan Cedid - ehlen","og_description":"Ghassan Cedid, 1920\u2019de Lazkiye\u2019nin g\u00fcneydo\u011fusunda, Alevi da\u011flar\u0131nda yer alan Dweir Baabda k\u00f6y\u00fcnde, orta halli bir ailede d\u00fcnyaya geldi.","og_url":"https:\/\/ehlendergisi.com\/index.php\/2023\/11\/05\/siyonizme-karsi-savasan-alevi-bir-komutan-ghassan-cedid\/","og_site_name":"ehlen","article_publisher":"https:\/\/www.facebook.com\/ehlendergisi\/?locale=tr_TR","article_published_time":"2023-11-05T09:23:49+00:00","article_modified_time":"2024-01-07T10:38:07+00:00","og_image":[{"width":646,"height":354,"url":"https:\/\/ehlendergisi.com\/wp-content\/uploads\/2023\/11\/alevi-taburu.jpg","type":"image\/jpeg"}],"author":"admin","twitter_card":"summary_large_image","twitter_image":"https:\/\/ehlendergisi.com\/wp-content\/uploads\/2023\/11\/alevi-taburu.jpg","twitter_creator":"@yenidenehlen","twitter_site":"@yenidenehlen","twitter_misc":{"Yazan:":"admin","Tahmini okuma s\u00fcresi":"4 dakika"},"schema":{"@context":"https:\/\/schema.org","@graph":[{"@type":"Article","@id":"https:\/\/ehlendergisi.com\/index.php\/2023\/11\/05\/siyonizme-karsi-savasan-alevi-bir-komutan-ghassan-cedid\/#article","isPartOf":{"@id":"https:\/\/ehlendergisi.com\/index.php\/2023\/11\/05\/siyonizme-karsi-savasan-alevi-bir-komutan-ghassan-cedid\/"},"author":{"name":"admin","@id":"http:\/\/ehlendergisi.com\/#\/schema\/person\/de94365e0837ae704e10d1723547402a"},"headline":"Siyonizm\u2019e Kar\u015f\u0131 Sava\u015fan Alevi Bir Komutan: Ghassan Cedid","datePublished":"2023-11-05T09:23:49+00:00","dateModified":"2024-01-07T10:38:07+00:00","mainEntityOfPage":{"@id":"https:\/\/ehlendergisi.com\/index.php\/2023\/11\/05\/siyonizme-karsi-savasan-alevi-bir-komutan-ghassan-cedid\/"},"wordCount":846,"publisher":{"@id":"http:\/\/ehlendergisi.com\/#organization"},"image":{"@id":"https:\/\/ehlendergisi.com\/index.php\/2023\/11\/05\/siyonizme-karsi-savasan-alevi-bir-komutan-ghassan-cedid\/#primaryimage"},"thumbnailUrl":"https:\/\/ehlendergisi.com\/wp-content\/uploads\/2023\/11\/alevi-taburu.jpg","articleSection":["Tarih"],"inLanguage":"tr"},{"@type":"WebPage","@id":"https:\/\/ehlendergisi.com\/index.php\/2023\/11\/05\/siyonizme-karsi-savasan-alevi-bir-komutan-ghassan-cedid\/","url":"https:\/\/ehlendergisi.com\/index.php\/2023\/11\/05\/siyonizme-karsi-savasan-alevi-bir-komutan-ghassan-cedid\/","name":"Siyonizm\u2019e Kar\u015f\u0131 Sava\u015fan Alevi Bir Komutan: Ghassan Cedid - ehlen","isPartOf":{"@id":"http:\/\/ehlendergisi.com\/#website"},"primaryImageOfPage":{"@id":"https:\/\/ehlendergisi.com\/index.php\/2023\/11\/05\/siyonizme-karsi-savasan-alevi-bir-komutan-ghassan-cedid\/#primaryimage"},"image":{"@id":"https:\/\/ehlendergisi.com\/index.php\/2023\/11\/05\/siyonizme-karsi-savasan-alevi-bir-komutan-ghassan-cedid\/#primaryimage"},"thumbnailUrl":"https:\/\/ehlendergisi.com\/wp-content\/uploads\/2023\/11\/alevi-taburu.jpg","datePublished":"2023-11-05T09:23:49+00:00","dateModified":"2024-01-07T10:38:07+00:00","description":"Ghassan Cedid, 1920\u2019de Lazkiye\u2019nin g\u00fcneydo\u011fusunda, Alevi da\u011flar\u0131nda yer alan Dweir Baabda k\u00f6y\u00fcnde, orta halli bir ailede d\u00fcnyaya geldi.","breadcrumb":{"@id":"https:\/\/ehlendergisi.com\/index.php\/2023\/11\/05\/siyonizme-karsi-savasan-alevi-bir-komutan-ghassan-cedid\/#breadcrumb"},"inLanguage":"tr","potentialAction":[{"@type":"ReadAction","target":["https:\/\/ehlendergisi.com\/index.php\/2023\/11\/05\/siyonizme-karsi-savasan-alevi-bir-komutan-ghassan-cedid\/"]}]},{"@type":"ImageObject","inLanguage":"tr","@id":"https:\/\/ehlendergisi.com\/index.php\/2023\/11\/05\/siyonizme-karsi-savasan-alevi-bir-komutan-ghassan-cedid\/#primaryimage","url":"https:\/\/ehlendergisi.com\/wp-content\/uploads\/2023\/11\/alevi-taburu.jpg","contentUrl":"https:\/\/ehlendergisi.com\/wp-content\/uploads\/2023\/11\/alevi-taburu.jpg","width":646,"height":354,"caption":"Alevi Taburu Komutan\u0131 Ghassan Cedid (En Solda) Filistin\u2019de, 1948."},{"@type":"BreadcrumbList","@id":"https:\/\/ehlendergisi.com\/index.php\/2023\/11\/05\/siyonizme-karsi-savasan-alevi-bir-komutan-ghassan-cedid\/#breadcrumb","itemListElement":[{"@type":"ListItem","position":1,"name":"Anasayfa","item":"http:\/\/ehlendergisi.com\/"},{"@type":"ListItem","position":2,"name":"Siyonizm\u2019e Kar\u015f\u0131 Sava\u015fan Alevi Bir Komutan: Ghassan Cedid"}]},{"@type":"WebSite","@id":"http:\/\/ehlendergisi.com\/#website","url":"http:\/\/ehlendergisi.com\/","name":"ehlen","description":"k\u00fclt\u00fcr, sanat, siyaset dergisi","publisher":{"@id":"http:\/\/ehlendergisi.com\/#organization"},"potentialAction":[{"@type":"SearchAction","target":{"@type":"EntryPoint","urlTemplate":"http:\/\/ehlendergisi.com\/?s={search_term_string}"},"query-input":{"@type":"PropertyValueSpecification","valueRequired":true,"valueName":"search_term_string"}}],"inLanguage":"tr"},{"@type":"Organization","@id":"http:\/\/ehlendergisi.com\/#organization","name":"ehlen","url":"http:\/\/ehlendergisi.com\/","logo":{"@type":"ImageObject","inLanguage":"tr","@id":"http:\/\/ehlendergisi.com\/#\/schema\/logo\/image\/","url":"https:\/\/ehlendergisi.com\/wp-content\/uploads\/2023\/06\/IMG_9500404081E2-1-2.jpeg","contentUrl":"https:\/\/ehlendergisi.com\/wp-content\/uploads\/2023\/06\/IMG_9500404081E2-1-2.jpeg","width":2560,"height":1341,"caption":"ehlen"},"image":{"@id":"http:\/\/ehlendergisi.com\/#\/schema\/logo\/image\/"},"sameAs":["https:\/\/www.facebook.com\/ehlendergisi\/?locale=tr_TR","https:\/\/x.com\/yenidenehlen"]},{"@type":"Person","@id":"http:\/\/ehlendergisi.com\/#\/schema\/person\/de94365e0837ae704e10d1723547402a","name":"admin","image":{"@type":"ImageObject","inLanguage":"tr","@id":"http:\/\/ehlendergisi.com\/#\/schema\/person\/image\/","url":"https:\/\/secure.gravatar.com\/avatar\/4e3d1b4ba20db56c5c7cda805db9aa90e8ae36f8cd48a7e189f21124a32188a7?s=96&d=mm&r=g","contentUrl":"https:\/\/secure.gravatar.com\/avatar\/4e3d1b4ba20db56c5c7cda805db9aa90e8ae36f8cd48a7e189f21124a32188a7?s=96&d=mm&r=g","caption":"admin"},"sameAs":["http:\/\/ehlendergisi.com"],"url":"https:\/\/ehlendergisi.com\/index.php\/author\/admin\/"}]}},"amp_enabled":true,"_links":{"self":[{"href":"https:\/\/ehlendergisi.com\/index.php\/wp-json\/wp\/v2\/posts\/319","targetHints":{"allow":["GET"]}}],"collection":[{"href":"https:\/\/ehlendergisi.com\/index.php\/wp-json\/wp\/v2\/posts"}],"about":[{"href":"https:\/\/ehlendergisi.com\/index.php\/wp-json\/wp\/v2\/types\/post"}],"author":[{"embeddable":true,"href":"https:\/\/ehlendergisi.com\/index.php\/wp-json\/wp\/v2\/users\/1"}],"replies":[{"embeddable":true,"href":"https:\/\/ehlendergisi.com\/index.php\/wp-json\/wp\/v2\/comments?post=319"}],"version-history":[{"count":7,"href":"https:\/\/ehlendergisi.com\/index.php\/wp-json\/wp\/v2\/posts\/319\/revisions"}],"predecessor-version":[{"id":354,"href":"https:\/\/ehlendergisi.com\/index.php\/wp-json\/wp\/v2\/posts\/319\/revisions\/354"}],"wp:featuredmedia":[{"embeddable":true,"href":"https:\/\/ehlendergisi.com\/index.php\/wp-json\/wp\/v2\/media\/324"}],"wp:attachment":[{"href":"https:\/\/ehlendergisi.com\/index.php\/wp-json\/wp\/v2\/media?parent=319"}],"wp:term":[{"taxonomy":"category","embeddable":true,"href":"https:\/\/ehlendergisi.com\/index.php\/wp-json\/wp\/v2\/categories?post=319"},{"taxonomy":"post_tag","embeddable":true,"href":"https:\/\/ehlendergisi.com\/index.php\/wp-json\/wp\/v2\/tags?post=319"}],"curies":[{"name":"wp","href":"https:\/\/api.w.org\/{rel}","templated":true}]}}