{"id":339,"date":"2023-11-17T10:40:56","date_gmt":"2023-11-17T10:40:56","guid":{"rendered":"https:\/\/ehlendergisi.com\/?p=339"},"modified":"2023-11-17T10:41:35","modified_gmt":"2023-11-17T10:41:35","slug":"alevilikte-riza-sehri","status":"publish","type":"post","link":"https:\/\/ehlendergisi.com\/index.php\/2023\/11\/17\/alevilikte-riza-sehri\/","title":{"rendered":"Alevilikte\u00a0R\u0131za\u00a0\u015eehri"},"content":{"rendered":"\n<p><em>Murtada\u00a0\u00c7ekmecelio\u011flu<\/em><\/p>\n\n\n\n<p>&#8221;R\u0131za&nbsp;\u015eehri&#8221; kavram\u0131, 12 imamlardan&nbsp;\u0130m\u00e2m&nbsp;Cafer-i Sad\u0131k&#8217;\u0131n yazd\u0131\u011f\u0131 Buyru\u011funda ge\u00e7er.&nbsp;R\u0131za&nbsp;\u015eehri \u00fczerinden insano\u011fluna \u00e7ok derin bir mesaj aktar\u0131lm\u0131\u015ft\u0131r.&nbsp;\u0130\u015fte Alevili\u011fin ekonomik \u00fctopyas\u0131n\u0131 anlatan o R\u0131za&nbsp;\u015eehri hikayesi:<\/p>\n\n\n\n<p>Adam\u0131n biri inanc\u0131na&nbsp;d\u00fcr\u00fcst\u00e7e&nbsp;ba\u011fl\u0131, sofuca bir hayat ya\u015farm\u0131\u015f. Ve ayn\u0131 zamanda da ya\u015fad\u0131\u011f\u0131 d\u00fcnyay\u0131 \u00e7ok merak edermi\u015f. S\u00fcrekli d\u00fcnyay\u0131 gezip g\u00f6rmeyi hayal edermi\u015f.&nbsp;Bir g\u00fcn bu hayalini ger\u00e7ekle\u015ftirmek i\u00e7in yola \u00e7\u0131kmaya karar verir ve b\u00fct\u00fcn haz\u0131rl\u0131klar\u0131n\u0131 tamamlad\u0131ktan sonra yola \u00e7\u0131kar.<\/p>\n\n\n\n<p>Uzunca bir zaman d\u00fcnyan\u0131n \u00e7e\u015fitli b\u00f6lgelerini gezdikten sonra, yolu bir \u015fehre d\u00fc\u015fer.&nbsp;\u015eehrin d\u00fczeni ilgisini \u00e7ok \u00e7ekmi\u015f,&nbsp;\u015fehri&nbsp;mimari a\u00e7\u0131dan&nbsp;da hayal&nbsp;edemeyece\u011fi&nbsp;kadar ilgin\u00e7 bulmu\u015f.&nbsp;Her&nbsp;taraf\u0131n\u0131 merak etti\u011fi i\u00e7in en \u00fccra k\u00f6\u015fesine kadar gezmi\u015f dola\u015fm\u0131\u015f sonunda yorgun d\u00fc\u015fm\u00fc\u015f. Bir s\u00fcre uyur.Uyand\u0131\u011f\u0131nda ac\u0131kt\u0131\u011f\u0131n\u0131&nbsp;hisseder&nbsp;ve kalkar ekmek almak i\u00e7in f\u0131r\u0131na gider. F\u0131r\u0131nc\u0131dan ekmek isterken elindeki paray\u0131 da uzat\u0131r.&nbsp;F\u0131r\u0131nc\u0131 paray\u0131 g\u00f6r\u00fcnce bizim sofuya dikkatlice bakar. O ne o elindeki nedir? Parad\u0131r, der sofu f\u0131r\u0131nc\u0131 anla\u015f\u0131lan sen bu \u015fehrin yabanc\u0131s\u0131s\u0131n yani d\u00fcnyal\u0131s\u0131n.<\/p>\n\n\n\n<p>Sofu, \u201cEvet ben bu \u015fehirden de\u011filim. Yeni geldim. \u015eehrinizin d\u00fczenini \u00e7ok&nbsp;be\u011fendim\u201d der. F\u0131r\u0131nc\u0131, \u201cBuras\u0131 R\u0131zalar&nbsp;\u015eehri\u2019dir. Burada para ge\u00e7mez. Biz bu paray\u0131 kald\u0131rmak i\u00e7in uzun y\u0131lar m\u00fccadele ettik.&nbsp;Bu u\u011furda \u00e7ok canlar verdik\u201d der. Sofu, \u201cPeki ben ekme\u011fi nas\u0131l alaca\u011f\u0131m? Karn\u0131m a\u00e7. Karn\u0131m\u0131 doyurmam laz\u0131m\u201d der.&nbsp;F\u0131r\u0131nc\u0131, \u201cBiraz bekleyin. Ben g\u00f6revlileri \u00e7a\u011f\u0131ray\u0131m, onlar sizinle ilgilenirler, gerekeni yaparlar\u201d der. Biraz sonra iki tane g\u00f6revli gelir. \u201cSeni divana g\u00f6t\u00fcrmemiz laz\u0131m. L\u00fctfen bizimle gelir misiniz?\u201d derler.<\/p>\n\n\n\n<p>Tabi bizim sofuyu korku sarar. Acaba bu divan nas\u0131l bir yer ola, bana ne yapacaklar. Bu d\u00fc\u015f\u00fcnceyle biraz y\u00fcr\u00fcd\u00fckten sora divana gelirler. \u0130\u00e7eri girdiklerinde bizim sofu k\u00f6\u015fede oturmu\u015f iki tane aksakall\u0131 Pir g\u00f6r\u00fcr.&nbsp;G\u00f6revliler, \u201cBu yabanc\u0131 bizim \u015fehrimize gelmi\u015f. Bu sabah f\u0131r\u0131na u\u011fram\u0131\u015f. Para verip f\u0131r\u0131nc\u0131dan ekmek istemi\u015f. F\u0131r\u0131nc\u0131 da d\u00fcnyal\u0131 oldu\u011funu anlay\u0131nca bize haber verdi. Biz de al\u0131p&nbsp;size&nbsp;getirdik. Bunu ne yapal\u0131m?<\/p>\n\n\n\n<p>Aksakall\u0131 Pir, \u201cMademki \u015fehrimize yeni gelmi\u015f, t\u00f6relerimizi bilirsiniz, g\u00f6t\u00fcr\u00fcn \u00f6nce karn\u0131n\u0131 doyurun. Sonra da kal\u0131p dinlenmesi i\u00e7in bir yer verin\u201d der. G\u00f6revliler sofunun karn\u0131n\u0131 doyururlar. Kalmas\u0131 i\u00e7in b\u00fct\u00fcn ihtiya\u00e7lar\u0131n\u0131 kar\u015f\u0131lay\u0131p bir odaya yerle\u015ftirirler.<\/p>\n\n\n\n<p>Bizim Sofu bir iki hafta \u015fehirde kald\u0131ktan sonra \u015fehri terk etmeye karar verir.&nbsp;Sabahleyin haz\u0131rl\u0131\u011f\u0131n\u0131 yapt\u0131ktan sonra yola \u00e7\u0131kar. Tam \u015fehri \u00e7\u0131karken yine o iki g\u00f6revli \u00f6n\u00fcne \u00e7\u0131kar.&nbsp;\u201cG\u00f6rd\u00fc\u011f\u00fcm\u00fcz&nbsp;kadar\u0131yla&nbsp;\u015fehrimizi terk ediyorsunuz art\u0131k.\u201d&nbsp;Evet,&nbsp;der sofu.&nbsp;<\/p>\n\n\n\n<p>G\u00f6revliler:&nbsp;Eee&nbsp;peki \u015fehrimizde kald\u0131\u011f\u0131n s\u00fcre i\u00e7inde bizlerden memnun kald\u0131n\u0131z m\u0131?&nbsp;<\/p>\n\n\n\n<p>Sofu:&nbsp;Ooo&nbsp;\u015fehriniz \u00e7ok g\u00fczel burada kald\u0131\u011f\u0131m s\u00fcre i\u00e7inde \u00e7ok rahat ettim.&nbsp;\u00c7ok memnun oldum. Bundan dolay\u0131 size de \u00e7ok te\u015fekk\u00fcr ederim.<\/p>\n\n\n\n<p>G\u00f6revliler: Peki madem bizden \u00e7ok memnun kalm\u0131\u015fs\u0131n\u0131z, o halde&nbsp;bizim&nbsp;de memnun kalmam\u0131z laz\u0131m.&nbsp;Burada&nbsp;kald\u0131n, yedin i\u00e7tin, ancak biz sizden herhangi bir \u00fccret talep etmedik. Buna kar\u015f\u0131l\u0131k&nbsp;burada&nbsp;kald\u0131\u011f\u0131n\u0131z s\u00fcreler i\u00e7in bize \u00e7al\u0131\u015fman\u0131z gerek.<\/p>\n\n\n\n<p>Sofu:&nbsp;Eh mademki t\u00f6releriniz \u00f6yle buyurur ben de kabul ediyorum.<\/p>\n\n\n\n<p>Bizim sofuyu tekrar g\u00f6t\u00fcr\u00fcp eski yerine yerle\u015ftirirler. Sofuya yeteneklerine uygun bir de i\u015f verirler. Sofu i\u015fe gidip gelirken \u015fehre ve \u015fehrin insanlar\u0131na da iyice al\u0131\u015f\u0131r.&nbsp;Arkada\u015f edinir ve sonunda orda kalmaya karar verir.<\/p>\n\n\n\n<p>Birg\u00fcn&nbsp;arkada\u015f\u0131na:&nbsp;Ben&nbsp;burada&nbsp;kalmaya karar verdim. Ancak evlenip yuva kurmak istiyorum. Siz bu evlilik i\u015fini nas\u0131l yapars\u0131n\u0131z?&nbsp;<\/p>\n\n\n\n<p>Arkada\u015f\u0131:&nbsp;Burada bir park vard\u0131r.&nbsp;Hafta sonu evlenmek&nbsp;isteyenler&nbsp;oraya giderler. Birbirleriyle tan\u0131\u015f\u0131rlar. Anla\u015f\u0131rlarsa evlenir yuva kurarlar.<\/p>\n\n\n\n<p>Bizim sofu hafta sonu tarif edilen parka gider. Parkta insanlar olduk\u00e7a medeni bir \u015fekilde konu\u015fup sohbet ederler.&nbsp;Bir \u015feyleryerler,&nbsp;i\u00e7erler. Sofu etraf\u0131na bak\u0131n\u0131r ve bir ela g\u00f6zl\u00fc dilberi g\u00f6z\u00fcne kestirir. Yan\u0131na yakla\u015f\u0131r, selam verir, sizinle tan\u0131\u015fabilir miyiz acaba, diye sorar.<\/p>\n\n\n\n<p>Kad\u0131n,&nbsp;\u201ctabi neden olmas\u0131n,&nbsp;buyurun\u201d der. \u015eehrin genel ve sosyal yap\u0131s\u0131yla ilgili sohbet ettikten sonra. Sofu,&nbsp;\u201csizinle evlenmem m\u00fcmk\u00fcn m\u00fc acaba?\u201d&nbsp;der. Kad\u0131n bu ani teklif kar\u015f\u0131s\u0131nda \u015fa\u015f\u0131rarak, \u201canla\u015f\u0131lan siz d\u00fcnyal\u0131s\u0131n\u0131z galiba?\u201d der.<\/p>\n\n\n\n<p>Her yerde bu soruyla kar\u015f\u0131la\u015fan sofu, k\u0131zarak:&nbsp;Yahu benim anl\u0131mda m\u0131 yaz\u0131yor d\u00fcnyal\u0131 oldu\u011fum?&nbsp;<\/p>\n\n\n\n<p>Kad\u0131n:&nbsp;Eee&nbsp;bak\u0131n bu halinizle bile d\u00fcnyal\u0131 oldu\u011funuz anla\u015f\u0131l\u0131yor. Ancak sorun de\u011fil. \u0130leride kendini d\u00fczeltirsin.&nbsp;Bu \u015fehrin kurallar\u0131yla uyumlu bir insan olabilirsiniz ve bu s\u00fcre i\u00e7inde de birbirimizi tan\u0131m\u0131\u015f oluruz. \u00c7\u00fck\u00fc \u00f6nce birbirimizi tan\u0131mam\u0131z laz\u0131m.&nbsp;<\/p>\n\n\n\n<p>-Peki nas\u0131l olacak bu?<\/p>\n\n\n\n<p>-Hafta sonlar\u0131 evime gelirsiniz. Konu\u015furuz, gezeriz, sohbet ederiz. Birbirimize uygunsak evleniriz.<\/p>\n\n\n\n<p>Bizim sofu yine bir g\u00fcn kad\u0131n\u0131n evine&nbsp;giderken, bir nar bah\u00e7esinin yan\u0131ndan ge\u00e7er. Bir de bakar ki, bah\u00e7enin ne tel \u00f6rg\u00fcs\u00fc ne de bek\u00e7isi var. F\u0131rsat bu f\u0131rsat bah\u00e7eye dalar!&nbsp;Bir sepet nar kopar\u0131r. Narlar\u0131 kopar\u0131rken de \u00e7ok hoyrat davran\u0131p dallar\u0131na zarar verir.<\/p>\n\n\n\n<p>Eve var\u0131r,&nbsp;narlar\u0131 kad\u0131n\u0131n masas\u0131na b\u0131rak\u0131r ve kad\u0131n\u0131 bekler. Bir s\u00fcre sonra kad\u0131n i\u00e7eri girdi\u011finde masan\u0131n \u00fcst\u00fcndeki narlara hi\u00e7 d\u00f6n\u00fcp bakmay\u0131nca tabi bizim sofu bozulur.\u201cBunlar nedir, masan\u0131n \u00fcst\u00fcndekiler?\u201d&nbsp;diye sorar.&nbsp;<\/p>\n\n\n\n<p>-Nar.&nbsp;<\/p>\n\n\n\n<p>-Peki g\u00f6rmedin mi bunlar\u0131. Senin i\u00e7in getirdim. Neden ilgilenmedin?&nbsp;<\/p>\n\n\n\n<p>-Bak burada hi\u00e7 kimse senin yapt\u0131\u011f\u0131n\u0131 yapmaz. Ben de ge\u00e7en g\u00fcn gittim bah\u00e7eye.&nbsp;Yaln\u0131z&nbsp;iki tane kopard\u0131m. Birini yedim biri de duruyor.&nbsp;Ancak siz hakk\u0131n\u0131zdan fazlas\u0131n\u0131 koparm\u0131\u015fs\u0131n\u0131z. \u00dcstelik de narlar\u0131 kopar\u0131rken bah\u00e7eye zarar vermi\u015fsiniz. Ba\u015fkalar\u0131n\u0131n&nbsp;hakk\u0131n\u0131&nbsp;da gasp etmi\u015fsiniz. Burada herkese bu kadar nar d\u00fc\u015fmez. Bu yapt\u0131\u011f\u0131n\u0131z&nbsp;\u015fehrin kurallar\u0131na ayk\u0131r\u0131d\u0131r.&nbsp;Ve burada herkes sizin gibi davranmaya kalkarsa bu \u015fehir ya\u015fan\u0131lmaz olur.&nbsp;Unutmay\u0131n&nbsp;ki&nbsp;buras\u0131 R\u0131zalar&nbsp;\u015eehri\u2019dir.Buran\u0131n&nbsp;kendine \u00f6zg\u00fc&nbsp;kurallar\u0131 vard\u0131r.&nbsp;Hi\u00e7 kimse ihtiyac\u0131ndan fazlas\u0131n\u0131 almaz.&nbsp;Ve buna gerek de yoktur. Burada para ge\u00e7erli de\u011fildir. Herkesin ihtiyac\u0131 paras\u0131z kar\u015f\u0131lan\u0131r.&nbsp;Buna&nbsp;kar\u015f\u0131l\u0131k&nbsp;da herkes \u00e7al\u0131\u015f\u0131r. Bir y\u0131la yak\u0131nd\u0131r&nbsp;burada&nbsp;ya\u015f\u0131yorsunuz hala bu kurallar\u0131 kabullenemediniz. Yani anla\u015f\u0131lan siz buraya ayak&nbsp;uyduramayacaks\u0131n\u0131z. En iyisi siz kendi d\u00fcnyan\u0131za geri d\u00f6n\u00fcn.&nbsp;<\/p>\n\n\n\n<p>Ve&nbsp;nihayetinde&nbsp;sofu da \u015fehri terk eder.<\/p>\n","protected":false},"excerpt":{"rendered":"<p>Murtada\u00a0\u00c7ekmecelio\u011flu &#8221;R\u0131za&nbsp;\u015eehri&#8221; kavram\u0131, 12 imamlardan&nbsp;\u0130m\u00e2m&nbsp;Cafer-i Sad\u0131k&#8217;\u0131n yazd\u0131\u011f\u0131 Buyru\u011funda ge\u00e7er.&nbsp;R\u0131za&nbsp;\u015eehri \u00fczerinden insano\u011fluna \u00e7ok derin bir mesaj aktar\u0131lm\u0131\u015ft\u0131r.&nbsp;\u0130\u015fte Alevili\u011fin ekonomik \u00fctopyas\u0131n\u0131 anlatan o R\u0131za&nbsp;\u015eehri hikayesi: Adam\u0131n biri inanc\u0131na&nbsp;d\u00fcr\u00fcst\u00e7e&nbsp;ba\u011fl\u0131, sofuca bir hayat ya\u015farm\u0131\u015f. Ve ayn\u0131 zamanda da ya\u015fad\u0131\u011f\u0131 d\u00fcnyay\u0131 \u00e7ok merak edermi\u015f. S\u00fcrekli d\u00fcnyay\u0131 gezip g\u00f6rmeyi hayal edermi\u015f.&nbsp;Bir g\u00fcn bu hayalini ger\u00e7ekle\u015ftirmek i\u00e7in yola \u00e7\u0131kmaya karar verir ve [&hellip;]<\/p>\n","protected":false},"author":1,"featured_media":341,"comment_status":"closed","ping_status":"open","sticky":false,"template":"","format":"standard","meta":{"tdm_status":"","tdm_grid_status":"","footnotes":""},"categories":[6],"tags":[],"class_list":{"0":"post-339","1":"post","2":"type-post","3":"status-publish","4":"format-standard","5":"has-post-thumbnail","7":"category-kultur"},"yoast_head":"<!-- This site is optimized with the Yoast SEO plugin v26.6 - https:\/\/yoast.com\/wordpress\/plugins\/seo\/ -->\n<title>Alevilikte\u00a0R\u0131za\u00a0\u015eehri - ehlen<\/title>\n<meta name=\"description\" content=\"&#039;&#039;R\u0131za\u00a0\u015eehri&#039;&#039; kavram\u0131, 12 imamlardan\u00a0\u0130m\u00e2m\u00a0Cafer-i Sad\u0131k&#039;\u0131n yazd\u0131\u011f\u0131 Buyru\u011funda ge\u00e7er.\" \/>\n<meta name=\"robots\" content=\"index, follow, max-snippet:-1, max-image-preview:large, max-video-preview:-1\" \/>\n<link rel=\"canonical\" href=\"https:\/\/ehlendergisi.com\/index.php\/2023\/11\/17\/alevilikte-riza-sehri\/\" \/>\n<meta property=\"og:locale\" content=\"tr_TR\" \/>\n<meta property=\"og:type\" content=\"article\" \/>\n<meta property=\"og:title\" content=\"Alevilikte\u00a0R\u0131za\u00a0\u015eehri - ehlen\" \/>\n<meta property=\"og:description\" content=\"&#039;&#039;R\u0131za\u00a0\u015eehri&#039;&#039; kavram\u0131, 12 imamlardan\u00a0\u0130m\u00e2m\u00a0Cafer-i Sad\u0131k&#039;\u0131n yazd\u0131\u011f\u0131 Buyru\u011funda ge\u00e7er.\" \/>\n<meta property=\"og:url\" content=\"https:\/\/ehlendergisi.com\/index.php\/2023\/11\/17\/alevilikte-riza-sehri\/\" \/>\n<meta property=\"og:site_name\" content=\"ehlen\" \/>\n<meta property=\"article:publisher\" content=\"https:\/\/www.facebook.com\/ehlendergisi\/?locale=tr_TR\" \/>\n<meta property=\"article:published_time\" content=\"2023-11-17T10:40:56+00:00\" \/>\n<meta property=\"article:modified_time\" content=\"2023-11-17T10:41:35+00:00\" \/>\n<meta property=\"og:image\" content=\"https:\/\/ehlendergisi.com\/wp-content\/uploads\/2023\/11\/fe242b9f-dd81-4c7a-aa42-0e3a49a8c4fc.jpeg\" \/>\n\t<meta property=\"og:image:width\" content=\"1200\" \/>\n\t<meta property=\"og:image:height\" content=\"675\" \/>\n\t<meta property=\"og:image:type\" content=\"image\/jpeg\" \/>\n<meta name=\"author\" content=\"admin\" \/>\n<meta name=\"twitter:card\" content=\"summary_large_image\" \/>\n<meta name=\"twitter:creator\" content=\"@yenidenehlen\" \/>\n<meta name=\"twitter:site\" content=\"@yenidenehlen\" \/>\n<meta name=\"twitter:label1\" content=\"Yazan:\" \/>\n\t<meta name=\"twitter:data1\" content=\"admin\" \/>\n\t<meta name=\"twitter:label2\" content=\"Tahmini okuma s\u00fcresi\" \/>\n\t<meta name=\"twitter:data2\" content=\"6 dakika\" \/>\n<script type=\"application\/ld+json\" class=\"yoast-schema-graph\">{\"@context\":\"https:\/\/schema.org\",\"@graph\":[{\"@type\":\"Article\",\"@id\":\"https:\/\/ehlendergisi.com\/index.php\/2023\/11\/17\/alevilikte-riza-sehri\/#article\",\"isPartOf\":{\"@id\":\"https:\/\/ehlendergisi.com\/index.php\/2023\/11\/17\/alevilikte-riza-sehri\/\"},\"author\":{\"name\":\"admin\",\"@id\":\"https:\/\/ehlendergisi.com\/#\/schema\/person\/de94365e0837ae704e10d1723547402a\"},\"headline\":\"Alevilikte\u00a0R\u0131za\u00a0\u015eehri\",\"datePublished\":\"2023-11-17T10:40:56+00:00\",\"dateModified\":\"2023-11-17T10:41:35+00:00\",\"mainEntityOfPage\":{\"@id\":\"https:\/\/ehlendergisi.com\/index.php\/2023\/11\/17\/alevilikte-riza-sehri\/\"},\"wordCount\":1299,\"publisher\":{\"@id\":\"https:\/\/ehlendergisi.com\/#organization\"},\"image\":{\"@id\":\"https:\/\/ehlendergisi.com\/index.php\/2023\/11\/17\/alevilikte-riza-sehri\/#primaryimage\"},\"thumbnailUrl\":\"https:\/\/ehlendergisi.com\/wp-content\/uploads\/2023\/11\/fe242b9f-dd81-4c7a-aa42-0e3a49a8c4fc.jpeg\",\"articleSection\":[\"K\u00fclt\u00fcr\"],\"inLanguage\":\"tr\"},{\"@type\":\"WebPage\",\"@id\":\"https:\/\/ehlendergisi.com\/index.php\/2023\/11\/17\/alevilikte-riza-sehri\/\",\"url\":\"https:\/\/ehlendergisi.com\/index.php\/2023\/11\/17\/alevilikte-riza-sehri\/\",\"name\":\"Alevilikte\u00a0R\u0131za\u00a0\u015eehri - ehlen\",\"isPartOf\":{\"@id\":\"https:\/\/ehlendergisi.com\/#website\"},\"primaryImageOfPage\":{\"@id\":\"https:\/\/ehlendergisi.com\/index.php\/2023\/11\/17\/alevilikte-riza-sehri\/#primaryimage\"},\"image\":{\"@id\":\"https:\/\/ehlendergisi.com\/index.php\/2023\/11\/17\/alevilikte-riza-sehri\/#primaryimage\"},\"thumbnailUrl\":\"https:\/\/ehlendergisi.com\/wp-content\/uploads\/2023\/11\/fe242b9f-dd81-4c7a-aa42-0e3a49a8c4fc.jpeg\",\"datePublished\":\"2023-11-17T10:40:56+00:00\",\"dateModified\":\"2023-11-17T10:41:35+00:00\",\"description\":\"''R\u0131za\u00a0\u015eehri'' kavram\u0131, 12 imamlardan\u00a0\u0130m\u00e2m\u00a0Cafer-i Sad\u0131k'\u0131n yazd\u0131\u011f\u0131 Buyru\u011funda ge\u00e7er.\",\"breadcrumb\":{\"@id\":\"https:\/\/ehlendergisi.com\/index.php\/2023\/11\/17\/alevilikte-riza-sehri\/#breadcrumb\"},\"inLanguage\":\"tr\",\"potentialAction\":[{\"@type\":\"ReadAction\",\"target\":[\"https:\/\/ehlendergisi.com\/index.php\/2023\/11\/17\/alevilikte-riza-sehri\/\"]}]},{\"@type\":\"ImageObject\",\"inLanguage\":\"tr\",\"@id\":\"https:\/\/ehlendergisi.com\/index.php\/2023\/11\/17\/alevilikte-riza-sehri\/#primaryimage\",\"url\":\"https:\/\/ehlendergisi.com\/wp-content\/uploads\/2023\/11\/fe242b9f-dd81-4c7a-aa42-0e3a49a8c4fc.jpeg\",\"contentUrl\":\"https:\/\/ehlendergisi.com\/wp-content\/uploads\/2023\/11\/fe242b9f-dd81-4c7a-aa42-0e3a49a8c4fc.jpeg\",\"width\":1200,\"height\":675},{\"@type\":\"BreadcrumbList\",\"@id\":\"https:\/\/ehlendergisi.com\/index.php\/2023\/11\/17\/alevilikte-riza-sehri\/#breadcrumb\",\"itemListElement\":[{\"@type\":\"ListItem\",\"position\":1,\"name\":\"Anasayfa\",\"item\":\"https:\/\/ehlendergisi.com\/\"},{\"@type\":\"ListItem\",\"position\":2,\"name\":\"Alevilikte\u00a0R\u0131za\u00a0\u015eehri\"}]},{\"@type\":\"WebSite\",\"@id\":\"https:\/\/ehlendergisi.com\/#website\",\"url\":\"https:\/\/ehlendergisi.com\/\",\"name\":\"ehlen\",\"description\":\"k\u00fclt\u00fcr, sanat, siyaset dergisi\",\"publisher\":{\"@id\":\"https:\/\/ehlendergisi.com\/#organization\"},\"potentialAction\":[{\"@type\":\"SearchAction\",\"target\":{\"@type\":\"EntryPoint\",\"urlTemplate\":\"https:\/\/ehlendergisi.com\/?s={search_term_string}\"},\"query-input\":{\"@type\":\"PropertyValueSpecification\",\"valueRequired\":true,\"valueName\":\"search_term_string\"}}],\"inLanguage\":\"tr\"},{\"@type\":\"Organization\",\"@id\":\"https:\/\/ehlendergisi.com\/#organization\",\"name\":\"ehlen\",\"url\":\"https:\/\/ehlendergisi.com\/\",\"logo\":{\"@type\":\"ImageObject\",\"inLanguage\":\"tr\",\"@id\":\"https:\/\/ehlendergisi.com\/#\/schema\/logo\/image\/\",\"url\":\"https:\/\/ehlendergisi.com\/wp-content\/uploads\/2023\/06\/IMG_9500404081E2-1-2.jpeg\",\"contentUrl\":\"https:\/\/ehlendergisi.com\/wp-content\/uploads\/2023\/06\/IMG_9500404081E2-1-2.jpeg\",\"width\":2560,\"height\":1341,\"caption\":\"ehlen\"},\"image\":{\"@id\":\"https:\/\/ehlendergisi.com\/#\/schema\/logo\/image\/\"},\"sameAs\":[\"https:\/\/www.facebook.com\/ehlendergisi\/?locale=tr_TR\",\"https:\/\/x.com\/yenidenehlen\"]},{\"@type\":\"Person\",\"@id\":\"https:\/\/ehlendergisi.com\/#\/schema\/person\/de94365e0837ae704e10d1723547402a\",\"name\":\"admin\",\"image\":{\"@type\":\"ImageObject\",\"inLanguage\":\"tr\",\"@id\":\"https:\/\/ehlendergisi.com\/#\/schema\/person\/image\/\",\"url\":\"https:\/\/secure.gravatar.com\/avatar\/4e3d1b4ba20db56c5c7cda805db9aa90e8ae36f8cd48a7e189f21124a32188a7?s=96&d=mm&r=g\",\"contentUrl\":\"https:\/\/secure.gravatar.com\/avatar\/4e3d1b4ba20db56c5c7cda805db9aa90e8ae36f8cd48a7e189f21124a32188a7?s=96&d=mm&r=g\",\"caption\":\"admin\"},\"sameAs\":[\"http:\/\/ehlendergisi.com\"],\"url\":\"https:\/\/ehlendergisi.com\/index.php\/author\/admin\/\"}]}<\/script>\n<!-- \/ Yoast SEO plugin. -->","yoast_head_json":{"title":"Alevilikte\u00a0R\u0131za\u00a0\u015eehri - ehlen","description":"''R\u0131za\u00a0\u015eehri'' kavram\u0131, 12 imamlardan\u00a0\u0130m\u00e2m\u00a0Cafer-i Sad\u0131k'\u0131n yazd\u0131\u011f\u0131 Buyru\u011funda ge\u00e7er.","robots":{"index":"index","follow":"follow","max-snippet":"max-snippet:-1","max-image-preview":"max-image-preview:large","max-video-preview":"max-video-preview:-1"},"canonical":"https:\/\/ehlendergisi.com\/index.php\/2023\/11\/17\/alevilikte-riza-sehri\/","og_locale":"tr_TR","og_type":"article","og_title":"Alevilikte\u00a0R\u0131za\u00a0\u015eehri - ehlen","og_description":"''R\u0131za\u00a0\u015eehri'' kavram\u0131, 12 imamlardan\u00a0\u0130m\u00e2m\u00a0Cafer-i Sad\u0131k'\u0131n yazd\u0131\u011f\u0131 Buyru\u011funda ge\u00e7er.","og_url":"https:\/\/ehlendergisi.com\/index.php\/2023\/11\/17\/alevilikte-riza-sehri\/","og_site_name":"ehlen","article_publisher":"https:\/\/www.facebook.com\/ehlendergisi\/?locale=tr_TR","article_published_time":"2023-11-17T10:40:56+00:00","article_modified_time":"2023-11-17T10:41:35+00:00","og_image":[{"width":1200,"height":675,"url":"https:\/\/ehlendergisi.com\/wp-content\/uploads\/2023\/11\/fe242b9f-dd81-4c7a-aa42-0e3a49a8c4fc.jpeg","type":"image\/jpeg"}],"author":"admin","twitter_card":"summary_large_image","twitter_creator":"@yenidenehlen","twitter_site":"@yenidenehlen","twitter_misc":{"Yazan:":"admin","Tahmini okuma s\u00fcresi":"6 dakika"},"schema":{"@context":"https:\/\/schema.org","@graph":[{"@type":"Article","@id":"https:\/\/ehlendergisi.com\/index.php\/2023\/11\/17\/alevilikte-riza-sehri\/#article","isPartOf":{"@id":"https:\/\/ehlendergisi.com\/index.php\/2023\/11\/17\/alevilikte-riza-sehri\/"},"author":{"name":"admin","@id":"https:\/\/ehlendergisi.com\/#\/schema\/person\/de94365e0837ae704e10d1723547402a"},"headline":"Alevilikte\u00a0R\u0131za\u00a0\u015eehri","datePublished":"2023-11-17T10:40:56+00:00","dateModified":"2023-11-17T10:41:35+00:00","mainEntityOfPage":{"@id":"https:\/\/ehlendergisi.com\/index.php\/2023\/11\/17\/alevilikte-riza-sehri\/"},"wordCount":1299,"publisher":{"@id":"https:\/\/ehlendergisi.com\/#organization"},"image":{"@id":"https:\/\/ehlendergisi.com\/index.php\/2023\/11\/17\/alevilikte-riza-sehri\/#primaryimage"},"thumbnailUrl":"https:\/\/ehlendergisi.com\/wp-content\/uploads\/2023\/11\/fe242b9f-dd81-4c7a-aa42-0e3a49a8c4fc.jpeg","articleSection":["K\u00fclt\u00fcr"],"inLanguage":"tr"},{"@type":"WebPage","@id":"https:\/\/ehlendergisi.com\/index.php\/2023\/11\/17\/alevilikte-riza-sehri\/","url":"https:\/\/ehlendergisi.com\/index.php\/2023\/11\/17\/alevilikte-riza-sehri\/","name":"Alevilikte\u00a0R\u0131za\u00a0\u015eehri - ehlen","isPartOf":{"@id":"https:\/\/ehlendergisi.com\/#website"},"primaryImageOfPage":{"@id":"https:\/\/ehlendergisi.com\/index.php\/2023\/11\/17\/alevilikte-riza-sehri\/#primaryimage"},"image":{"@id":"https:\/\/ehlendergisi.com\/index.php\/2023\/11\/17\/alevilikte-riza-sehri\/#primaryimage"},"thumbnailUrl":"https:\/\/ehlendergisi.com\/wp-content\/uploads\/2023\/11\/fe242b9f-dd81-4c7a-aa42-0e3a49a8c4fc.jpeg","datePublished":"2023-11-17T10:40:56+00:00","dateModified":"2023-11-17T10:41:35+00:00","description":"''R\u0131za\u00a0\u015eehri'' kavram\u0131, 12 imamlardan\u00a0\u0130m\u00e2m\u00a0Cafer-i Sad\u0131k'\u0131n yazd\u0131\u011f\u0131 Buyru\u011funda ge\u00e7er.","breadcrumb":{"@id":"https:\/\/ehlendergisi.com\/index.php\/2023\/11\/17\/alevilikte-riza-sehri\/#breadcrumb"},"inLanguage":"tr","potentialAction":[{"@type":"ReadAction","target":["https:\/\/ehlendergisi.com\/index.php\/2023\/11\/17\/alevilikte-riza-sehri\/"]}]},{"@type":"ImageObject","inLanguage":"tr","@id":"https:\/\/ehlendergisi.com\/index.php\/2023\/11\/17\/alevilikte-riza-sehri\/#primaryimage","url":"https:\/\/ehlendergisi.com\/wp-content\/uploads\/2023\/11\/fe242b9f-dd81-4c7a-aa42-0e3a49a8c4fc.jpeg","contentUrl":"https:\/\/ehlendergisi.com\/wp-content\/uploads\/2023\/11\/fe242b9f-dd81-4c7a-aa42-0e3a49a8c4fc.jpeg","width":1200,"height":675},{"@type":"BreadcrumbList","@id":"https:\/\/ehlendergisi.com\/index.php\/2023\/11\/17\/alevilikte-riza-sehri\/#breadcrumb","itemListElement":[{"@type":"ListItem","position":1,"name":"Anasayfa","item":"https:\/\/ehlendergisi.com\/"},{"@type":"ListItem","position":2,"name":"Alevilikte\u00a0R\u0131za\u00a0\u015eehri"}]},{"@type":"WebSite","@id":"https:\/\/ehlendergisi.com\/#website","url":"https:\/\/ehlendergisi.com\/","name":"ehlen","description":"k\u00fclt\u00fcr, sanat, siyaset dergisi","publisher":{"@id":"https:\/\/ehlendergisi.com\/#organization"},"potentialAction":[{"@type":"SearchAction","target":{"@type":"EntryPoint","urlTemplate":"https:\/\/ehlendergisi.com\/?s={search_term_string}"},"query-input":{"@type":"PropertyValueSpecification","valueRequired":true,"valueName":"search_term_string"}}],"inLanguage":"tr"},{"@type":"Organization","@id":"https:\/\/ehlendergisi.com\/#organization","name":"ehlen","url":"https:\/\/ehlendergisi.com\/","logo":{"@type":"ImageObject","inLanguage":"tr","@id":"https:\/\/ehlendergisi.com\/#\/schema\/logo\/image\/","url":"https:\/\/ehlendergisi.com\/wp-content\/uploads\/2023\/06\/IMG_9500404081E2-1-2.jpeg","contentUrl":"https:\/\/ehlendergisi.com\/wp-content\/uploads\/2023\/06\/IMG_9500404081E2-1-2.jpeg","width":2560,"height":1341,"caption":"ehlen"},"image":{"@id":"https:\/\/ehlendergisi.com\/#\/schema\/logo\/image\/"},"sameAs":["https:\/\/www.facebook.com\/ehlendergisi\/?locale=tr_TR","https:\/\/x.com\/yenidenehlen"]},{"@type":"Person","@id":"https:\/\/ehlendergisi.com\/#\/schema\/person\/de94365e0837ae704e10d1723547402a","name":"admin","image":{"@type":"ImageObject","inLanguage":"tr","@id":"https:\/\/ehlendergisi.com\/#\/schema\/person\/image\/","url":"https:\/\/secure.gravatar.com\/avatar\/4e3d1b4ba20db56c5c7cda805db9aa90e8ae36f8cd48a7e189f21124a32188a7?s=96&d=mm&r=g","contentUrl":"https:\/\/secure.gravatar.com\/avatar\/4e3d1b4ba20db56c5c7cda805db9aa90e8ae36f8cd48a7e189f21124a32188a7?s=96&d=mm&r=g","caption":"admin"},"sameAs":["http:\/\/ehlendergisi.com"],"url":"https:\/\/ehlendergisi.com\/index.php\/author\/admin\/"}]}},"amp_enabled":true,"_links":{"self":[{"href":"https:\/\/ehlendergisi.com\/index.php\/wp-json\/wp\/v2\/posts\/339","targetHints":{"allow":["GET"]}}],"collection":[{"href":"https:\/\/ehlendergisi.com\/index.php\/wp-json\/wp\/v2\/posts"}],"about":[{"href":"https:\/\/ehlendergisi.com\/index.php\/wp-json\/wp\/v2\/types\/post"}],"author":[{"embeddable":true,"href":"https:\/\/ehlendergisi.com\/index.php\/wp-json\/wp\/v2\/users\/1"}],"replies":[{"embeddable":true,"href":"https:\/\/ehlendergisi.com\/index.php\/wp-json\/wp\/v2\/comments?post=339"}],"version-history":[{"count":3,"href":"https:\/\/ehlendergisi.com\/index.php\/wp-json\/wp\/v2\/posts\/339\/revisions"}],"predecessor-version":[{"id":345,"href":"https:\/\/ehlendergisi.com\/index.php\/wp-json\/wp\/v2\/posts\/339\/revisions\/345"}],"wp:featuredmedia":[{"embeddable":true,"href":"https:\/\/ehlendergisi.com\/index.php\/wp-json\/wp\/v2\/media\/341"}],"wp:attachment":[{"href":"https:\/\/ehlendergisi.com\/index.php\/wp-json\/wp\/v2\/media?parent=339"}],"wp:term":[{"taxonomy":"category","embeddable":true,"href":"https:\/\/ehlendergisi.com\/index.php\/wp-json\/wp\/v2\/categories?post=339"},{"taxonomy":"post_tag","embeddable":true,"href":"https:\/\/ehlendergisi.com\/index.php\/wp-json\/wp\/v2\/tags?post=339"}],"curies":[{"name":"wp","href":"https:\/\/api.w.org\/{rel}","templated":true}]}}