{"id":715,"date":"2024-12-26T08:52:34","date_gmt":"2024-12-26T08:52:34","guid":{"rendered":"https:\/\/ehlendergisi.com\/?p=715"},"modified":"2024-12-26T08:52:45","modified_gmt":"2024-12-26T08:52:45","slug":"avrupa-arap-alevi-federasyonundan-kamuoyuna-duyuru","status":"publish","type":"post","link":"https:\/\/ehlendergisi.com\/index.php\/2024\/12\/26\/avrupa-arap-alevi-federasyonundan-kamuoyuna-duyuru\/","title":{"rendered":"Avrupa Arap Alevi Federasyonu\u2019ndan Kamuoyuna Duyuru"},"content":{"rendered":"\n<p>Suriye\u2019de bug\u00fcn, Hums, Hama, Lazkiye ve Tartus \u015fehirlerinde halk sokaklara inerek, ter\u00f6r \u00f6rg\u00fct\u00fc HT\u015e\u2019nin ger\u00e7ekle\u015ftirdi\u011fi \u00e7irkin eylemleri protesto etmi\u015ftir.&nbsp;Bu protestolar, ne yaz\u0131k ki bar\u0131\u015f\u00e7\u0131 niyetine ra\u011fmen \u015fiddetle bast\u0131r\u0131lm\u0131\u015f ve halk\u0131n \u00fczerine ate\u015f a\u00e7\u0131lm\u0131\u015f, \u00e7ok say\u0131da \u00f6l\u00fc ve yaral\u0131 meydana gelmi\u015ftir.<\/p>\n\n\n\n<p>HT\u015e\u2019ye ba\u011fl\u0131 unsurlar taraf\u0131ndan Seyyid H\u00fcseyn bin Hamdan el-Khasibi\u2019nin makam\u0131na yap\u0131lan hain sald\u0131r\u0131, bizim i\u00e7in derin bir \u015fok ve b\u00fcy\u00fck bir \u00fcz\u00fcnt\u00fc kayna\u011f\u0131d\u0131r. El-Khasibi, sadece Alevi toplumu i\u00e7in de\u011fil, b\u00fct\u00fcn insanl\u0131k i\u00e7in bar\u0131\u015f\u0131n ve kutsiyetin sembol\u00fc olan b\u00fcy\u00fck bir alimdir. Tarih boyunca farkl\u0131 topluluk ve mezhepler aras\u0131nda bar\u0131\u015f\u0131 sa\u011flayarak \u00f6rnek bir liderlik yapm\u0131\u015ft\u0131r. Makam\u0131n ate\u015fe verilmesi, ve makam i\u00e7inde g\u00f6rev yapan 5 ki\u015finin katledilip cesetlerine sayg\u0131s\u0131zl\u0131k edilmesi, sadece Alevi toplulu\u011funu de\u011fil, t\u00fcm insanl\u0131\u011f\u0131 hedef alan bir su\u00e7tur. Bu eylemler, inanc\u0131m\u0131z\u0131n kutsallar\u0131na yap\u0131lan a\u00e7\u0131k bir sald\u0131r\u0131 ve insanl\u0131k de\u011ferlerine hakarettir.<\/p>\n\n\n\n<p>Bu sald\u0131r\u0131lar, HT\u015e ve di\u011fer ter\u00f6r \u00f6rg\u00fctlerinin Alevilere kar\u015f\u0131 besledi\u011fi tarihsel d\u00fc\u015fmanl\u0131k ve nefretin en a\u00e7\u0131k g\u00f6stergesidir. Selefi cihat\u00e7\u0131 gruplar, Alevili\u011fi hedef almakta ve toplumun kutsallar\u0131na sayg\u0131s\u0131zl\u0131k yaparak halk\u0131 tahrik etmektedir. Bu durum, sadece bir toplulu\u011fun de\u011fil, b\u00fct\u00fcn bir toplumun dini ve manevi de\u011ferlerine yap\u0131lan kabul edilemez bir hakarettir.<\/p>\n\n\n\n<p>El-Khasibi, kendi d\u00f6neminde farkl\u0131 f\u0131rka ve topluluklar\u0131 bir araya getirerek bar\u0131\u015f i\u00e7erisinde ya\u015famalar\u0131n\u0131 sa\u011flayan \u00f6nemli bir alimdir. Onun miras\u0131, bar\u0131\u015f, sevgi ve bir arada ya\u015fama anlay\u0131\u015f\u0131n\u0131n \u00f6rneklerindendir.<\/p>\n\n\n\n<p>Bug\u00fcn, sadece el-Khasibi\u2019nin makam\u0131 de\u011fil, Alevi toplumunun di\u011fer kutsal mekanlar\u0131 da, \u00f6zellikle tarihi tekkeler, t\u00fcrbeler ve inanc\u0131m\u0131z\u0131n sembol\u00fc olan ziyaret yerleri ya\u011fmalanarak yerle bir edilmi\u015f, inanc\u0131m\u0131za hakaretler edilmi\u015ftir. Bu kabul edilemez durumu \u015fiddetle k\u0131n\u0131yoruz.<\/p>\n\n\n\n<p><strong>Avrupa Arap Alevi Federasyonu olarak:<\/strong><\/p>\n\n\n\n<p>Suriye halk\u0131n\u0131n yan\u0131nda oldu\u011fumuzu ve bu vah\u015fet kar\u015f\u0131s\u0131nda dayan\u0131\u015fma i\u00e7erisinde bulundu\u011fumuzu vurguluyoruz. Seyyid H\u00fcseyn bin Hamdan el-Khasibi\u2019nin makam\u0131na ve di\u011fer kutsal mekanlara yap\u0131lan sald\u0131r\u0131lar\u0131n, bir toplulu\u011fun kimli\u011fine ve kutsal de\u011ferlerine yap\u0131lan kabul edilemez bir hakaret oldu\u011funu ilan ediyoruz. T\u00fcm uluslararas\u0131 ve b\u00f6lgesel kurumlar\u0131, kutsal mekanlar\u0131n korunmas\u0131, sivillerin g\u00fcvenli\u011finin sa\u011flanmas\u0131 ve bu insanl\u0131k su\u00e7lar\u0131n\u0131n sorumlular\u0131n\u0131n adalet \u00f6n\u00fcne \u00e7\u0131kar\u0131lmas\u0131 i\u00e7in harekete ge\u00e7meye \u00e7a\u011f\u0131r\u0131yoruz. Ya\u015fanan bu insanl\u0131k su\u00e7lar\u0131n\u0131n, uluslararas\u0131 hukuk \u00e7er\u00e7evesinde derhal soru\u015fturulmas\u0131n\u0131 talep ediyoruz. Ayr\u0131ca, kutsal makamlar\u0131n korunmas\u0131, sivil insanlar\u0131n korunmas\u0131 ve b\u00f6lgedeki g\u00fcvenli\u011fin y\u00fckseltilmesi i\u00e7in acil \u00f6nlemler al\u0131nmas\u0131 gerekti\u011fini vurguluyoruz. Bug\u00fcn Suriye\u2019de ya\u015fananlar, sadece bir toplulu\u011fun de\u011fil, insanl\u0131\u011f\u0131n ortak vicdan\u0131n\u0131n da imtihan\u0131d\u0131r. Suriye\u2019de bulunan t\u00fcm Alevi karde\u015flerimize, bu zor g\u00fcnlerde sab\u0131r ve metanet diliyoruz. Biliyoruz ki, bu vah\u015fet ve zul\u00fcm kar\u015f\u0131s\u0131nda dayan\u0131\u015fma ve birliktelik, bu karanl\u0131\u011f\u0131 a\u015fman\u0131n en b\u00fcy\u00fck anahtar\u0131d\u0131r. Zulm\u00fcn yerini adalete, karanl\u0131\u011f\u0131n yerini ise bar\u0131\u015fa b\u0131rakaca\u011f\u0131 g\u00fcnler yak\u0131nd\u0131r. Sessiz kalmak, bu vah\u015feti onaylamak anlam\u0131na gelir. Bizler, bar\u0131\u015f\u0131 ve adaleti savunan t\u00fcm insanl\u0131\u011f\u0131 bu karanl\u0131k g\u00fcnlere kar\u015f\u0131 birlik olmaya davet ediyoruz.<\/p>\n\n\n\n<p>&nbsp;Avrupa Arap Alevileri Federasyonu<\/p>\n\n\n\n<figure class=\"wp-block-image size-full\"><img decoding=\"async\" width=\"508\" height=\"198\" data-src=\"https:\/\/ehlendergisi.com\/wp-content\/uploads\/2024\/12\/Resim1.png\" alt=\"\" class=\"wp-image-716 lazyload\" data-srcset=\"https:\/\/ehlendergisi.com\/wp-content\/uploads\/2024\/12\/Resim1.png 508w, https:\/\/ehlendergisi.com\/wp-content\/uploads\/2024\/12\/Resim1-300x117.png 300w, https:\/\/ehlendergisi.com\/wp-content\/uploads\/2024\/12\/Resim1-150x58.png 150w\" data-sizes=\"(max-width: 508px) 100vw, 508px\" src=\"data:image\/svg+xml;base64,PHN2ZyB3aWR0aD0iMSIgaGVpZ2h0PSIxIiB4bWxucz0iaHR0cDovL3d3dy53My5vcmcvMjAwMC9zdmciPjwvc3ZnPg==\" style=\"--smush-placeholder-width: 508px; --smush-placeholder-aspect-ratio: 508\/198;\" \/><\/figure>\n","protected":false},"excerpt":{"rendered":"<p>Suriye\u2019de bug\u00fcn, Hums, Hama, Lazkiye ve Tartus \u015fehirlerinde halk sokaklara inerek, ter\u00f6r \u00f6rg\u00fct\u00fc HT\u015e\u2019nin ger\u00e7ekle\u015ftirdi\u011fi \u00e7irkin eylemleri protesto etmi\u015ftir.&nbsp;Bu protestolar, ne yaz\u0131k ki bar\u0131\u015f\u00e7\u0131 niyetine ra\u011fmen \u015fiddetle bast\u0131r\u0131lm\u0131\u015f ve halk\u0131n \u00fczerine ate\u015f a\u00e7\u0131lm\u0131\u015f, \u00e7ok say\u0131da \u00f6l\u00fc ve yaral\u0131 meydana gelmi\u015ftir. HT\u015e\u2019ye ba\u011fl\u0131 unsurlar taraf\u0131ndan Seyyid H\u00fcseyn bin Hamdan el-Khasibi\u2019nin makam\u0131na yap\u0131lan hain sald\u0131r\u0131, bizim i\u00e7in [&hellip;]<\/p>\n","protected":false},"author":1,"featured_media":719,"comment_status":"closed","ping_status":"open","sticky":false,"template":"","format":"standard","meta":{"tdm_status":"","tdm_grid_status":"","footnotes":""},"categories":[8],"tags":[],"class_list":{"0":"post-715","1":"post","2":"type-post","3":"status-publish","4":"format-standard","5":"has-post-thumbnail","7":"category-guncel"},"yoast_head":"<!-- This site is optimized with the Yoast SEO plugin v26.6 - https:\/\/yoast.com\/wordpress\/plugins\/seo\/ -->\n<title>Avrupa Arap Alevi Federasyonu\u2019ndan Kamuoyuna Duyuru - ehlen<\/title>\n<meta name=\"description\" content=\"Suriye halk\u0131n\u0131n yan\u0131nda oldu\u011fumuzu ve bu vah\u015fet kar\u015f\u0131s\u0131nda dayan\u0131\u015fma i\u00e7erisinde bulundu\u011fumuzu vurguluyoruz.\" \/>\n<meta name=\"robots\" content=\"index, follow, max-snippet:-1, max-image-preview:large, max-video-preview:-1\" \/>\n<link rel=\"canonical\" href=\"https:\/\/ehlendergisi.com\/index.php\/2024\/12\/26\/avrupa-arap-alevi-federasyonundan-kamuoyuna-duyuru\/\" \/>\n<meta property=\"og:locale\" content=\"tr_TR\" \/>\n<meta property=\"og:type\" content=\"article\" \/>\n<meta property=\"og:title\" content=\"Avrupa Arap Alevi Federasyonu\u2019ndan Kamuoyuna Duyuru - ehlen\" \/>\n<meta property=\"og:description\" content=\"Suriye halk\u0131n\u0131n yan\u0131nda oldu\u011fumuzu ve bu vah\u015fet kar\u015f\u0131s\u0131nda dayan\u0131\u015fma i\u00e7erisinde bulundu\u011fumuzu vurguluyoruz.\" \/>\n<meta property=\"og:url\" content=\"https:\/\/ehlendergisi.com\/index.php\/2024\/12\/26\/avrupa-arap-alevi-federasyonundan-kamuoyuna-duyuru\/\" \/>\n<meta property=\"og:site_name\" content=\"ehlen\" \/>\n<meta property=\"article:publisher\" content=\"https:\/\/www.facebook.com\/ehlendergisi\/?locale=tr_TR\" \/>\n<meta property=\"article:published_time\" content=\"2024-12-26T08:52:34+00:00\" \/>\n<meta property=\"article:modified_time\" content=\"2024-12-26T08:52:45+00:00\" \/>\n<meta property=\"og:image\" content=\"https:\/\/ehlendergisi.com\/wp-content\/uploads\/2024\/12\/WhatsApp-Image-2024-12-26-at-11.50.43.jpeg\" \/>\n\t<meta property=\"og:image:width\" content=\"2048\" \/>\n\t<meta property=\"og:image:height\" content=\"2048\" \/>\n\t<meta property=\"og:image:type\" content=\"image\/jpeg\" \/>\n<meta name=\"author\" content=\"admin\" \/>\n<meta name=\"twitter:card\" content=\"summary_large_image\" \/>\n<meta name=\"twitter:creator\" content=\"@yenidenehlen\" \/>\n<meta name=\"twitter:site\" content=\"@yenidenehlen\" \/>\n<meta name=\"twitter:label1\" content=\"Yazan:\" \/>\n\t<meta name=\"twitter:data1\" content=\"admin\" \/>\n\t<meta name=\"twitter:label2\" content=\"Tahmini okuma s\u00fcresi\" \/>\n\t<meta name=\"twitter:data2\" content=\"3 dakika\" \/>\n<script type=\"application\/ld+json\" class=\"yoast-schema-graph\">{\"@context\":\"https:\/\/schema.org\",\"@graph\":[{\"@type\":\"Article\",\"@id\":\"https:\/\/ehlendergisi.com\/index.php\/2024\/12\/26\/avrupa-arap-alevi-federasyonundan-kamuoyuna-duyuru\/#article\",\"isPartOf\":{\"@id\":\"https:\/\/ehlendergisi.com\/index.php\/2024\/12\/26\/avrupa-arap-alevi-federasyonundan-kamuoyuna-duyuru\/\"},\"author\":{\"name\":\"admin\",\"@id\":\"http:\/\/ehlendergisi.com\/#\/schema\/person\/de94365e0837ae704e10d1723547402a\"},\"headline\":\"Avrupa Arap Alevi Federasyonu\u2019ndan Kamuoyuna Duyuru\",\"datePublished\":\"2024-12-26T08:52:34+00:00\",\"dateModified\":\"2024-12-26T08:52:45+00:00\",\"mainEntityOfPage\":{\"@id\":\"https:\/\/ehlendergisi.com\/index.php\/2024\/12\/26\/avrupa-arap-alevi-federasyonundan-kamuoyuna-duyuru\/\"},\"wordCount\":624,\"publisher\":{\"@id\":\"http:\/\/ehlendergisi.com\/#organization\"},\"image\":{\"@id\":\"https:\/\/ehlendergisi.com\/index.php\/2024\/12\/26\/avrupa-arap-alevi-federasyonundan-kamuoyuna-duyuru\/#primaryimage\"},\"thumbnailUrl\":\"https:\/\/ehlendergisi.com\/wp-content\/uploads\/2024\/12\/WhatsApp-Image-2024-12-26-at-11.50.43.jpeg\",\"articleSection\":[\"G\u00fcncel\"],\"inLanguage\":\"tr\"},{\"@type\":\"WebPage\",\"@id\":\"https:\/\/ehlendergisi.com\/index.php\/2024\/12\/26\/avrupa-arap-alevi-federasyonundan-kamuoyuna-duyuru\/\",\"url\":\"https:\/\/ehlendergisi.com\/index.php\/2024\/12\/26\/avrupa-arap-alevi-federasyonundan-kamuoyuna-duyuru\/\",\"name\":\"Avrupa Arap Alevi Federasyonu\u2019ndan Kamuoyuna Duyuru - ehlen\",\"isPartOf\":{\"@id\":\"http:\/\/ehlendergisi.com\/#website\"},\"primaryImageOfPage\":{\"@id\":\"https:\/\/ehlendergisi.com\/index.php\/2024\/12\/26\/avrupa-arap-alevi-federasyonundan-kamuoyuna-duyuru\/#primaryimage\"},\"image\":{\"@id\":\"https:\/\/ehlendergisi.com\/index.php\/2024\/12\/26\/avrupa-arap-alevi-federasyonundan-kamuoyuna-duyuru\/#primaryimage\"},\"thumbnailUrl\":\"https:\/\/ehlendergisi.com\/wp-content\/uploads\/2024\/12\/WhatsApp-Image-2024-12-26-at-11.50.43.jpeg\",\"datePublished\":\"2024-12-26T08:52:34+00:00\",\"dateModified\":\"2024-12-26T08:52:45+00:00\",\"description\":\"Suriye halk\u0131n\u0131n yan\u0131nda oldu\u011fumuzu ve bu vah\u015fet kar\u015f\u0131s\u0131nda dayan\u0131\u015fma i\u00e7erisinde bulundu\u011fumuzu vurguluyoruz.\",\"breadcrumb\":{\"@id\":\"https:\/\/ehlendergisi.com\/index.php\/2024\/12\/26\/avrupa-arap-alevi-federasyonundan-kamuoyuna-duyuru\/#breadcrumb\"},\"inLanguage\":\"tr\",\"potentialAction\":[{\"@type\":\"ReadAction\",\"target\":[\"https:\/\/ehlendergisi.com\/index.php\/2024\/12\/26\/avrupa-arap-alevi-federasyonundan-kamuoyuna-duyuru\/\"]}]},{\"@type\":\"ImageObject\",\"inLanguage\":\"tr\",\"@id\":\"https:\/\/ehlendergisi.com\/index.php\/2024\/12\/26\/avrupa-arap-alevi-federasyonundan-kamuoyuna-duyuru\/#primaryimage\",\"url\":\"https:\/\/ehlendergisi.com\/wp-content\/uploads\/2024\/12\/WhatsApp-Image-2024-12-26-at-11.50.43.jpeg\",\"contentUrl\":\"https:\/\/ehlendergisi.com\/wp-content\/uploads\/2024\/12\/WhatsApp-Image-2024-12-26-at-11.50.43.jpeg\",\"width\":2048,\"height\":2048},{\"@type\":\"BreadcrumbList\",\"@id\":\"https:\/\/ehlendergisi.com\/index.php\/2024\/12\/26\/avrupa-arap-alevi-federasyonundan-kamuoyuna-duyuru\/#breadcrumb\",\"itemListElement\":[{\"@type\":\"ListItem\",\"position\":1,\"name\":\"Anasayfa\",\"item\":\"http:\/\/ehlendergisi.com\/\"},{\"@type\":\"ListItem\",\"position\":2,\"name\":\"Avrupa Arap Alevi Federasyonu\u2019ndan Kamuoyuna Duyuru\"}]},{\"@type\":\"WebSite\",\"@id\":\"http:\/\/ehlendergisi.com\/#website\",\"url\":\"http:\/\/ehlendergisi.com\/\",\"name\":\"ehlen\",\"description\":\"k\u00fclt\u00fcr, sanat, siyaset dergisi\",\"publisher\":{\"@id\":\"http:\/\/ehlendergisi.com\/#organization\"},\"potentialAction\":[{\"@type\":\"SearchAction\",\"target\":{\"@type\":\"EntryPoint\",\"urlTemplate\":\"http:\/\/ehlendergisi.com\/?s={search_term_string}\"},\"query-input\":{\"@type\":\"PropertyValueSpecification\",\"valueRequired\":true,\"valueName\":\"search_term_string\"}}],\"inLanguage\":\"tr\"},{\"@type\":\"Organization\",\"@id\":\"http:\/\/ehlendergisi.com\/#organization\",\"name\":\"ehlen\",\"url\":\"http:\/\/ehlendergisi.com\/\",\"logo\":{\"@type\":\"ImageObject\",\"inLanguage\":\"tr\",\"@id\":\"http:\/\/ehlendergisi.com\/#\/schema\/logo\/image\/\",\"url\":\"https:\/\/ehlendergisi.com\/wp-content\/uploads\/2023\/06\/IMG_9500404081E2-1-2.jpeg\",\"contentUrl\":\"https:\/\/ehlendergisi.com\/wp-content\/uploads\/2023\/06\/IMG_9500404081E2-1-2.jpeg\",\"width\":2560,\"height\":1341,\"caption\":\"ehlen\"},\"image\":{\"@id\":\"http:\/\/ehlendergisi.com\/#\/schema\/logo\/image\/\"},\"sameAs\":[\"https:\/\/www.facebook.com\/ehlendergisi\/?locale=tr_TR\",\"https:\/\/x.com\/yenidenehlen\"]},{\"@type\":\"Person\",\"@id\":\"http:\/\/ehlendergisi.com\/#\/schema\/person\/de94365e0837ae704e10d1723547402a\",\"name\":\"admin\",\"image\":{\"@type\":\"ImageObject\",\"inLanguage\":\"tr\",\"@id\":\"http:\/\/ehlendergisi.com\/#\/schema\/person\/image\/\",\"url\":\"https:\/\/secure.gravatar.com\/avatar\/4e3d1b4ba20db56c5c7cda805db9aa90e8ae36f8cd48a7e189f21124a32188a7?s=96&d=mm&r=g\",\"contentUrl\":\"https:\/\/secure.gravatar.com\/avatar\/4e3d1b4ba20db56c5c7cda805db9aa90e8ae36f8cd48a7e189f21124a32188a7?s=96&d=mm&r=g\",\"caption\":\"admin\"},\"sameAs\":[\"http:\/\/ehlendergisi.com\"],\"url\":\"https:\/\/ehlendergisi.com\/index.php\/author\/admin\/\"}]}<\/script>\n<!-- \/ Yoast SEO plugin. -->","yoast_head_json":{"title":"Avrupa Arap Alevi Federasyonu\u2019ndan Kamuoyuna Duyuru - ehlen","description":"Suriye halk\u0131n\u0131n yan\u0131nda oldu\u011fumuzu ve bu vah\u015fet kar\u015f\u0131s\u0131nda dayan\u0131\u015fma i\u00e7erisinde bulundu\u011fumuzu vurguluyoruz.","robots":{"index":"index","follow":"follow","max-snippet":"max-snippet:-1","max-image-preview":"max-image-preview:large","max-video-preview":"max-video-preview:-1"},"canonical":"https:\/\/ehlendergisi.com\/index.php\/2024\/12\/26\/avrupa-arap-alevi-federasyonundan-kamuoyuna-duyuru\/","og_locale":"tr_TR","og_type":"article","og_title":"Avrupa Arap Alevi Federasyonu\u2019ndan Kamuoyuna Duyuru - ehlen","og_description":"Suriye halk\u0131n\u0131n yan\u0131nda oldu\u011fumuzu ve bu vah\u015fet kar\u015f\u0131s\u0131nda dayan\u0131\u015fma i\u00e7erisinde bulundu\u011fumuzu vurguluyoruz.","og_url":"https:\/\/ehlendergisi.com\/index.php\/2024\/12\/26\/avrupa-arap-alevi-federasyonundan-kamuoyuna-duyuru\/","og_site_name":"ehlen","article_publisher":"https:\/\/www.facebook.com\/ehlendergisi\/?locale=tr_TR","article_published_time":"2024-12-26T08:52:34+00:00","article_modified_time":"2024-12-26T08:52:45+00:00","og_image":[{"width":2048,"height":2048,"url":"https:\/\/ehlendergisi.com\/wp-content\/uploads\/2024\/12\/WhatsApp-Image-2024-12-26-at-11.50.43.jpeg","type":"image\/jpeg"}],"author":"admin","twitter_card":"summary_large_image","twitter_creator":"@yenidenehlen","twitter_site":"@yenidenehlen","twitter_misc":{"Yazan:":"admin","Tahmini okuma s\u00fcresi":"3 dakika"},"schema":{"@context":"https:\/\/schema.org","@graph":[{"@type":"Article","@id":"https:\/\/ehlendergisi.com\/index.php\/2024\/12\/26\/avrupa-arap-alevi-federasyonundan-kamuoyuna-duyuru\/#article","isPartOf":{"@id":"https:\/\/ehlendergisi.com\/index.php\/2024\/12\/26\/avrupa-arap-alevi-federasyonundan-kamuoyuna-duyuru\/"},"author":{"name":"admin","@id":"http:\/\/ehlendergisi.com\/#\/schema\/person\/de94365e0837ae704e10d1723547402a"},"headline":"Avrupa Arap Alevi Federasyonu\u2019ndan Kamuoyuna Duyuru","datePublished":"2024-12-26T08:52:34+00:00","dateModified":"2024-12-26T08:52:45+00:00","mainEntityOfPage":{"@id":"https:\/\/ehlendergisi.com\/index.php\/2024\/12\/26\/avrupa-arap-alevi-federasyonundan-kamuoyuna-duyuru\/"},"wordCount":624,"publisher":{"@id":"http:\/\/ehlendergisi.com\/#organization"},"image":{"@id":"https:\/\/ehlendergisi.com\/index.php\/2024\/12\/26\/avrupa-arap-alevi-federasyonundan-kamuoyuna-duyuru\/#primaryimage"},"thumbnailUrl":"https:\/\/ehlendergisi.com\/wp-content\/uploads\/2024\/12\/WhatsApp-Image-2024-12-26-at-11.50.43.jpeg","articleSection":["G\u00fcncel"],"inLanguage":"tr"},{"@type":"WebPage","@id":"https:\/\/ehlendergisi.com\/index.php\/2024\/12\/26\/avrupa-arap-alevi-federasyonundan-kamuoyuna-duyuru\/","url":"https:\/\/ehlendergisi.com\/index.php\/2024\/12\/26\/avrupa-arap-alevi-federasyonundan-kamuoyuna-duyuru\/","name":"Avrupa Arap Alevi Federasyonu\u2019ndan Kamuoyuna Duyuru - ehlen","isPartOf":{"@id":"http:\/\/ehlendergisi.com\/#website"},"primaryImageOfPage":{"@id":"https:\/\/ehlendergisi.com\/index.php\/2024\/12\/26\/avrupa-arap-alevi-federasyonundan-kamuoyuna-duyuru\/#primaryimage"},"image":{"@id":"https:\/\/ehlendergisi.com\/index.php\/2024\/12\/26\/avrupa-arap-alevi-federasyonundan-kamuoyuna-duyuru\/#primaryimage"},"thumbnailUrl":"https:\/\/ehlendergisi.com\/wp-content\/uploads\/2024\/12\/WhatsApp-Image-2024-12-26-at-11.50.43.jpeg","datePublished":"2024-12-26T08:52:34+00:00","dateModified":"2024-12-26T08:52:45+00:00","description":"Suriye halk\u0131n\u0131n yan\u0131nda oldu\u011fumuzu ve bu vah\u015fet kar\u015f\u0131s\u0131nda dayan\u0131\u015fma i\u00e7erisinde bulundu\u011fumuzu vurguluyoruz.","breadcrumb":{"@id":"https:\/\/ehlendergisi.com\/index.php\/2024\/12\/26\/avrupa-arap-alevi-federasyonundan-kamuoyuna-duyuru\/#breadcrumb"},"inLanguage":"tr","potentialAction":[{"@type":"ReadAction","target":["https:\/\/ehlendergisi.com\/index.php\/2024\/12\/26\/avrupa-arap-alevi-federasyonundan-kamuoyuna-duyuru\/"]}]},{"@type":"ImageObject","inLanguage":"tr","@id":"https:\/\/ehlendergisi.com\/index.php\/2024\/12\/26\/avrupa-arap-alevi-federasyonundan-kamuoyuna-duyuru\/#primaryimage","url":"https:\/\/ehlendergisi.com\/wp-content\/uploads\/2024\/12\/WhatsApp-Image-2024-12-26-at-11.50.43.jpeg","contentUrl":"https:\/\/ehlendergisi.com\/wp-content\/uploads\/2024\/12\/WhatsApp-Image-2024-12-26-at-11.50.43.jpeg","width":2048,"height":2048},{"@type":"BreadcrumbList","@id":"https:\/\/ehlendergisi.com\/index.php\/2024\/12\/26\/avrupa-arap-alevi-federasyonundan-kamuoyuna-duyuru\/#breadcrumb","itemListElement":[{"@type":"ListItem","position":1,"name":"Anasayfa","item":"http:\/\/ehlendergisi.com\/"},{"@type":"ListItem","position":2,"name":"Avrupa Arap Alevi Federasyonu\u2019ndan Kamuoyuna Duyuru"}]},{"@type":"WebSite","@id":"http:\/\/ehlendergisi.com\/#website","url":"http:\/\/ehlendergisi.com\/","name":"ehlen","description":"k\u00fclt\u00fcr, sanat, siyaset dergisi","publisher":{"@id":"http:\/\/ehlendergisi.com\/#organization"},"potentialAction":[{"@type":"SearchAction","target":{"@type":"EntryPoint","urlTemplate":"http:\/\/ehlendergisi.com\/?s={search_term_string}"},"query-input":{"@type":"PropertyValueSpecification","valueRequired":true,"valueName":"search_term_string"}}],"inLanguage":"tr"},{"@type":"Organization","@id":"http:\/\/ehlendergisi.com\/#organization","name":"ehlen","url":"http:\/\/ehlendergisi.com\/","logo":{"@type":"ImageObject","inLanguage":"tr","@id":"http:\/\/ehlendergisi.com\/#\/schema\/logo\/image\/","url":"https:\/\/ehlendergisi.com\/wp-content\/uploads\/2023\/06\/IMG_9500404081E2-1-2.jpeg","contentUrl":"https:\/\/ehlendergisi.com\/wp-content\/uploads\/2023\/06\/IMG_9500404081E2-1-2.jpeg","width":2560,"height":1341,"caption":"ehlen"},"image":{"@id":"http:\/\/ehlendergisi.com\/#\/schema\/logo\/image\/"},"sameAs":["https:\/\/www.facebook.com\/ehlendergisi\/?locale=tr_TR","https:\/\/x.com\/yenidenehlen"]},{"@type":"Person","@id":"http:\/\/ehlendergisi.com\/#\/schema\/person\/de94365e0837ae704e10d1723547402a","name":"admin","image":{"@type":"ImageObject","inLanguage":"tr","@id":"http:\/\/ehlendergisi.com\/#\/schema\/person\/image\/","url":"https:\/\/secure.gravatar.com\/avatar\/4e3d1b4ba20db56c5c7cda805db9aa90e8ae36f8cd48a7e189f21124a32188a7?s=96&d=mm&r=g","contentUrl":"https:\/\/secure.gravatar.com\/avatar\/4e3d1b4ba20db56c5c7cda805db9aa90e8ae36f8cd48a7e189f21124a32188a7?s=96&d=mm&r=g","caption":"admin"},"sameAs":["http:\/\/ehlendergisi.com"],"url":"https:\/\/ehlendergisi.com\/index.php\/author\/admin\/"}]}},"amp_enabled":true,"_links":{"self":[{"href":"https:\/\/ehlendergisi.com\/index.php\/wp-json\/wp\/v2\/posts\/715","targetHints":{"allow":["GET"]}}],"collection":[{"href":"https:\/\/ehlendergisi.com\/index.php\/wp-json\/wp\/v2\/posts"}],"about":[{"href":"https:\/\/ehlendergisi.com\/index.php\/wp-json\/wp\/v2\/types\/post"}],"author":[{"embeddable":true,"href":"https:\/\/ehlendergisi.com\/index.php\/wp-json\/wp\/v2\/users\/1"}],"replies":[{"embeddable":true,"href":"https:\/\/ehlendergisi.com\/index.php\/wp-json\/wp\/v2\/comments?post=715"}],"version-history":[{"count":1,"href":"https:\/\/ehlendergisi.com\/index.php\/wp-json\/wp\/v2\/posts\/715\/revisions"}],"predecessor-version":[{"id":718,"href":"https:\/\/ehlendergisi.com\/index.php\/wp-json\/wp\/v2\/posts\/715\/revisions\/718"}],"wp:featuredmedia":[{"embeddable":true,"href":"https:\/\/ehlendergisi.com\/index.php\/wp-json\/wp\/v2\/media\/719"}],"wp:attachment":[{"href":"https:\/\/ehlendergisi.com\/index.php\/wp-json\/wp\/v2\/media?parent=715"}],"wp:term":[{"taxonomy":"category","embeddable":true,"href":"https:\/\/ehlendergisi.com\/index.php\/wp-json\/wp\/v2\/categories?post=715"},{"taxonomy":"post_tag","embeddable":true,"href":"https:\/\/ehlendergisi.com\/index.php\/wp-json\/wp\/v2\/tags?post=715"}],"curies":[{"name":"wp","href":"https:\/\/api.w.org\/{rel}","templated":true}]}}