{"id":74,"date":"2023-06-04T13:28:01","date_gmt":"2023-06-04T13:28:01","guid":{"rendered":"https:\/\/ehlendergisi.com\/?p=74"},"modified":"2023-06-04T13:28:02","modified_gmt":"2023-06-04T13:28:02","slug":"6-subat-deprem-felaketi-antakya-ve-suriyenin-ahvali","status":"publish","type":"post","link":"https:\/\/ehlendergisi.com\/index.php\/2023\/06\/04\/6-subat-deprem-felaketi-antakya-ve-suriyenin-ahvali\/","title":{"rendered":"6 \u015eubat Deprem Felaketi: Antakya ve Suriye\u2019nin Ahvali"},"content":{"rendered":"\n<p>Hasan Sivri<\/p>\n\n\n\n<p>Mara\u015f merkezli olmas\u0131na ra\u011fmen en \u00e7ok Antakya ve civar\u0131n\u0131n y\u0131k\u0131ma u\u011frad\u0131\u011f\u0131 6 \u015eubat deprem felaketinin \u00fczerinden aylar ge\u00e7ti fakat en az deprem kadar y\u0131k\u0131c\u0131 etkileri olan politikalardan dolay\u0131 ba\u015fta Antakya ve Samanda\u011f olmak \u00fczere halk\u0131n \u00e7o\u011funlu\u011fu \u00e7ok zor \u015fartlar alt\u0131nda ya\u015famaya devam ediyor.<\/p>\n\n\n\n<p>Deprem b\u00f6lgesini ziyaret eden herkes, yetkililerin izledi\u011fi afet y\u00f6netim politikalar\u0131n\u0131n, bir\u00e7ok insan\u0131n enkaz alt\u0131nda ses vere vere hayat\u0131n\u0131 kaybetmelerine neden oldu\u011funa tan\u0131k oldu.<\/p>\n\n\n\n<p>G\u00f6n\u00fcll\u00fc olarak b\u00f6lgeye gidenler, bekletildiklerini ve engellendiklerini vurgulayarak tan\u0131kl\u0131klar\u0131n\u0131 anlatt\u0131. \u00d6yle ki bu tan\u0131kl\u0131klar\u0131n\u0131 anlatanlardan g\u00f6zalt\u0131na al\u0131nanlar oldu.<\/p>\n\n\n\n<p>Deprem ile y\u0131k\u0131lan binalar\u0131n enkaz\u0131 alt\u0131nda kalan canlar\u0131n kurtar\u0131lmas\u0131ndan tutun da arama kurtarma ekiplerinin y\u00f6nlendirilmesi, g\u00f6n\u00fcll\u00fclerin b\u00f6lgeye ula\u015f\u0131m\u0131, evleri y\u0131k\u0131lan veya ya\u015fanamaz durumda olan insanlar\u0131n ihtiya\u00e7lar\u0131n\u0131n kar\u015f\u0131lanmas\u0131, k\u0131sacas\u0131, akla gelebilecek her konuda halk sahipsiz ve peri\u015fan halde b\u0131rak\u0131ld\u0131. B\u00f6lgeyi ziyaret eden gazeteciler, sendikalar ve meslek odalar\u0131 bu konularda ayr\u0131nt\u0131lar\u0131yla raporlar yazd\u0131.<\/p>\n\n\n\n<p>73 ya\u015f\u0131ndaki nineler, yar\u0131m litrelik pet \u015fi\u015feye doldurulmu\u015f s\u0131v\u0131 sabun da\u011f\u0131tan g\u00f6n\u00fcll\u00fclerin elini \u00f6pmeye \u00e7al\u0131\u015facak kadar \u00e7aresiz b\u0131rak\u0131ld\u0131. Sa\u011fl\u0131kl\u0131 bar\u0131nma ko\u015fullar\u0131 sunulmad\u0131\u011f\u0131 i\u00e7in onlarca insan serada kurulan sobalarda \u0131s\u0131nmaya \u00e7al\u0131\u015f\u0131rken zehirlendi.<\/p>\n\n\n\n<p>O s\u0131rada, b\u00fct\u00fcn bunlar\u0131n \u00fczerine hakl\u0131 olarak \u2018devlet yok\u2019 diyerek yetkili kurumlar\u0131 ve ki\u015fileri ele\u015ftirenler, iktidar taraf\u0131ndan hedef al\u0131n\u0131yor ve \u2018not ediyoruz\u2019 diye tehdit ediliyordu.<\/p>\n\n\n\n<p>\u00d6rne\u011fin Antakya, Samanda\u011f ve Defne\u2019de su ihtiyac\u0131, yard\u0131mseverlerin, derneklerin ve baz\u0131 belediyelerin ba\u011f\u0131\u015flar\u0131yla sa\u011flan\u0131rken, televizyon ekranlar\u0131nda deprem b\u00f6lgesinde esamesi okunmayacak olan milyarlarca liral\u0131k ba\u011f\u0131\u015f \u015fovu yap\u0131l\u0131yordu.<\/p>\n\n\n\n<p>Depremin 83. g\u00fcn\u00fc sosyal medyada hala \u2018Hatay\u2019da su yok\u2019 tagleri ile insanlar su ihtiyac\u0131 ile ilgili taleplerini ve seslerini duyurmaya \u00e7al\u0131\u015f\u0131rken, iktidar\u0131n k\u00fc\u00e7\u00fck orta\u011f\u0131 \u2018depremin izleri silindi\u2019 a\u00e7\u0131klamas\u0131n\u0131 yap\u0131yordu.<\/p>\n\n\n\n<p>Deprem felaketinin \u00fczerine izledikleri politikalarla insanlar\u0131n ses vere vere \u00f6lmelerine neden olanlar ve halk\u0131 \u00e7aresiz b\u0131rakanlar \u2018not ediyoruz\u2019 deyiversinler, biz de hesab\u0131n\u0131 sormak \u00fczere tan\u0131kl\u0131klar\u0131m\u0131z\u0131 not ettik. Hesap soruluncaya kadar ve bir sonraki nesiller ihmalkarl\u0131k, liyakatsizlik, d\u00fc\u015fmanl\u0131k vs. her ne sebeple olursa olsun bir daha enkazlar alt\u0131nda kalmas\u0131n diye tan\u0131kl\u0131klar\u0131m\u0131z\u0131 duvarlara, yaz\u0131lara, dergilere, kitaplara, sosyal medya g\u00f6nderilerine ve en \u00f6nemlisi haf\u0131zalar\u0131m\u0131za kaz\u0131yaca\u011f\u0131z.<\/p>\n\n\n\n<p>Deprem haberini al\u0131r almaz Ankara\u2019dan yola \u00e7\u0131km\u0131\u015f ve \u00f6\u011fleden sonra Antakya\u2019ya varm\u0131\u015ft\u0131m. \u0130lk u\u011frad\u0131\u011f\u0131m sokaklar Armutlu sokaklar\u0131yd\u0131. O s\u0131rada, depremden 9 g\u00fcn sonra enkaz\u0131ndan canl\u0131 insanlar\u0131n \u00e7\u0131kar\u0131laca\u011f\u0131 y\u0131k\u0131k bir bina yan\u0131yordu, yan\u0131ndaki enkaz\u0131n \u00f6n\u00fcnde 3-5 insan bekle\u015fiyor ve y\u0131k\u0131nt\u0131lar aras\u0131ndan ise trafik akmaya devam ediyordu. Enkazlar\u0131n \u00e7o\u011fu sahipsizdi. Enkaz\u0131n alt\u0131nda birilerinin oldu\u011fu fikri insan\u0131n akl\u0131na bile gelmiyor, b\u00f6yle bir \u015feye ihtimal verilemiyordu ilk anda. \u0130nsan\u0131n ger\u00e7eklik alg\u0131s\u0131n\u0131 sarsacak kadar deh\u015fet verici manzaralar vard\u0131.<\/p>\n\n\n\n<p>Samanda\u011f\u2019da da durum farks\u0131zd\u0131. Samanda\u011f\u2019\u0131n merkez mahalleleri gibi, Ku\u015falan\u0131\u2019ndan ba\u015flayarak Fevvar k\u00f6pr\u00fcs\u00fcne kadar kent giri\u015fi de harabeye d\u00f6nm\u00fc\u015ft\u00fc. Depremin \u00fczerinden 12 saat ge\u00e7mi\u015f olmas\u0131na ra\u011fmen Samanda\u011f\u2019da da ne bir yetkili ne de arama kurtarma ekibi vard\u0131.<\/p>\n\n\n\n<p>Ya\u011fan ya\u011fmur alt\u0131nda ellerindeki k\u00fc\u00e7\u00fck \u00e7eki\u00e7le koca beton bloklar\u0131na \u00e7aresizce vuran ve enkaz k\u00f6\u015felerinde ate\u015f yakm\u0131\u015f \u0131s\u0131nmaya \u00e7al\u0131\u015f\u0131rken yandaki enkaz\u0131n alt\u0131nda kalan aile fertlerine ula\u015fman\u0131n yollar\u0131n\u0131 arayan peri\u015fan Samanda\u011fl\u0131lar d\u0131\u015f\u0131nda ne bir yetkili, ne bir sorumlu, ne bir bek\u00e7i ne de normalde 3-5 ki\u015fi bir araya gelince biber gazlar\u0131yla tepelerinde beliren g\u00fcvenlik\u00e7iler vard\u0131.<\/p>\n\n\n\n<p>Depremin 16. saatinde Samanda\u011f h\u00fck\u00fcmet kona\u011f\u0131 yan\u0131ndaki enkazda bir i\u015f makinesi, hi\u00e7 profesyonel olmayan bir \u015fekilde ve muhtemelen enkaz alt\u0131ndaki canlara zarar verecek \u015fekilde enkaz y\u0131\u011f\u0131n\u0131na m\u00fcdahale ediyordu. Antakya ve Samanda\u011f\u2019da ilk 24 saatte tan\u0131k olunan ama enkaza tamamen amat\u00f6rce m\u00fcdahale eden ilk \u2018i\u015f makinesi ile kurtarma \u00e7al\u0131\u015fmas\u0131\u2019 muhtemelen buydu. Bu s\u0131rada sosyal medyaya y\u00fczlerce ihbar ve yard\u0131m \u00e7a\u011fr\u0131s\u0131 ya\u011fmaya devam ediyordu.<\/p>\n\n\n\n<p>7 \u015fubat g\u00fcn\u00fc depremin 26. saatinde, sabah vakitlerinde Samanda\u011f kent giri\u015finde bir yandan profesyonel arama kurtarma ekiplerini bekleyen insanlara bir yandan da devriye gezen jandarma arac\u0131n\u0131 durdurup \u00f6fkeyle \u2018nerede bu devlet\u2019 diye feryat eden insanlara \u015fahit oldum. Herkesin enkaz alt\u0131nda ses veren bir akrabas\u0131 ve tan\u0131d\u0131\u011f\u0131 vard\u0131. \u0130kinci g\u00fcnde de arama kurtarma ekipleri yok, de\u011fi\u015fen bir \u015fey yoktu. Enkaz alt\u0131ndan sesler ve telefonlara mesajlar geliyordu. Sadece kent giri\u015findeki birka\u00e7 binan\u0131n enkaz\u0131nda onlarca insan vard\u0131. Kent i\u00e7indeki mahalleler ise \u00e7ok daha k\u00f6t\u00fc durumdayd\u0131.<\/p>\n\n\n\n<p>8 \u015fubat g\u00fcn\u00fc depremin 56. saatinde, enkaz alt\u0131ndaki yak\u0131nlar\u0131n\u0131 kurtarmak \u00fczere Samanda\u011f kent giri\u015finde i\u015f makineleri bekleyen insanlar, Bornova Belediyesinin g\u00f6nderdi\u011fi i\u015f makinesini kendi enkaz\u0131na g\u00f6t\u00fcrmek i\u00e7in maalesef birbirleriyle kavga ediyordu. En nihayetinde i\u015f makinesini getiren operat\u00f6r ile ileti\u015fim kurup kendi enkaz\u0131na g\u00f6t\u00fcrmeye ikna eden biri kom\u015fusuna \u201cKhayte, benim i\u015fim sadece 10 dakika, ard\u0131ndan sana yollayaca\u011f\u0131m\u201d diye a\u011fl\u0131yordu. Bu s\u0131rada kent i\u00e7indeki enkazlara hen\u00fcz ne i\u015f makinesi ne de arama kurtarma ekipleri varm\u0131\u015ft\u0131.<\/p>\n\n\n\n<p>Sonraki g\u00fcnlerde, etkili olanlar\u0131 daha \u00e7ok g\u00f6n\u00fcll\u00fc olan arama kurtarma ekiplerinin yo\u011funla\u015fmas\u0131 ile bir\u00e7ok insan enkaz alt\u0131nda \u00e7\u0131kar\u0131lmaya ba\u015fland\u0131 fakat ilk g\u00fcnlerde canl\u0131 oldu\u011fu tespit edilen bir\u00e7o\u011fu art\u0131k cans\u0131z olarak \u00e7\u0131kar\u0131l\u0131yordu.<\/p>\n\n\n\n<p><strong>Bar\u0131nma ve Seralar<\/strong><\/p>\n\n\n\n<p>Samanda\u011f ve Antakya merkezlerinin y\u0131k\u0131lmas\u0131yla insanlar\u0131n ciddi bir k\u0131sm\u0131 k\u0131rsal alanlara ve mahallelere s\u0131\u011f\u0131nd\u0131. K\u00f6y ve k\u0131rsal mahallelerinin n\u00fcfusu artt\u0131. Hatay\u2019dan \u00fclkenin di\u011fer \u015fehirlerine, \u00fclke i\u00e7lerine g\u00f6\u00e7 oldu\u011fu kadar kent merkezlerinden k\u0131rsaldaki mahallelere ve k\u00f6ylere de ciddi g\u00f6\u00e7 oldu. Enkaza d\u00f6nen kent merkezlerinin aksine bah\u00e7eleri ile daha ya\u015fanabilir alanlar sunan k\u0131rsal b\u00f6lgeler, k\u00f6yler ve seralar; kent merkezinden \u00e7\u0131kmak zorunda kalan insanlar\u0131n ciddi bir k\u0131sm\u0131n\u0131n s\u0131\u011f\u0131na\u011f\u0131 oldu. Yine de deprem b\u00f6lgesinde kalan bir\u00e7o\u011fumuzun deneyimledi\u011fi gibi, seralarda soban\u0131n dibinde bile \u0131s\u0131nd\u0131\u011f\u0131n\u0131 hissedemiyordu insanlar. \u00dcstelik seraya kurulacak soba bulmak ba\u015fl\u0131 ba\u015f\u0131na bir sorun oldu\u011fu gibi k\u0131\u015f\u0131n ortas\u0131nda h\u0131zl\u0131ca kurulmak zorunda olan sobalardan dolay\u0131 bir\u00e7ok insan zehirlendi.<\/p>\n\n\n\n<p>Is\u0131t\u0131lamayan ve asl\u0131nda halk\u0131n \u00f6nemli bir ge\u00e7im kayna\u011f\u0131 olan seralarda, hala onlarca insan bir arada kal\u0131yor. Havalar\u0131n \u0131s\u0131nmas\u0131yla birlikte iki b\u00fcy\u00fck sorun a\u00e7\u0131\u011fa \u00e7\u0131k\u0131yor: Bar\u0131nma i\u00e7in kullan\u0131l\u0131yor olmalar\u0131ndan dolay\u0131 seralarda \u00fcretim yap\u0131lm\u0131yor ve ge\u00e7im kayna\u011f\u0131 olmayan aileler zor durumda kal\u0131yor. Bir di\u011fer sorun da havalar\u0131n \u0131s\u0131nmas\u0131yla birlikte seralardaki s\u0131cakl\u0131\u011f\u0131n 45-50 dereceleri bulmas\u0131. Bu haliyle seralar g\u00fcn i\u00e7erisinde bar\u0131nma alan\u0131 olmaktan \u00e7\u0131k\u0131yor. Bu s\u0131rada K\u0131z\u0131lay, acilen halka da\u011f\u0131t\u0131lmas\u0131 gereken \u00e7ad\u0131rlar\u0131 sat\u0131yor, Samanda\u011f spor salonunda \u00e7ad\u0131r istifleyen AFAD\u2019\u0131n yard\u0131m kutular\u0131 ise AKP\u2019li bakanlar\u0131n se\u00e7im kampanyas\u0131 i\u00e7in sokaklar\u0131 turlayan minib\u00fcslerinden se\u00e7mene da\u011f\u0131t\u0131l\u0131yor.<\/p>\n\n\n\n<p><strong>Gezi Direni\u015fi\u2019nin Kalesi Armutlu ve Yeniden \u0130n\u015fa<\/strong><\/p>\n\n\n\n<p>Enkazlar\u0131n kald\u0131r\u0131lmas\u0131yla a\u00e7\u0131k bir sahaya d\u00f6n\u00fc\u015fen Armutlu\u2019da ne terzi Ahmet amcam\u0131z\u0131n d\u00fckk\u00e2n\u0131 ne de Ahmet Atakan\u2019\u0131n d\u00fc\u015f\u00fcr\u00fclerek katledildi\u011fi bina art\u0131k yerinde de\u011fil. Abdullah C\u00f6mert\u2019in biber gaz\u0131 kaps\u00fcl\u00fcyle katledildi\u011fi soka\u011f\u0131n k\u00f6\u015fesi ve o duvarlar da art\u0131k yok, sokak ise enkaz\u0131n kald\u0131r\u0131lmas\u0131yla birlikte a\u00e7\u0131k bir sahan\u0131n ortas\u0131nda, b\u00f6lgeyi bilmeyenler i\u00e7in anlams\u0131z bir alana benzemeye ba\u015flad\u0131.&nbsp;&nbsp;<\/p>\n\n\n\n<p>Armutlu sadece Antakya i\u00e7in de\u011fil t\u00fcm T\u00fcrkiye i\u00e7in Gezi Direni\u015fi\u2019nin en \u00f6nemli sahalar\u0131ndan ve sembollerinden biri. Antakyal\u0131lar i\u00e7in ise direni\u015fin ve \u00f6tekile\u015ftirilmeye kar\u015f\u0131 isyan\u0131n merkezi. Dayan\u0131\u015fma G\u00f6n\u00fcll\u00fcs\u00fc m\u00fczisyenler, tam da bu haf\u0131zay\u0131 canl\u0131 tutmak i\u00e7in Armutlu\u2019dan ba\u015flayan bir y\u00fcr\u00fcy\u00fc\u015f etkinli\u011fi d\u00fczenledi. Bu y\u00fcr\u00fcy\u00fc\u015fte, bu caddede direnirken katledilen Abdullah C\u00f6mert ve Ahmet Atakan an\u0131ld\u0131 ve katledildikleri noktalarda an\u0131ld\u0131. M\u00fczisyenle ve y\u00fcr\u00fcy\u00fc\u015flerine e\u015flik eden Antakyal\u0131lar, Arap\u00e7a ve T\u00fcrk\u00e7e dilinde \u00f6fke ve isyan t\u00fcrk\u00fcleri s\u00f6yledi.<\/p>\n\n\n\n<p>Direni\u015fin kalesi Armutlu i\u00e7in m\u00fclk sahiplerine yeniden in\u015fa izni \u00e7\u0131kt\u0131\u011f\u0131 s\u00f6ylenirken, eski Antakya olarak bilinen tarihi Antakya sokaklar\u0131n\u0131n oldu\u011fu b\u00f6lge dahil 307 hektarl\u0131k bir alan, 5 Nisan g\u00fcn\u00fc Resmi Gazete\u2019de Cumhurba\u015fkan\u0131 imzas\u0131 ile yay\u0131mlanan karar ile riskli alan ilan edildi. Kentin y\u00fczde 70\u2019i y\u0131k\u0131lm\u0131\u015f iken Antakya\u2019y\u0131 Antakya yapan b\u00f6lgeye \u00f6ncelik veren karar ve \u015feffaf olmayan s\u00fcre\u00e7, gazeteci Bahad\u0131r \u00d6zg\u00fcr\u2019\u00fcn de vurgulad\u0131\u011f\u0131 gibi Antakya\u2019da \u00f6zel bir hakimiyet kurulmaya \u00e7al\u0131\u015f\u0131ld\u0131\u011f\u0131n\u0131 g\u00f6steriyor.<\/p>\n\n\n\n<p>B\u00f6lgenin yeniden in\u015fas\u0131 i\u00e7in bakanl\u0131\u011f\u0131n alelacele ihale verdi\u011fi \u015firket, planlama s\u00fcreci i\u00e7in \u00fcnl\u00fc bir mimarl\u0131k \u015firketini g\u00f6revlendirdi. Bu mimarl\u0131k \u015firketi \u0130stanbul\u2019da planlama s\u00fcrecine dair sunum yapt\u0131. Antakya\u2019n\u0131n tarihi sokaklar\u0131n\u0131n ve alanlar\u0131n\u0131n yeniden in\u015fas\u0131, Antakya\u2019n\u0131n d\u0131\u015f\u0131nda bir kentte ve Antakya halk\u0131n\u0131n kat\u0131l\u0131m\u0131 sa\u011flanmadan tart\u0131\u015f\u0131l\u0131yor.<\/p>\n\n\n\n<p>B\u00f6ylesine tehlikeli bir s\u00fcrecin kar\u015f\u0131s\u0131nda ancak halk\u0131n \u00f6rg\u00fctl\u00fc ve bir arada duru\u015fu, kentin gelece\u011fi \u00fczerine kurulan planlar\u0131n \u00f6n\u00fcne ge\u00e7ebilir.<\/p>\n\n\n\n<p><strong>Molozlar, Kay\u0131plar ve Sahipsizler<\/strong><\/p>\n\n\n\n<p>Antakya\u2019da depremin ilk g\u00fcn\u00fcnden bug\u00fcne kadar, yukar\u0131da \u00fczerinde duruldu\u011fu gibi bir\u00e7ok konudaki ihmalkarl\u0131k ve d\u00fc\u015fmanca politika, bug\u00fcn enkazlar\u0131n kald\u0131r\u0131lma ihalelerini alan a\u00e7g\u00f6zl\u00fclerin ya\u011fmas\u0131 ile birle\u015fince gelece\u011fimizi tehdit eden molozlarla kar\u015f\u0131 kar\u015f\u0131ya kald\u0131.<\/p>\n\n\n\n<p>Kay\u0131plar\u0131n\u0131n ac\u0131s\u0131n\u0131 ya\u015fayamam\u0131\u015f, su dahil bir\u00e7ok temel ihtiyac\u0131n\u0131 kar\u015f\u0131layamam\u0131\u015f, belirsizlik ve \u00e7aresizlik i\u00e7erisindeki halk, \u00e7ad\u0131rlar\u0131ndan \u00e7\u0131karak Samanda\u011f merkezinde, Ye\u015filk\u00f6y\u2019de ve daha bir\u00e7ok yerde moloz ta\u015f\u0131yan kamyonlar\u0131n \u00f6n\u00fcn\u00fc kesen halk, insanlar\u0131n sa\u011fl\u0131\u011f\u0131n\u0131 ve do\u011fay\u0131 ciddi \u015fekilde tehdit edecek sonu\u00e7lar yaratan bu faaliyetlerin durdurulmas\u0131n\u0131 talep ediyor.<\/p>\n\n\n\n<p>Uzmanlar\u0131n ve m\u00fchendislerin t\u00fcm uyar\u0131lar\u0131na ra\u011fmen normalle\u015fme ad\u0131 alt\u0131nda h\u0131zl\u0131ca, plans\u0131z ve programs\u0131z \u015fekilde enkaz kald\u0131rma faaliyetleri devam ediyor. Uzmanlar, dernekler, tabipler odas\u0131, di\u011fer meslek odalar\u0131 ve m\u00fchendisler, enkazlar\u0131n bar\u0131nd\u0131rd\u0131\u011f\u0131 toksik madde ve materyalin belirli bir plan ve program ile ayr\u0131\u015ft\u0131r\u0131lmas\u0131 gerekti\u011fini savunuyor ve yetkililere \u00e7a\u011fr\u0131da bulunurken faaliyetlerin devam ettirilmesi akla ba\u015fka sorular\u0131 getiriyor.&nbsp;<\/p>\n\n\n\n<p>Sa\u011fl\u0131k uzmanlar\u0131 da geli\u015fig\u00fczel y\u0131\u011f\u0131lan molozlar\u0131n, \u00f6n\u00fcm\u00fczdeki 20 ila 30 y\u0131ll\u0131k s\u00fcre\u00e7te \u00f6zellikle \u00e7ocuklar ba\u015fta olmak \u00fczere insanlar\u0131 kanser vb. hastal\u0131klarla kar\u015f\u0131 kar\u015f\u0131ya b\u0131rakabilecek materyallere sahip oldu\u011funu belirtiyor.<\/p>\n\n\n\n<p>Alanda faaliyet g\u00f6steren \u00e7evre aktivistlerine g\u00f6re Antakya ve Samanda\u011f\u2019da toplamda 22 moloz d\u00f6k\u00fcm merkezi var. Bu merkezlerin 3\u2019\u00fc resmi bile de\u011fil. Bu d\u00f6k\u00fcm merkezlerinde tam anlam\u0131yla bir ayr\u0131\u015ft\u0131rma i\u015flemi de ger\u00e7ekle\u015ftirilmiyor. Ayr\u0131\u015ft\u0131r\u0131lan tek madde var o da demir. AFAD logolu kamyonlar da enkazdan \u00e7\u0131kan demiri ta\u015f\u0131yor. Senelerce s\u00fcrmesi gereken enkaz kald\u0131rma ve ayr\u0131\u015ft\u0131rma i\u015flemi, ya\u011fma h\u0131rs\u0131yla g\u00f6z\u00fc d\u00f6nm\u00fc\u015f \u015firketler ve buna izin veren yetkililer taraf\u0131ndan alelacele ger\u00e7ekle\u015ftiriliyor.<\/p>\n\n\n\n<p>Bu moloz y\u0131\u011f\u0131nlar\u0131 sadece i\u00e7erdikleri toksik maddeler nedeniyle de\u011fil, maalesef arama kurtarma \u00e7al\u0131\u015fmalar\u0131n\u0131n yetersizli\u011finden dolay\u0131 bulunamayan ve enkaz alt\u0131ndan \u00e7\u0131kar\u0131lamayan insan bedeni par\u00e7alar\u0131ndan dolay\u0131 da insan sa\u011fl\u0131\u011f\u0131n\u0131 tehdit ediyor. \u0130nsanlar kay\u0131plar\u0131n\u0131 ararken, manzara i\u015fte bu kadar deh\u015fet verici. T\u00fcm uyar\u0131lara ra\u011fmen durdurulmayan enkaz kald\u0131rma faaliyetlerinin yaratt\u0131\u011f\u0131 moloz y\u0131\u011f\u0131nlar\u0131ndan, kay\u0131plar\u0131n par\u00e7a par\u00e7a bedenleri ortaya \u00e7\u0131k\u0131yor.<\/p>\n\n\n\n<p>Kay\u0131plar oldu\u011fu kadar bu depremin hi\u00e7 konu\u015fulmayan sahipsizleri de vard\u0131. Kara\u00e7ay\u2019da y\u0131k\u0131lan bir binada, haftalar sonra 6 Suriyeli tar\u0131m i\u015f\u00e7isinin sahipsiz cans\u0131z bedenleri \u00e7\u0131kar\u0131ld\u0131. Tarihi Kurtulu\u015f caddesinde ise depremin 83.g\u00fcn\u00fcnde, Suriyeli 2 ya\u015f\u0131nda bir bebek ile ninesinin cans\u0131z bedenleri \u00e7\u0131kar\u0131ld\u0131.<\/p>\n\n\n\n<p>Y\u00fcz binlerce Suriyelinin ya\u015fad\u0131\u011f\u0131 Hatay\u2019da, \u00fclkenin geri kalan\u0131nda oldu\u011fu gibi d\u00fczensiz g\u00f6\u00e7le birlikte ve entegrasyon politikalar\u0131n\u0131n olmamas\u0131ndan kaynakl\u0131 m\u00fclteci sorunlar\u0131 elbette var ama bunun daha da tehlikeli olan\u0131, m\u00fclteci d\u00fc\u015fmanl\u0131\u011f\u0131n\u0131n artt\u0131\u011f\u0131 bu d\u00f6nemde oy toplama hedefiyle \u0131rk\u00e7\u0131 dalgaya binerek halk\u0131 k\u0131\u015fk\u0131rtan politikac\u0131lard\u0131r. D\u00fczensiz g\u00f6\u00e7, demografik tehlikeler ve tehditler bar\u0131nd\u0131rsa da bununla m\u00fccadele y\u00f6ntemi, halk\u0131n \u00f6fkesini iktidar ve yetkili kurum ve ki\u015filer yerine gariban m\u00fcltecilere y\u00f6nelten, muhalif saflarda g\u00f6r\u00fclen fa\u015fist politikac\u0131lar\u0131n \u00f6nerdi\u011fi \u00e7\u00f6z\u00fcmler asla de\u011fildir.<\/p>\n\n\n\n<p><strong>Suriye\u2019de Deprem<\/strong><\/p>\n\n\n\n<p>Deprem T\u00fcrkiye\u2019nin g\u00fcney b\u00f6lgesini vurdu\u011fu gibi s\u0131n\u0131r\u0131n \u00f6tesinde Suriye\u2019nin Lazkiye, Halep, \u0130dlip, Hama ve Tartus kentlerini de vurdu. Uzun s\u00fcren sava\u015f\u0131n getirdi\u011fi y\u0131k\u0131m\u0131n \u00fczerine Suriye, son birka\u00e7 y\u0131ld\u0131r ABD\u2019nin \u2018Sezar\u2019 ismini verdi\u011fi yapt\u0131r\u0131mlarla bo\u011fu\u015fuyor. Suriye\u2019de g\u0131dadan yak\u0131ta, enerjiden g\u00fcnl\u00fck hayattaki en temel ihtiya\u00e7lara kadar her alanda kriz hali var. ABD, \u2018Sezar\u2019 yapt\u0131r\u0131mlar\u0131 ile en az sava\u015f kadar y\u0131k\u0131c\u0131 sonu\u00e7lara sahip olan bu politika ile Suriye ile siyasi, ekonomik, ticari vs. ili\u015fkisi kurmak isteyen herkese sopa g\u00f6steriyor. Bu yapt\u0131r\u0131mlar nedeniyle Suriye, sava\u015fla harabeye d\u00f6nm\u00fc\u015f kentlerini yenileyemiyor, vatanlar\u0131na d\u00f6nmek isteyen m\u00fcltecilere yeni evler in\u015fa edemiyor, ba\u015fta elektrik ve su ile ili\u015fkili olmak \u00fczere normalle\u015fmenin \u00f6n\u00fcnde b\u00fcy\u00fck engel olan \u00f6nemli altyap\u0131 problemlerini \u00e7\u00f6zemiyor.<\/p>\n\n\n\n<p>Bunun \u00fczerine zaten yard\u0131ma muhta\u00e7 olan Suriye\u2019yi vuran deprem, sava\u015f\u0131n da u\u011framad\u0131\u011f\u0131 bir\u00e7ok b\u00f6lgeyi enkaza \u00e7evirdi. T\u00fcrkiye\u2019de, \u00fclkede var olan imkanlar iktidar\u0131n izledi\u011fi politikalardan dolay\u0131 deprem b\u00f6lgesine seferber edilemezken, Suriye\u2019de ise bu imkanlardan bahsetmek bile m\u00fcmk\u00fcn de\u011fildi. &nbsp;Yapt\u0131r\u0131mlar y\u00fcz\u00fcnden yak\u0131t krizi ya\u015fayan Suriye\u2019de g\u00f6n\u00fcll\u00fcler, enkaz alanlar\u0131na ula\u015f\u0131m sa\u011flayabilmek i\u00e7in ara\u00e7lar\u0131na yak\u0131t bile alam\u0131yordu; ne sa\u011fl\u0131k alan\u0131nda ne de di\u011fer sekt\u00f6rlerde ara\u00e7 gere\u00e7lerini yenileyemeyen Suriye\u2019nin profesyonel arama kurtarma ekipleri, modernle\u015ftirilemeyen ve g\u00fcn\u00fcm\u00fcz ko\u015fullar\u0131nda, g\u00f6rece daha eski olan arama kurtarma ara\u00e7lar\u0131 nedeniyle enkaz alt\u0131ndan kurtar\u0131labilecek insanlar\u0131 kurtaramad\u0131.<\/p>\n\n\n\n<p>Yapt\u0131r\u0131mlar ve \u2018Sezar\u2019 sopas\u0131 y\u00fcz\u00fcnden \u015eam ile ili\u015fkilerinin normalle\u015ftiremeyen \u00fclkeler, ABD\u2019den icazet alana kadar Suriye\u2019ye g\u0131da yard\u0131m\u0131n\u0131 bile g\u00f6nderemedi. Suriye\u2019nin kuzey kentlerinde insanlar g\u00fcnlerce a\u00e7 ve bar\u0131naks\u0131z bir \u015fekilde ya\u015famak durumda kald\u0131. Deprem b\u00f6lgesinde faaliyet g\u00f6steren uluslararas\u0131 kurulu\u015flara g\u00f6re Suriye\u2019de depremin ard\u0131ndan 5 milyon civar\u0131nda insan evsiz kald\u0131.<\/p>\n\n\n\n<p>B\u00fct\u00fcn bunlar\u0131n \u00fczerine, b\u00f6lgede uluslararas\u0131 kanunlar\u0131 yok sayan ve bir haydut gibi sa\u011fa sola sald\u0131ran bir i\u015fgal devleti olan \u0130srail, milyonlarca evsiz insana yard\u0131m ula\u015ft\u0131rabilen tek merkez olan uluslararas\u0131 Halep havaalan\u0131na sald\u0131rarak, havaalan\u0131n\u0131n yeniden hizmet d\u0131\u015f\u0131 kalmas\u0131na neden oldu.&nbsp;<\/p>\n\n\n\n<p>Maalesef Antakya\u2019da da kar\u015f\u0131l\u0131k bulan m\u00fclteci d\u00fc\u015fmanl\u0131\u011f\u0131 \u00fczerine kurulu politikalar \u00e7ok yayg\u0131n. Bu politikalar reddedilirken, d\u00fczensiz g\u00f6\u00e7\u00fcn getirdi\u011fi sorunlar\u0131 sadece m\u00fcltecilerin \u00fczerine y\u00fckleyenlere kar\u015f\u0131, m\u00fcltecilerin neden memleketlerine d\u00f6nemedi\u011fi ve Suriye\u2019nin neden normalle\u015femedi\u011fi anlat\u0131lmal\u0131.<\/p>\n","protected":false},"excerpt":{"rendered":"<p>Hasan Sivri Mara\u015f merkezli olmas\u0131na ra\u011fmen en \u00e7ok Antakya ve civar\u0131n\u0131n y\u0131k\u0131ma u\u011frad\u0131\u011f\u0131 6 \u015eubat deprem felaketinin \u00fczerinden aylar ge\u00e7ti fakat en az deprem kadar y\u0131k\u0131c\u0131 etkileri olan politikalardan dolay\u0131 ba\u015fta Antakya ve Samanda\u011f olmak \u00fczere halk\u0131n \u00e7o\u011funlu\u011fu \u00e7ok zor \u015fartlar alt\u0131nda ya\u015famaya devam ediyor. Deprem b\u00f6lgesini ziyaret eden herkes, yetkililerin izledi\u011fi afet y\u00f6netim politikalar\u0131n\u0131n, [&hellip;]<\/p>\n","protected":false},"author":1,"featured_media":75,"comment_status":"closed","ping_status":"open","sticky":false,"template":"","format":"standard","meta":{"tdm_status":"","tdm_grid_status":"","footnotes":""},"categories":[7],"tags":[],"class_list":{"0":"post-74","1":"post","2":"type-post","3":"status-publish","4":"format-standard","5":"has-post-thumbnail","7":"category-siyaset"},"yoast_head":"<!-- This site is optimized with the Yoast SEO plugin v26.6 - https:\/\/yoast.com\/wordpress\/plugins\/seo\/ -->\n<title>6 \u015eubat Deprem Felaketi: Antakya ve Suriye\u2019nin Ahvali - ehlen<\/title>\n<meta name=\"robots\" content=\"index, follow, max-snippet:-1, max-image-preview:large, max-video-preview:-1\" \/>\n<link rel=\"canonical\" href=\"http:\/\/ehlendergisi.com\/index.php\/2023\/06\/04\/6-subat-deprem-felaketi-antakya-ve-suriyenin-ahvali\/\" \/>\n<meta property=\"og:locale\" content=\"tr_TR\" \/>\n<meta property=\"og:type\" content=\"article\" \/>\n<meta property=\"og:title\" content=\"6 \u015eubat Deprem Felaketi: Antakya ve Suriye\u2019nin Ahvali - ehlen\" \/>\n<meta property=\"og:description\" content=\"Hasan Sivri Mara\u015f merkezli olmas\u0131na ra\u011fmen en \u00e7ok Antakya ve civar\u0131n\u0131n y\u0131k\u0131ma u\u011frad\u0131\u011f\u0131 6 \u015eubat deprem felaketinin \u00fczerinden aylar ge\u00e7ti fakat en az deprem kadar y\u0131k\u0131c\u0131 etkileri olan politikalardan dolay\u0131 ba\u015fta Antakya ve Samanda\u011f olmak \u00fczere halk\u0131n \u00e7o\u011funlu\u011fu \u00e7ok zor \u015fartlar alt\u0131nda ya\u015famaya devam ediyor. Deprem b\u00f6lgesini ziyaret eden herkes, yetkililerin izledi\u011fi afet y\u00f6netim politikalar\u0131n\u0131n, [&hellip;]\" \/>\n<meta property=\"og:url\" content=\"http:\/\/ehlendergisi.com\/index.php\/2023\/06\/04\/6-subat-deprem-felaketi-antakya-ve-suriyenin-ahvali\/\" \/>\n<meta property=\"og:site_name\" content=\"ehlen\" \/>\n<meta property=\"article:publisher\" content=\"https:\/\/www.facebook.com\/ehlendergisi\/?locale=tr_TR\" \/>\n<meta property=\"article:published_time\" content=\"2023-06-04T13:28:01+00:00\" \/>\n<meta property=\"article:modified_time\" content=\"2023-06-04T13:28:02+00:00\" \/>\n<meta property=\"og:image\" content=\"http:\/\/ehlendergisi.com\/wp-content\/uploads\/2023\/06\/FvD4uRQWYAwutNn.jpeg\" \/>\n\t<meta property=\"og:image:width\" content=\"2048\" \/>\n\t<meta property=\"og:image:height\" content=\"1536\" \/>\n\t<meta property=\"og:image:type\" content=\"image\/jpeg\" \/>\n<meta name=\"author\" content=\"admin\" \/>\n<meta name=\"twitter:card\" content=\"summary_large_image\" \/>\n<meta name=\"twitter:creator\" content=\"@yenidenehlen\" \/>\n<meta name=\"twitter:site\" content=\"@yenidenehlen\" \/>\n<meta name=\"twitter:label1\" content=\"Yazan:\" \/>\n\t<meta name=\"twitter:data1\" content=\"admin\" \/>\n\t<meta name=\"twitter:label2\" content=\"Tahmini okuma s\u00fcresi\" \/>\n\t<meta name=\"twitter:data2\" content=\"14 dakika\" \/>\n<script type=\"application\/ld+json\" class=\"yoast-schema-graph\">{\"@context\":\"https:\/\/schema.org\",\"@graph\":[{\"@type\":\"Article\",\"@id\":\"http:\/\/ehlendergisi.com\/index.php\/2023\/06\/04\/6-subat-deprem-felaketi-antakya-ve-suriyenin-ahvali\/#article\",\"isPartOf\":{\"@id\":\"http:\/\/ehlendergisi.com\/index.php\/2023\/06\/04\/6-subat-deprem-felaketi-antakya-ve-suriyenin-ahvali\/\"},\"author\":{\"name\":\"admin\",\"@id\":\"http:\/\/ehlendergisi.com\/#\/schema\/person\/de94365e0837ae704e10d1723547402a\"},\"headline\":\"6 \u015eubat Deprem Felaketi: Antakya ve Suriye\u2019nin Ahvali\",\"datePublished\":\"2023-06-04T13:28:01+00:00\",\"dateModified\":\"2023-06-04T13:28:02+00:00\",\"mainEntityOfPage\":{\"@id\":\"http:\/\/ehlendergisi.com\/index.php\/2023\/06\/04\/6-subat-deprem-felaketi-antakya-ve-suriyenin-ahvali\/\"},\"wordCount\":2776,\"publisher\":{\"@id\":\"http:\/\/ehlendergisi.com\/#organization\"},\"image\":{\"@id\":\"http:\/\/ehlendergisi.com\/index.php\/2023\/06\/04\/6-subat-deprem-felaketi-antakya-ve-suriyenin-ahvali\/#primaryimage\"},\"thumbnailUrl\":\"https:\/\/ehlendergisi.com\/wp-content\/uploads\/2023\/06\/FvD4uRQWYAwutNn.jpeg\",\"articleSection\":[\"Siyaset\"],\"inLanguage\":\"tr\"},{\"@type\":\"WebPage\",\"@id\":\"http:\/\/ehlendergisi.com\/index.php\/2023\/06\/04\/6-subat-deprem-felaketi-antakya-ve-suriyenin-ahvali\/\",\"url\":\"http:\/\/ehlendergisi.com\/index.php\/2023\/06\/04\/6-subat-deprem-felaketi-antakya-ve-suriyenin-ahvali\/\",\"name\":\"6 \u015eubat Deprem Felaketi: Antakya ve Suriye\u2019nin Ahvali - ehlen\",\"isPartOf\":{\"@id\":\"http:\/\/ehlendergisi.com\/#website\"},\"primaryImageOfPage\":{\"@id\":\"http:\/\/ehlendergisi.com\/index.php\/2023\/06\/04\/6-subat-deprem-felaketi-antakya-ve-suriyenin-ahvali\/#primaryimage\"},\"image\":{\"@id\":\"http:\/\/ehlendergisi.com\/index.php\/2023\/06\/04\/6-subat-deprem-felaketi-antakya-ve-suriyenin-ahvali\/#primaryimage\"},\"thumbnailUrl\":\"https:\/\/ehlendergisi.com\/wp-content\/uploads\/2023\/06\/FvD4uRQWYAwutNn.jpeg\",\"datePublished\":\"2023-06-04T13:28:01+00:00\",\"dateModified\":\"2023-06-04T13:28:02+00:00\",\"breadcrumb\":{\"@id\":\"http:\/\/ehlendergisi.com\/index.php\/2023\/06\/04\/6-subat-deprem-felaketi-antakya-ve-suriyenin-ahvali\/#breadcrumb\"},\"inLanguage\":\"tr\",\"potentialAction\":[{\"@type\":\"ReadAction\",\"target\":[\"http:\/\/ehlendergisi.com\/index.php\/2023\/06\/04\/6-subat-deprem-felaketi-antakya-ve-suriyenin-ahvali\/\"]}]},{\"@type\":\"ImageObject\",\"inLanguage\":\"tr\",\"@id\":\"http:\/\/ehlendergisi.com\/index.php\/2023\/06\/04\/6-subat-deprem-felaketi-antakya-ve-suriyenin-ahvali\/#primaryimage\",\"url\":\"https:\/\/ehlendergisi.com\/wp-content\/uploads\/2023\/06\/FvD4uRQWYAwutNn.jpeg\",\"contentUrl\":\"https:\/\/ehlendergisi.com\/wp-content\/uploads\/2023\/06\/FvD4uRQWYAwutNn.jpeg\",\"width\":2048,\"height\":1536},{\"@type\":\"BreadcrumbList\",\"@id\":\"http:\/\/ehlendergisi.com\/index.php\/2023\/06\/04\/6-subat-deprem-felaketi-antakya-ve-suriyenin-ahvali\/#breadcrumb\",\"itemListElement\":[{\"@type\":\"ListItem\",\"position\":1,\"name\":\"Anasayfa\",\"item\":\"http:\/\/ehlendergisi.com\/\"},{\"@type\":\"ListItem\",\"position\":2,\"name\":\"6 \u015eubat Deprem Felaketi: Antakya ve Suriye\u2019nin Ahvali\"}]},{\"@type\":\"WebSite\",\"@id\":\"http:\/\/ehlendergisi.com\/#website\",\"url\":\"http:\/\/ehlendergisi.com\/\",\"name\":\"ehlen\",\"description\":\"k\u00fclt\u00fcr, sanat, siyaset dergisi\",\"publisher\":{\"@id\":\"http:\/\/ehlendergisi.com\/#organization\"},\"potentialAction\":[{\"@type\":\"SearchAction\",\"target\":{\"@type\":\"EntryPoint\",\"urlTemplate\":\"http:\/\/ehlendergisi.com\/?s={search_term_string}\"},\"query-input\":{\"@type\":\"PropertyValueSpecification\",\"valueRequired\":true,\"valueName\":\"search_term_string\"}}],\"inLanguage\":\"tr\"},{\"@type\":\"Organization\",\"@id\":\"http:\/\/ehlendergisi.com\/#organization\",\"name\":\"ehlen\",\"url\":\"http:\/\/ehlendergisi.com\/\",\"logo\":{\"@type\":\"ImageObject\",\"inLanguage\":\"tr\",\"@id\":\"http:\/\/ehlendergisi.com\/#\/schema\/logo\/image\/\",\"url\":\"https:\/\/ehlendergisi.com\/wp-content\/uploads\/2023\/06\/IMG_9500404081E2-1-2.jpeg\",\"contentUrl\":\"https:\/\/ehlendergisi.com\/wp-content\/uploads\/2023\/06\/IMG_9500404081E2-1-2.jpeg\",\"width\":2560,\"height\":1341,\"caption\":\"ehlen\"},\"image\":{\"@id\":\"http:\/\/ehlendergisi.com\/#\/schema\/logo\/image\/\"},\"sameAs\":[\"https:\/\/www.facebook.com\/ehlendergisi\/?locale=tr_TR\",\"https:\/\/x.com\/yenidenehlen\"]},{\"@type\":\"Person\",\"@id\":\"http:\/\/ehlendergisi.com\/#\/schema\/person\/de94365e0837ae704e10d1723547402a\",\"name\":\"admin\",\"image\":{\"@type\":\"ImageObject\",\"inLanguage\":\"tr\",\"@id\":\"http:\/\/ehlendergisi.com\/#\/schema\/person\/image\/\",\"url\":\"https:\/\/secure.gravatar.com\/avatar\/4e3d1b4ba20db56c5c7cda805db9aa90e8ae36f8cd48a7e189f21124a32188a7?s=96&d=mm&r=g\",\"contentUrl\":\"https:\/\/secure.gravatar.com\/avatar\/4e3d1b4ba20db56c5c7cda805db9aa90e8ae36f8cd48a7e189f21124a32188a7?s=96&d=mm&r=g\",\"caption\":\"admin\"},\"sameAs\":[\"http:\/\/ehlendergisi.com\"],\"url\":\"https:\/\/ehlendergisi.com\/index.php\/author\/admin\/\"}]}<\/script>\n<!-- \/ Yoast SEO plugin. -->","yoast_head_json":{"title":"6 \u015eubat Deprem Felaketi: Antakya ve Suriye\u2019nin Ahvali - ehlen","robots":{"index":"index","follow":"follow","max-snippet":"max-snippet:-1","max-image-preview":"max-image-preview:large","max-video-preview":"max-video-preview:-1"},"canonical":"http:\/\/ehlendergisi.com\/index.php\/2023\/06\/04\/6-subat-deprem-felaketi-antakya-ve-suriyenin-ahvali\/","og_locale":"tr_TR","og_type":"article","og_title":"6 \u015eubat Deprem Felaketi: Antakya ve Suriye\u2019nin Ahvali - ehlen","og_description":"Hasan Sivri Mara\u015f merkezli olmas\u0131na ra\u011fmen en \u00e7ok Antakya ve civar\u0131n\u0131n y\u0131k\u0131ma u\u011frad\u0131\u011f\u0131 6 \u015eubat deprem felaketinin \u00fczerinden aylar ge\u00e7ti fakat en az deprem kadar y\u0131k\u0131c\u0131 etkileri olan politikalardan dolay\u0131 ba\u015fta Antakya ve Samanda\u011f olmak \u00fczere halk\u0131n \u00e7o\u011funlu\u011fu \u00e7ok zor \u015fartlar alt\u0131nda ya\u015famaya devam ediyor. Deprem b\u00f6lgesini ziyaret eden herkes, yetkililerin izledi\u011fi afet y\u00f6netim politikalar\u0131n\u0131n, [&hellip;]","og_url":"http:\/\/ehlendergisi.com\/index.php\/2023\/06\/04\/6-subat-deprem-felaketi-antakya-ve-suriyenin-ahvali\/","og_site_name":"ehlen","article_publisher":"https:\/\/www.facebook.com\/ehlendergisi\/?locale=tr_TR","article_published_time":"2023-06-04T13:28:01+00:00","article_modified_time":"2023-06-04T13:28:02+00:00","og_image":[{"width":2048,"height":1536,"url":"http:\/\/ehlendergisi.com\/wp-content\/uploads\/2023\/06\/FvD4uRQWYAwutNn.jpeg","type":"image\/jpeg"}],"author":"admin","twitter_card":"summary_large_image","twitter_creator":"@yenidenehlen","twitter_site":"@yenidenehlen","twitter_misc":{"Yazan:":"admin","Tahmini okuma s\u00fcresi":"14 dakika"},"schema":{"@context":"https:\/\/schema.org","@graph":[{"@type":"Article","@id":"http:\/\/ehlendergisi.com\/index.php\/2023\/06\/04\/6-subat-deprem-felaketi-antakya-ve-suriyenin-ahvali\/#article","isPartOf":{"@id":"http:\/\/ehlendergisi.com\/index.php\/2023\/06\/04\/6-subat-deprem-felaketi-antakya-ve-suriyenin-ahvali\/"},"author":{"name":"admin","@id":"http:\/\/ehlendergisi.com\/#\/schema\/person\/de94365e0837ae704e10d1723547402a"},"headline":"6 \u015eubat Deprem Felaketi: Antakya ve Suriye\u2019nin Ahvali","datePublished":"2023-06-04T13:28:01+00:00","dateModified":"2023-06-04T13:28:02+00:00","mainEntityOfPage":{"@id":"http:\/\/ehlendergisi.com\/index.php\/2023\/06\/04\/6-subat-deprem-felaketi-antakya-ve-suriyenin-ahvali\/"},"wordCount":2776,"publisher":{"@id":"http:\/\/ehlendergisi.com\/#organization"},"image":{"@id":"http:\/\/ehlendergisi.com\/index.php\/2023\/06\/04\/6-subat-deprem-felaketi-antakya-ve-suriyenin-ahvali\/#primaryimage"},"thumbnailUrl":"https:\/\/ehlendergisi.com\/wp-content\/uploads\/2023\/06\/FvD4uRQWYAwutNn.jpeg","articleSection":["Siyaset"],"inLanguage":"tr"},{"@type":"WebPage","@id":"http:\/\/ehlendergisi.com\/index.php\/2023\/06\/04\/6-subat-deprem-felaketi-antakya-ve-suriyenin-ahvali\/","url":"http:\/\/ehlendergisi.com\/index.php\/2023\/06\/04\/6-subat-deprem-felaketi-antakya-ve-suriyenin-ahvali\/","name":"6 \u015eubat Deprem Felaketi: Antakya ve Suriye\u2019nin Ahvali - ehlen","isPartOf":{"@id":"http:\/\/ehlendergisi.com\/#website"},"primaryImageOfPage":{"@id":"http:\/\/ehlendergisi.com\/index.php\/2023\/06\/04\/6-subat-deprem-felaketi-antakya-ve-suriyenin-ahvali\/#primaryimage"},"image":{"@id":"http:\/\/ehlendergisi.com\/index.php\/2023\/06\/04\/6-subat-deprem-felaketi-antakya-ve-suriyenin-ahvali\/#primaryimage"},"thumbnailUrl":"https:\/\/ehlendergisi.com\/wp-content\/uploads\/2023\/06\/FvD4uRQWYAwutNn.jpeg","datePublished":"2023-06-04T13:28:01+00:00","dateModified":"2023-06-04T13:28:02+00:00","breadcrumb":{"@id":"http:\/\/ehlendergisi.com\/index.php\/2023\/06\/04\/6-subat-deprem-felaketi-antakya-ve-suriyenin-ahvali\/#breadcrumb"},"inLanguage":"tr","potentialAction":[{"@type":"ReadAction","target":["http:\/\/ehlendergisi.com\/index.php\/2023\/06\/04\/6-subat-deprem-felaketi-antakya-ve-suriyenin-ahvali\/"]}]},{"@type":"ImageObject","inLanguage":"tr","@id":"http:\/\/ehlendergisi.com\/index.php\/2023\/06\/04\/6-subat-deprem-felaketi-antakya-ve-suriyenin-ahvali\/#primaryimage","url":"https:\/\/ehlendergisi.com\/wp-content\/uploads\/2023\/06\/FvD4uRQWYAwutNn.jpeg","contentUrl":"https:\/\/ehlendergisi.com\/wp-content\/uploads\/2023\/06\/FvD4uRQWYAwutNn.jpeg","width":2048,"height":1536},{"@type":"BreadcrumbList","@id":"http:\/\/ehlendergisi.com\/index.php\/2023\/06\/04\/6-subat-deprem-felaketi-antakya-ve-suriyenin-ahvali\/#breadcrumb","itemListElement":[{"@type":"ListItem","position":1,"name":"Anasayfa","item":"http:\/\/ehlendergisi.com\/"},{"@type":"ListItem","position":2,"name":"6 \u015eubat Deprem Felaketi: Antakya ve Suriye\u2019nin Ahvali"}]},{"@type":"WebSite","@id":"http:\/\/ehlendergisi.com\/#website","url":"http:\/\/ehlendergisi.com\/","name":"ehlen","description":"k\u00fclt\u00fcr, sanat, siyaset dergisi","publisher":{"@id":"http:\/\/ehlendergisi.com\/#organization"},"potentialAction":[{"@type":"SearchAction","target":{"@type":"EntryPoint","urlTemplate":"http:\/\/ehlendergisi.com\/?s={search_term_string}"},"query-input":{"@type":"PropertyValueSpecification","valueRequired":true,"valueName":"search_term_string"}}],"inLanguage":"tr"},{"@type":"Organization","@id":"http:\/\/ehlendergisi.com\/#organization","name":"ehlen","url":"http:\/\/ehlendergisi.com\/","logo":{"@type":"ImageObject","inLanguage":"tr","@id":"http:\/\/ehlendergisi.com\/#\/schema\/logo\/image\/","url":"https:\/\/ehlendergisi.com\/wp-content\/uploads\/2023\/06\/IMG_9500404081E2-1-2.jpeg","contentUrl":"https:\/\/ehlendergisi.com\/wp-content\/uploads\/2023\/06\/IMG_9500404081E2-1-2.jpeg","width":2560,"height":1341,"caption":"ehlen"},"image":{"@id":"http:\/\/ehlendergisi.com\/#\/schema\/logo\/image\/"},"sameAs":["https:\/\/www.facebook.com\/ehlendergisi\/?locale=tr_TR","https:\/\/x.com\/yenidenehlen"]},{"@type":"Person","@id":"http:\/\/ehlendergisi.com\/#\/schema\/person\/de94365e0837ae704e10d1723547402a","name":"admin","image":{"@type":"ImageObject","inLanguage":"tr","@id":"http:\/\/ehlendergisi.com\/#\/schema\/person\/image\/","url":"https:\/\/secure.gravatar.com\/avatar\/4e3d1b4ba20db56c5c7cda805db9aa90e8ae36f8cd48a7e189f21124a32188a7?s=96&d=mm&r=g","contentUrl":"https:\/\/secure.gravatar.com\/avatar\/4e3d1b4ba20db56c5c7cda805db9aa90e8ae36f8cd48a7e189f21124a32188a7?s=96&d=mm&r=g","caption":"admin"},"sameAs":["http:\/\/ehlendergisi.com"],"url":"https:\/\/ehlendergisi.com\/index.php\/author\/admin\/"}]}},"amp_enabled":true,"_links":{"self":[{"href":"https:\/\/ehlendergisi.com\/index.php\/wp-json\/wp\/v2\/posts\/74","targetHints":{"allow":["GET"]}}],"collection":[{"href":"https:\/\/ehlendergisi.com\/index.php\/wp-json\/wp\/v2\/posts"}],"about":[{"href":"https:\/\/ehlendergisi.com\/index.php\/wp-json\/wp\/v2\/types\/post"}],"author":[{"embeddable":true,"href":"https:\/\/ehlendergisi.com\/index.php\/wp-json\/wp\/v2\/users\/1"}],"replies":[{"embeddable":true,"href":"https:\/\/ehlendergisi.com\/index.php\/wp-json\/wp\/v2\/comments?post=74"}],"version-history":[{"count":1,"href":"https:\/\/ehlendergisi.com\/index.php\/wp-json\/wp\/v2\/posts\/74\/revisions"}],"predecessor-version":[{"id":76,"href":"https:\/\/ehlendergisi.com\/index.php\/wp-json\/wp\/v2\/posts\/74\/revisions\/76"}],"wp:featuredmedia":[{"embeddable":true,"href":"https:\/\/ehlendergisi.com\/index.php\/wp-json\/wp\/v2\/media\/75"}],"wp:attachment":[{"href":"https:\/\/ehlendergisi.com\/index.php\/wp-json\/wp\/v2\/media?parent=74"}],"wp:term":[{"taxonomy":"category","embeddable":true,"href":"https:\/\/ehlendergisi.com\/index.php\/wp-json\/wp\/v2\/categories?post=74"},{"taxonomy":"post_tag","embeddable":true,"href":"https:\/\/ehlendergisi.com\/index.php\/wp-json\/wp\/v2\/tags?post=74"}],"curies":[{"name":"wp","href":"https:\/\/api.w.org\/{rel}","templated":true}]}}