{"id":765,"date":"2025-02-09T21:27:54","date_gmt":"2025-02-09T21:27:54","guid":{"rendered":"https:\/\/ehlendergisi.com\/?p=765"},"modified":"2025-02-09T21:37:23","modified_gmt":"2025-02-09T21:37:23","slug":"fhkc-enternasyonalist-bereket-kar-yoldasin-yasini-tutuyoruz","status":"publish","type":"post","link":"https:\/\/ehlendergisi.com\/index.php\/2025\/02\/09\/fhkc-enternasyonalist-bereket-kar-yoldasin-yasini-tutuyoruz\/","title":{"rendered":"FHKC: Enternasyonalist Bereket Kar yolda\u015f\u0131n yas\u0131n\u0131 tutuyoruz"},"content":{"rendered":"\n<p>Filistin Halk Kurtulu\u015f Cephesi (FHKC) 24 Ocak 2025 tarihinde yitirdi\u011fimiz m\u00fccadele insan\u0131 Bereket Kar i\u00e7in &#8216;yas\u0131n\u0131 tutuyoruz&#8217; a\u00e7\u0131klamas\u0131 yapt\u0131.<\/p>\n\n\n\n<p>FHKC, Cephe i\u00e7erisinde \u0130srail i\u015fgaline kar\u015f\u0131 m\u00fccadele ederken d\u00fc\u015fen \u015fehit \u00fcyeleri i\u00e7in kulland\u0131\u011f\u0131 duyuru \u015fablonunu kullanarak Bereket Kar&#8217;\u0131 and\u0131. <\/p>\n\n\n\n<p>Filistin Halk Kurtulu\u015f Cephesi a\u00e7\u0131klamas\u0131nda &#8216;devrimci m\u00fccadelesini Filistin ve T\u00fcrkiye i\u00e7in adayan, zorbal\u0131k, s\u00f6m\u00fcrgecilik ve siyonist i\u015fgale kar\u015f\u0131 m\u00fccadelesini bir an olsun durdurmayan uluslararas\u0131 devrimci yolda\u015f Berkat Kar\u2019\u0131 (Ebu Nidal) kaybettik&#8217; dedi. A\u00e7\u0131klaman\u0131n devam\u0131 \u015fu \u015fekilde:<\/p>\n\n\n\n<p>&#8216;Bereket yolda\u015f, 1955 y\u0131l\u0131nda Hatay ilinin Samanda\u011f il\u00e7esinde do\u011fmu\u015f, T\u00fcrkiye\u2019deki sol devrimci hareketin saflar\u0131na erken ya\u015fta kat\u0131lm\u0131\u015ft\u0131r. \u00d6\u011frenci ve i\u015f\u00e7i hareketlerinde merkezi bir rol oynam\u0131\u015ft\u0131r. 1971 y\u0131l\u0131ndaki askeri darbenin ard\u0131ndan, Hatay ve T\u00fcrkiye&#8217;nin g\u00fcney b\u00f6lgelerinde devrimci hareketi \u00f6rg\u00fctlemede \u00f6nemli bir rol \u00fcstlenmi\u015f, bu da onu s\u00fcrekli olarak bask\u0131 ve tutuklamalar\u0131n hedefi yapm\u0131\u015ft\u0131r. 1970\u2019li y\u0131llarda uzun s\u00fcre T\u00fcrk rejiminin hapishanelerinde kalm\u0131\u015ft\u0131r.<\/p>\n\n\n\n<p>1980 y\u0131l\u0131ndaki darbe ile birlikte Bereket yolda\u015f, arkada\u015flar\u0131yla birlikte T\u00fcrkiye&#8217;yi terk ederek Filistin devrim kamplar\u0131na, \u00f6zellikle Filistin Kurtulu\u015f \u00d6rg\u00fct\u00fc&#8217;n\u00fcn (FK\u00d6) sava\u015f\u00e7\u0131lar\u0131 ile birlikte L\u00fcbnan&#8217;a gitmi\u015f, burada Filistin Halk Kurtulu\u015f Cephesi saflar\u0131nda m\u00fccadele etmi\u015ftir. Filistin davas\u0131n\u0131 her alanda desteklemek i\u00e7in b\u00fcy\u00fck \u00e7aba sarf etmi\u015ftir.<\/p>\n\n\n\n<p>1993 y\u0131l\u0131nda T\u00fcrkiye&#8217;ye d\u00f6nd\u00fckten sonra tekrar tutuklanm\u0131\u015f ve \u00fc\u00e7 y\u0131l boyunca T\u00fcrk rejimi hapishanesinde kalm\u0131\u015ft\u0131r. Ancak hapishaneden daha kararl\u0131 bir ruhla \u00e7\u0131km\u0131\u015f, halklar\u0131n \u00f6zg\u00fcrl\u00fc\u011f\u00fc, demokrasi ve sosyalizm m\u00fccadelesini s\u00fcrd\u00fcrm\u00fc\u015ft\u00fcr.<\/p>\n\n\n\n<p>Bereket yolda\u015f, Yeni Sosyalizm Partisi&#8217;nin Merkez Komite \u00fcyeli\u011fini \u00fcstlenmi\u015f, Halklar\u0131n Demokratik Partisi&#8217;nde d\u0131\u015f ili\u015fkilerden sorumlu olmu\u015ftur. \u00d6l\u00fcm\u00fcne kadar T\u00fcrkiye&#8217;deki sol g\u00fc\u00e7ler ile Arap \u00fclkelerindeki benzer g\u00fc\u00e7ler aras\u0131ndaki ili\u015fkileri peki\u015ftirmek i\u00e7in \u00e7al\u0131\u015fm\u0131\u015f, Filistin ve Filistin Halk Kurtulu\u015f Cephesi&#8217;nin T\u00fcrkiye&#8217;deki ger\u00e7ek bir el\u00e7isi olmu\u015ftur.<\/p>\n\n\n\n<p>Filistin Halk Kurtulu\u015f Cephesi olarak, bu ilkelerinden taviz vermeyen devrimci yolda\u015f\u0131m\u0131z\u0131 kaybetmi\u015f olman\u0131n \u00fcz\u00fcnt\u00fcs\u00fcn\u00fc ta\u015f\u0131rken, halk\u0131m\u0131z\u0131n \u00f6zg\u00fcrl\u00fck ve d\u00f6n\u00fc\u015f\u00fcm hedeflerine ula\u015fana kadar devrimci yolunda ilerlemesini s\u00fcrd\u00fcrece\u011fimize olan s\u00f6z\u00fcm\u00fcz\u00fc yineleyerek, onun m\u00fccadelesinin miras\u0131n\u0131n \u00f6zg\u00fcrl\u00fck ve adalet yolunda sava\u015fan herkesin kalbinde canl\u0131 kalaca\u011f\u0131n\u0131n alt\u0131n\u0131 \u00e7iziyoruz.<\/p>\n\n\n\n<p>Bereket Kar &#8220;Ebu Nidal&#8221; yolda\u015f\u0131n ruhu \u015fad olsun.&#8217;<\/p>\n","protected":false},"excerpt":{"rendered":"<p>Filistin Halk Kurtulu\u015f Cephesi (FHKC) 24 Ocak 2025 tarihinde yitirdi\u011fimiz m\u00fccadele insan\u0131 Bereket Kar i\u00e7in &#8216;yas\u0131n\u0131 tutuyoruz&#8217; a\u00e7\u0131klamas\u0131 yapt\u0131. FHKC, Cephe i\u00e7erisinde \u0130srail i\u015fgaline kar\u015f\u0131 m\u00fccadele ederken d\u00fc\u015fen \u015fehit \u00fcyeleri i\u00e7in kulland\u0131\u011f\u0131 duyuru \u015fablonunu kullanarak Bereket Kar&#8217;\u0131 and\u0131. Filistin Halk Kurtulu\u015f Cephesi a\u00e7\u0131klamas\u0131nda &#8216;devrimci m\u00fccadelesini Filistin ve T\u00fcrkiye i\u00e7in adayan, zorbal\u0131k, s\u00f6m\u00fcrgecilik ve siyonist i\u015fgale [&hellip;]<\/p>\n","protected":false},"author":1,"featured_media":766,"comment_status":"closed","ping_status":"open","sticky":false,"template":"","format":"standard","meta":{"tdm_status":"","tdm_grid_status":"","footnotes":""},"categories":[8],"tags":[],"class_list":{"0":"post-765","1":"post","2":"type-post","3":"status-publish","4":"format-standard","5":"has-post-thumbnail","7":"category-guncel"},"yoast_head":"<!-- This site is optimized with the Yoast SEO plugin v26.6 - https:\/\/yoast.com\/wordpress\/plugins\/seo\/ -->\n<title>FHKC: Enternasyonalist Bereket Kar yolda\u015f\u0131n yas\u0131n\u0131 tutuyoruz - ehlen<\/title>\n<meta name=\"description\" content=\"Filistin Halk Kurtulu\u015f Cephesi (FHKC) 24 Ocak 2025 tarihinde yitirdi\u011fimiz m\u00fccadele insan\u0131 Bereket Kar i\u00e7in &#039;yas\u0131n\u0131 tutuyoruz&#039; a\u00e7\u0131klamas\u0131 yapt\u0131.\" \/>\n<meta name=\"robots\" content=\"index, follow, max-snippet:-1, max-image-preview:large, max-video-preview:-1\" \/>\n<link rel=\"canonical\" href=\"https:\/\/ehlendergisi.com\/index.php\/2025\/02\/09\/fhkc-enternasyonalist-bereket-kar-yoldasin-yasini-tutuyoruz\/\" \/>\n<meta property=\"og:locale\" content=\"tr_TR\" \/>\n<meta property=\"og:type\" content=\"article\" \/>\n<meta property=\"og:title\" content=\"FHKC: Enternasyonalist Bereket Kar yolda\u015f\u0131n yas\u0131n\u0131 tutuyoruz - ehlen\" \/>\n<meta property=\"og:description\" content=\"Filistin Halk Kurtulu\u015f Cephesi (FHKC) 24 Ocak 2025 tarihinde yitirdi\u011fimiz m\u00fccadele insan\u0131 Bereket Kar i\u00e7in &#039;yas\u0131n\u0131 tutuyoruz&#039; a\u00e7\u0131klamas\u0131 yapt\u0131.\" \/>\n<meta property=\"og:url\" content=\"https:\/\/ehlendergisi.com\/index.php\/2025\/02\/09\/fhkc-enternasyonalist-bereket-kar-yoldasin-yasini-tutuyoruz\/\" \/>\n<meta property=\"og:site_name\" content=\"ehlen\" \/>\n<meta property=\"article:publisher\" content=\"https:\/\/www.facebook.com\/ehlendergisi\/?locale=tr_TR\" \/>\n<meta property=\"article:published_time\" content=\"2025-02-09T21:27:54+00:00\" \/>\n<meta property=\"article:modified_time\" content=\"2025-02-09T21:37:23+00:00\" \/>\n<meta property=\"og:image\" content=\"https:\/\/ehlendergisi.com\/wp-content\/uploads\/2025\/02\/cbCpY.jpg\" \/>\n\t<meta property=\"og:image:width\" content=\"571\" \/>\n\t<meta property=\"og:image:height\" content=\"800\" \/>\n\t<meta property=\"og:image:type\" content=\"image\/jpeg\" \/>\n<meta name=\"author\" content=\"admin\" \/>\n<meta name=\"twitter:card\" content=\"summary_large_image\" \/>\n<meta name=\"twitter:image\" content=\"https:\/\/ehlendergisi.com\/wp-content\/uploads\/2025\/02\/cbCpY.jpg\" \/>\n<meta name=\"twitter:creator\" content=\"@yenidenehlen\" \/>\n<meta name=\"twitter:site\" content=\"@yenidenehlen\" \/>\n<meta name=\"twitter:label1\" content=\"Yazan:\" \/>\n\t<meta name=\"twitter:data1\" content=\"admin\" \/>\n\t<meta name=\"twitter:label2\" content=\"Tahmini okuma s\u00fcresi\" \/>\n\t<meta name=\"twitter:data2\" content=\"3 dakika\" \/>\n<script type=\"application\/ld+json\" class=\"yoast-schema-graph\">{\"@context\":\"https:\/\/schema.org\",\"@graph\":[{\"@type\":\"Article\",\"@id\":\"https:\/\/ehlendergisi.com\/index.php\/2025\/02\/09\/fhkc-enternasyonalist-bereket-kar-yoldasin-yasini-tutuyoruz\/#article\",\"isPartOf\":{\"@id\":\"https:\/\/ehlendergisi.com\/index.php\/2025\/02\/09\/fhkc-enternasyonalist-bereket-kar-yoldasin-yasini-tutuyoruz\/\"},\"author\":{\"name\":\"admin\",\"@id\":\"http:\/\/ehlendergisi.com\/#\/schema\/person\/de94365e0837ae704e10d1723547402a\"},\"headline\":\"FHKC: Enternasyonalist Bereket Kar yolda\u015f\u0131n yas\u0131n\u0131 tutuyoruz\",\"datePublished\":\"2025-02-09T21:27:54+00:00\",\"dateModified\":\"2025-02-09T21:37:23+00:00\",\"mainEntityOfPage\":{\"@id\":\"https:\/\/ehlendergisi.com\/index.php\/2025\/02\/09\/fhkc-enternasyonalist-bereket-kar-yoldasin-yasini-tutuyoruz\/\"},\"wordCount\":446,\"publisher\":{\"@id\":\"http:\/\/ehlendergisi.com\/#organization\"},\"image\":{\"@id\":\"https:\/\/ehlendergisi.com\/index.php\/2025\/02\/09\/fhkc-enternasyonalist-bereket-kar-yoldasin-yasini-tutuyoruz\/#primaryimage\"},\"thumbnailUrl\":\"https:\/\/ehlendergisi.com\/wp-content\/uploads\/2025\/02\/cbCpY.jpg\",\"articleSection\":[\"G\u00fcncel\"],\"inLanguage\":\"tr\"},{\"@type\":\"WebPage\",\"@id\":\"https:\/\/ehlendergisi.com\/index.php\/2025\/02\/09\/fhkc-enternasyonalist-bereket-kar-yoldasin-yasini-tutuyoruz\/\",\"url\":\"https:\/\/ehlendergisi.com\/index.php\/2025\/02\/09\/fhkc-enternasyonalist-bereket-kar-yoldasin-yasini-tutuyoruz\/\",\"name\":\"FHKC: Enternasyonalist Bereket Kar yolda\u015f\u0131n yas\u0131n\u0131 tutuyoruz - ehlen\",\"isPartOf\":{\"@id\":\"http:\/\/ehlendergisi.com\/#website\"},\"primaryImageOfPage\":{\"@id\":\"https:\/\/ehlendergisi.com\/index.php\/2025\/02\/09\/fhkc-enternasyonalist-bereket-kar-yoldasin-yasini-tutuyoruz\/#primaryimage\"},\"image\":{\"@id\":\"https:\/\/ehlendergisi.com\/index.php\/2025\/02\/09\/fhkc-enternasyonalist-bereket-kar-yoldasin-yasini-tutuyoruz\/#primaryimage\"},\"thumbnailUrl\":\"https:\/\/ehlendergisi.com\/wp-content\/uploads\/2025\/02\/cbCpY.jpg\",\"datePublished\":\"2025-02-09T21:27:54+00:00\",\"dateModified\":\"2025-02-09T21:37:23+00:00\",\"description\":\"Filistin Halk Kurtulu\u015f Cephesi (FHKC) 24 Ocak 2025 tarihinde yitirdi\u011fimiz m\u00fccadele insan\u0131 Bereket Kar i\u00e7in 'yas\u0131n\u0131 tutuyoruz' a\u00e7\u0131klamas\u0131 yapt\u0131.\",\"breadcrumb\":{\"@id\":\"https:\/\/ehlendergisi.com\/index.php\/2025\/02\/09\/fhkc-enternasyonalist-bereket-kar-yoldasin-yasini-tutuyoruz\/#breadcrumb\"},\"inLanguage\":\"tr\",\"potentialAction\":[{\"@type\":\"ReadAction\",\"target\":[\"https:\/\/ehlendergisi.com\/index.php\/2025\/02\/09\/fhkc-enternasyonalist-bereket-kar-yoldasin-yasini-tutuyoruz\/\"]}]},{\"@type\":\"ImageObject\",\"inLanguage\":\"tr\",\"@id\":\"https:\/\/ehlendergisi.com\/index.php\/2025\/02\/09\/fhkc-enternasyonalist-bereket-kar-yoldasin-yasini-tutuyoruz\/#primaryimage\",\"url\":\"https:\/\/ehlendergisi.com\/wp-content\/uploads\/2025\/02\/cbCpY.jpg\",\"contentUrl\":\"https:\/\/ehlendergisi.com\/wp-content\/uploads\/2025\/02\/cbCpY.jpg\",\"width\":571,\"height\":800},{\"@type\":\"BreadcrumbList\",\"@id\":\"https:\/\/ehlendergisi.com\/index.php\/2025\/02\/09\/fhkc-enternasyonalist-bereket-kar-yoldasin-yasini-tutuyoruz\/#breadcrumb\",\"itemListElement\":[{\"@type\":\"ListItem\",\"position\":1,\"name\":\"Anasayfa\",\"item\":\"http:\/\/ehlendergisi.com\/\"},{\"@type\":\"ListItem\",\"position\":2,\"name\":\"FHKC: Enternasyonalist Bereket Kar yolda\u015f\u0131n yas\u0131n\u0131 tutuyoruz\"}]},{\"@type\":\"WebSite\",\"@id\":\"http:\/\/ehlendergisi.com\/#website\",\"url\":\"http:\/\/ehlendergisi.com\/\",\"name\":\"ehlen\",\"description\":\"k\u00fclt\u00fcr, sanat, siyaset dergisi\",\"publisher\":{\"@id\":\"http:\/\/ehlendergisi.com\/#organization\"},\"potentialAction\":[{\"@type\":\"SearchAction\",\"target\":{\"@type\":\"EntryPoint\",\"urlTemplate\":\"http:\/\/ehlendergisi.com\/?s={search_term_string}\"},\"query-input\":{\"@type\":\"PropertyValueSpecification\",\"valueRequired\":true,\"valueName\":\"search_term_string\"}}],\"inLanguage\":\"tr\"},{\"@type\":\"Organization\",\"@id\":\"http:\/\/ehlendergisi.com\/#organization\",\"name\":\"ehlen\",\"url\":\"http:\/\/ehlendergisi.com\/\",\"logo\":{\"@type\":\"ImageObject\",\"inLanguage\":\"tr\",\"@id\":\"http:\/\/ehlendergisi.com\/#\/schema\/logo\/image\/\",\"url\":\"https:\/\/ehlendergisi.com\/wp-content\/uploads\/2023\/06\/IMG_9500404081E2-1-2.jpeg\",\"contentUrl\":\"https:\/\/ehlendergisi.com\/wp-content\/uploads\/2023\/06\/IMG_9500404081E2-1-2.jpeg\",\"width\":2560,\"height\":1341,\"caption\":\"ehlen\"},\"image\":{\"@id\":\"http:\/\/ehlendergisi.com\/#\/schema\/logo\/image\/\"},\"sameAs\":[\"https:\/\/www.facebook.com\/ehlendergisi\/?locale=tr_TR\",\"https:\/\/x.com\/yenidenehlen\"]},{\"@type\":\"Person\",\"@id\":\"http:\/\/ehlendergisi.com\/#\/schema\/person\/de94365e0837ae704e10d1723547402a\",\"name\":\"admin\",\"image\":{\"@type\":\"ImageObject\",\"inLanguage\":\"tr\",\"@id\":\"http:\/\/ehlendergisi.com\/#\/schema\/person\/image\/\",\"url\":\"https:\/\/secure.gravatar.com\/avatar\/4e3d1b4ba20db56c5c7cda805db9aa90e8ae36f8cd48a7e189f21124a32188a7?s=96&d=mm&r=g\",\"contentUrl\":\"https:\/\/secure.gravatar.com\/avatar\/4e3d1b4ba20db56c5c7cda805db9aa90e8ae36f8cd48a7e189f21124a32188a7?s=96&d=mm&r=g\",\"caption\":\"admin\"},\"sameAs\":[\"http:\/\/ehlendergisi.com\"],\"url\":\"https:\/\/ehlendergisi.com\/index.php\/author\/admin\/\"}]}<\/script>\n<!-- \/ Yoast SEO plugin. -->","yoast_head_json":{"title":"FHKC: Enternasyonalist Bereket Kar yolda\u015f\u0131n yas\u0131n\u0131 tutuyoruz - ehlen","description":"Filistin Halk Kurtulu\u015f Cephesi (FHKC) 24 Ocak 2025 tarihinde yitirdi\u011fimiz m\u00fccadele insan\u0131 Bereket Kar i\u00e7in 'yas\u0131n\u0131 tutuyoruz' a\u00e7\u0131klamas\u0131 yapt\u0131.","robots":{"index":"index","follow":"follow","max-snippet":"max-snippet:-1","max-image-preview":"max-image-preview:large","max-video-preview":"max-video-preview:-1"},"canonical":"https:\/\/ehlendergisi.com\/index.php\/2025\/02\/09\/fhkc-enternasyonalist-bereket-kar-yoldasin-yasini-tutuyoruz\/","og_locale":"tr_TR","og_type":"article","og_title":"FHKC: Enternasyonalist Bereket Kar yolda\u015f\u0131n yas\u0131n\u0131 tutuyoruz - ehlen","og_description":"Filistin Halk Kurtulu\u015f Cephesi (FHKC) 24 Ocak 2025 tarihinde yitirdi\u011fimiz m\u00fccadele insan\u0131 Bereket Kar i\u00e7in 'yas\u0131n\u0131 tutuyoruz' a\u00e7\u0131klamas\u0131 yapt\u0131.","og_url":"https:\/\/ehlendergisi.com\/index.php\/2025\/02\/09\/fhkc-enternasyonalist-bereket-kar-yoldasin-yasini-tutuyoruz\/","og_site_name":"ehlen","article_publisher":"https:\/\/www.facebook.com\/ehlendergisi\/?locale=tr_TR","article_published_time":"2025-02-09T21:27:54+00:00","article_modified_time":"2025-02-09T21:37:23+00:00","og_image":[{"width":571,"height":800,"url":"https:\/\/ehlendergisi.com\/wp-content\/uploads\/2025\/02\/cbCpY.jpg","type":"image\/jpeg"}],"author":"admin","twitter_card":"summary_large_image","twitter_image":"https:\/\/ehlendergisi.com\/wp-content\/uploads\/2025\/02\/cbCpY.jpg","twitter_creator":"@yenidenehlen","twitter_site":"@yenidenehlen","twitter_misc":{"Yazan:":"admin","Tahmini okuma s\u00fcresi":"3 dakika"},"schema":{"@context":"https:\/\/schema.org","@graph":[{"@type":"Article","@id":"https:\/\/ehlendergisi.com\/index.php\/2025\/02\/09\/fhkc-enternasyonalist-bereket-kar-yoldasin-yasini-tutuyoruz\/#article","isPartOf":{"@id":"https:\/\/ehlendergisi.com\/index.php\/2025\/02\/09\/fhkc-enternasyonalist-bereket-kar-yoldasin-yasini-tutuyoruz\/"},"author":{"name":"admin","@id":"http:\/\/ehlendergisi.com\/#\/schema\/person\/de94365e0837ae704e10d1723547402a"},"headline":"FHKC: Enternasyonalist Bereket Kar yolda\u015f\u0131n yas\u0131n\u0131 tutuyoruz","datePublished":"2025-02-09T21:27:54+00:00","dateModified":"2025-02-09T21:37:23+00:00","mainEntityOfPage":{"@id":"https:\/\/ehlendergisi.com\/index.php\/2025\/02\/09\/fhkc-enternasyonalist-bereket-kar-yoldasin-yasini-tutuyoruz\/"},"wordCount":446,"publisher":{"@id":"http:\/\/ehlendergisi.com\/#organization"},"image":{"@id":"https:\/\/ehlendergisi.com\/index.php\/2025\/02\/09\/fhkc-enternasyonalist-bereket-kar-yoldasin-yasini-tutuyoruz\/#primaryimage"},"thumbnailUrl":"https:\/\/ehlendergisi.com\/wp-content\/uploads\/2025\/02\/cbCpY.jpg","articleSection":["G\u00fcncel"],"inLanguage":"tr"},{"@type":"WebPage","@id":"https:\/\/ehlendergisi.com\/index.php\/2025\/02\/09\/fhkc-enternasyonalist-bereket-kar-yoldasin-yasini-tutuyoruz\/","url":"https:\/\/ehlendergisi.com\/index.php\/2025\/02\/09\/fhkc-enternasyonalist-bereket-kar-yoldasin-yasini-tutuyoruz\/","name":"FHKC: Enternasyonalist Bereket Kar yolda\u015f\u0131n yas\u0131n\u0131 tutuyoruz - ehlen","isPartOf":{"@id":"http:\/\/ehlendergisi.com\/#website"},"primaryImageOfPage":{"@id":"https:\/\/ehlendergisi.com\/index.php\/2025\/02\/09\/fhkc-enternasyonalist-bereket-kar-yoldasin-yasini-tutuyoruz\/#primaryimage"},"image":{"@id":"https:\/\/ehlendergisi.com\/index.php\/2025\/02\/09\/fhkc-enternasyonalist-bereket-kar-yoldasin-yasini-tutuyoruz\/#primaryimage"},"thumbnailUrl":"https:\/\/ehlendergisi.com\/wp-content\/uploads\/2025\/02\/cbCpY.jpg","datePublished":"2025-02-09T21:27:54+00:00","dateModified":"2025-02-09T21:37:23+00:00","description":"Filistin Halk Kurtulu\u015f Cephesi (FHKC) 24 Ocak 2025 tarihinde yitirdi\u011fimiz m\u00fccadele insan\u0131 Bereket Kar i\u00e7in 'yas\u0131n\u0131 tutuyoruz' a\u00e7\u0131klamas\u0131 yapt\u0131.","breadcrumb":{"@id":"https:\/\/ehlendergisi.com\/index.php\/2025\/02\/09\/fhkc-enternasyonalist-bereket-kar-yoldasin-yasini-tutuyoruz\/#breadcrumb"},"inLanguage":"tr","potentialAction":[{"@type":"ReadAction","target":["https:\/\/ehlendergisi.com\/index.php\/2025\/02\/09\/fhkc-enternasyonalist-bereket-kar-yoldasin-yasini-tutuyoruz\/"]}]},{"@type":"ImageObject","inLanguage":"tr","@id":"https:\/\/ehlendergisi.com\/index.php\/2025\/02\/09\/fhkc-enternasyonalist-bereket-kar-yoldasin-yasini-tutuyoruz\/#primaryimage","url":"https:\/\/ehlendergisi.com\/wp-content\/uploads\/2025\/02\/cbCpY.jpg","contentUrl":"https:\/\/ehlendergisi.com\/wp-content\/uploads\/2025\/02\/cbCpY.jpg","width":571,"height":800},{"@type":"BreadcrumbList","@id":"https:\/\/ehlendergisi.com\/index.php\/2025\/02\/09\/fhkc-enternasyonalist-bereket-kar-yoldasin-yasini-tutuyoruz\/#breadcrumb","itemListElement":[{"@type":"ListItem","position":1,"name":"Anasayfa","item":"http:\/\/ehlendergisi.com\/"},{"@type":"ListItem","position":2,"name":"FHKC: Enternasyonalist Bereket Kar yolda\u015f\u0131n yas\u0131n\u0131 tutuyoruz"}]},{"@type":"WebSite","@id":"http:\/\/ehlendergisi.com\/#website","url":"http:\/\/ehlendergisi.com\/","name":"ehlen","description":"k\u00fclt\u00fcr, sanat, siyaset dergisi","publisher":{"@id":"http:\/\/ehlendergisi.com\/#organization"},"potentialAction":[{"@type":"SearchAction","target":{"@type":"EntryPoint","urlTemplate":"http:\/\/ehlendergisi.com\/?s={search_term_string}"},"query-input":{"@type":"PropertyValueSpecification","valueRequired":true,"valueName":"search_term_string"}}],"inLanguage":"tr"},{"@type":"Organization","@id":"http:\/\/ehlendergisi.com\/#organization","name":"ehlen","url":"http:\/\/ehlendergisi.com\/","logo":{"@type":"ImageObject","inLanguage":"tr","@id":"http:\/\/ehlendergisi.com\/#\/schema\/logo\/image\/","url":"https:\/\/ehlendergisi.com\/wp-content\/uploads\/2023\/06\/IMG_9500404081E2-1-2.jpeg","contentUrl":"https:\/\/ehlendergisi.com\/wp-content\/uploads\/2023\/06\/IMG_9500404081E2-1-2.jpeg","width":2560,"height":1341,"caption":"ehlen"},"image":{"@id":"http:\/\/ehlendergisi.com\/#\/schema\/logo\/image\/"},"sameAs":["https:\/\/www.facebook.com\/ehlendergisi\/?locale=tr_TR","https:\/\/x.com\/yenidenehlen"]},{"@type":"Person","@id":"http:\/\/ehlendergisi.com\/#\/schema\/person\/de94365e0837ae704e10d1723547402a","name":"admin","image":{"@type":"ImageObject","inLanguage":"tr","@id":"http:\/\/ehlendergisi.com\/#\/schema\/person\/image\/","url":"https:\/\/secure.gravatar.com\/avatar\/4e3d1b4ba20db56c5c7cda805db9aa90e8ae36f8cd48a7e189f21124a32188a7?s=96&d=mm&r=g","contentUrl":"https:\/\/secure.gravatar.com\/avatar\/4e3d1b4ba20db56c5c7cda805db9aa90e8ae36f8cd48a7e189f21124a32188a7?s=96&d=mm&r=g","caption":"admin"},"sameAs":["http:\/\/ehlendergisi.com"],"url":"https:\/\/ehlendergisi.com\/index.php\/author\/admin\/"}]}},"amp_enabled":true,"_links":{"self":[{"href":"https:\/\/ehlendergisi.com\/index.php\/wp-json\/wp\/v2\/posts\/765","targetHints":{"allow":["GET"]}}],"collection":[{"href":"https:\/\/ehlendergisi.com\/index.php\/wp-json\/wp\/v2\/posts"}],"about":[{"href":"https:\/\/ehlendergisi.com\/index.php\/wp-json\/wp\/v2\/types\/post"}],"author":[{"embeddable":true,"href":"https:\/\/ehlendergisi.com\/index.php\/wp-json\/wp\/v2\/users\/1"}],"replies":[{"embeddable":true,"href":"https:\/\/ehlendergisi.com\/index.php\/wp-json\/wp\/v2\/comments?post=765"}],"version-history":[{"count":2,"href":"https:\/\/ehlendergisi.com\/index.php\/wp-json\/wp\/v2\/posts\/765\/revisions"}],"predecessor-version":[{"id":768,"href":"https:\/\/ehlendergisi.com\/index.php\/wp-json\/wp\/v2\/posts\/765\/revisions\/768"}],"wp:featuredmedia":[{"embeddable":true,"href":"https:\/\/ehlendergisi.com\/index.php\/wp-json\/wp\/v2\/media\/766"}],"wp:attachment":[{"href":"https:\/\/ehlendergisi.com\/index.php\/wp-json\/wp\/v2\/media?parent=765"}],"wp:term":[{"taxonomy":"category","embeddable":true,"href":"https:\/\/ehlendergisi.com\/index.php\/wp-json\/wp\/v2\/categories?post=765"},{"taxonomy":"post_tag","embeddable":true,"href":"https:\/\/ehlendergisi.com\/index.php\/wp-json\/wp\/v2\/tags?post=765"}],"curies":[{"name":"wp","href":"https:\/\/api.w.org\/{rel}","templated":true}]}}