{"id":797,"date":"2025-03-11T14:03:27","date_gmt":"2025-03-11T14:03:27","guid":{"rendered":"https:\/\/ehlendergisi.com\/?p=797"},"modified":"2025-03-11T14:08:04","modified_gmt":"2025-03-11T14:08:04","slug":"insan-haklari-izleme-orgutu-hrw-olu-sayisi-700un-uzerinde","status":"publish","type":"post","link":"https:\/\/ehlendergisi.com\/index.php\/2025\/03\/11\/insan-haklari-izleme-orgutu-hrw-olu-sayisi-700un-uzerinde\/","title":{"rendered":"\u0130nsan Haklar\u0131 \u0130zleme \u00d6rg\u00fct\u00fc (HRW): \u00d6l\u00fc say\u0131s\u0131 700&#8217;\u00fcn \u00fczerinde"},"content":{"rendered":"\n<p>Haber: Hasan Sivri<\/p>\n\n\n\n<p>Human Rights Watch (\u0130nsan Haklar\u0131 \u0130zleme \u00d6rg\u00fct\u00fc) Suriye sahil kentleri ba\u015fta olmak \u00fczere Alevilere y\u00f6nelik katliamlarda sivil \u00f6l\u00fc say\u0131s\u0131n\u0131n\u0131n 700&#8217;\u00fcn \u00fczerinde oldu\u011funu tahmin ediyor. <\/p>\n\n\n\n<p>HRW&#8217;den yap\u0131lan a\u00e7\u0131klamada, HT\u015e y\u00f6netimine katliama son vermeleri ve \u00f6l\u00fcmleri durdurmalar\u0131 y\u00f6n\u00fcnde \u00e7a\u011fr\u0131 yap\u0131ld\u0131. <\/p>\n\n\n\n<p>HRW, Banyas \u015fehrinden ailesiyle birlikte y\u00fcr\u00fcyerek ka\u00e7an 22 ya\u015f\u0131ndaki bir Alevi t\u0131p \u00f6\u011frencisiyle de g\u00f6r\u00fc\u015ft\u00fc. <\/p>\n\n\n\n<p>\u00d6\u011frenci, d\u00f6rt akrabas\u0131n\u0131n \u00f6ld\u00fc\u011f\u00fcn\u00fc \u00f6\u011frendikten sonra bu karar\u0131 ald\u0131\u011f\u0131n\u0131 s\u00f6yledi. <\/p>\n\n\n\n<p>Aile, bir k\u00f6y\u00fcn kenar\u0131ndaki bir evde bar\u0131nmaya ba\u015flad\u0131klar\u0131n\u0131 da belirterek insani durumun vehametini \u015fu s\u00f6zlerle ifade etmi\u015f: &#8220;\u00c7ok a\u00e7\u0131z ve \u00fc\u015f\u00fcyoruz ama \u015fehre geri d\u00f6nmemiz imkans\u0131z. Orada g\u00fcvende hissetmiyoruz. Burada da huzur yok, her ses duydu\u011fumuzda da\u011flara ka\u00e7\u0131p saklan\u0131yoruz.&#8221; <\/p>\n\n\n\n<p>HRW&#8217;nin katliamlar\u0131n durmas\u0131na y\u00f6nelik \u00e7a\u011fr\u0131s\u0131n\u0131n ve de\u011ferlendirmelerinin tam metni \u015fu \u015fekilde: <\/p>\n\n\n\n<p>Suriye: Sahil Katliam\u0131n\u0131 Sonland\u0131r\u0131n, Sivilleri Koruyun<\/p>\n\n\n\n<p>\u0130nsan Haklar\u0131 \u0130zleme \u00d6rg\u00fct\u00fc, bug\u00fcn yapt\u0131\u011f\u0131 a\u00e7\u0131klamada, Suriye&#8217;nin k\u0131y\u0131 b\u00f6lgesinde, isyanc\u0131lar\u0131n Suriye g\u00fcvenlik g\u00fc\u00e7lerine sald\u0131r\u0131lar\u0131n\u0131n ard\u0131ndan ve h\u00fck\u00fcmetin g\u00fcvenlik operasyonlar\u0131 s\u0131ras\u0131nda infazlar ve di\u011fer vah\u015fetlerin ya\u015fand\u0131\u011f\u0131n\u0131, bu \u015fiddetin en \u00e7ok Alevi toplumunu etkiledi\u011fini belirtti. Suriye Ge\u00e7ici Cumhurba\u015fkan\u0131 Ahmet el-\u015earaa, &#8220;Suriye k\u0131y\u0131lar\u0131na bir\u00e7ok taraf girdi ve bir\u00e7ok ihlal ya\u015fand\u0131,&#8221; derken, yabanc\u0131 sava\u015f\u00e7\u0131lar, m\u00fcttefik gruplar veya kendi g\u00fcvenlik g\u00fc\u00e7lerinin rol\u00fc hakk\u0131nda yorum yapmaktan ka\u00e7\u0131nd\u0131. Bu su\u00e7lar\u0131n boyutu ve sorumlular\u0131 hen\u00fcz kesin olarak belirlenmi\u015f de\u011fil.<\/p>\n\n\n\n<p>Son \u015fiddet dalgas\u0131, 6 Mart&#8217;ta eski Suriye h\u00fck\u00fcmetiyle ba\u011flant\u0131l\u0131 silahl\u0131 ki\u015filer taraf\u0131ndan ger\u00e7ekle\u015ftirilen koordineli sald\u0131r\u0131lar\u0131n ard\u0131ndan ba\u015flad\u0131. Bu sald\u0131r\u0131lar sonucunda, 9 Mart itibar\u0131yla 231 g\u00fcvenlik g\u00f6revlisinin \u00f6ld\u00fc\u011f\u00fc bildirildi. Buna cevaben, h\u00fck\u00fcmet g\u00fcvenlik g\u00fc\u00e7leri, Savunma Bakanl\u0131\u011f\u0131&#8217;na ba\u011fl\u0131 gruplar da dahil olmak \u00fczere, b\u00f6lge genelinde &#8220;temizleme operasyonlar\u0131&#8221; d\u00fczenledi. Kimli\u011fi belirlenemeyen silahl\u0131 gruplar ve bireyler\u2014\u00e7o\u011funlukla Suriye&#8217;nin di\u011fer b\u00f6lgelerinden Tartus ve Lazkiye illerine gelenler\u2014bu operasyonlara kat\u0131ld\u0131. Telegram kanallar\u0131na y\u00fcklenen do\u011frulanmam\u0131\u015f videolar, faillerin, \u00e7o\u011funlu\u011funu askeri \u00fcniforma giymi\u015f ki\u015filerin olu\u015fturdu\u011fu, yarg\u0131s\u0131z infazlar, ya\u011fmalar ve evlere ve k\u00f6ylere rastgele ate\u015f a\u00e7malar\u0131n\u0131, ayr\u0131ca ki\u015fisel onura y\u00f6nelik k\u00f6t\u00fc muamele ve mezhebi s\u00f6ylemleri g\u00f6sterdi.<\/p>\n\n\n\n<p>\u201cSuriyeli yeni liderler, ge\u00e7mi\u015fin deh\u015fetlerinden s\u0131yr\u0131lmay\u0131 vaat ettiler, ancak k\u0131y\u0131 b\u00f6lgesinde ve Suriye&#8217;nin di\u011fer yerlerinde Alevi \u00e7o\u011funluklu halklara kar\u015f\u0131 \u00e7ok b\u00fcy\u00fck \u00f6l\u00e7ekte ciddi ihlaller rapor ediliyor,\u201d diyen \u0130nsan Haklar\u0131 \u0130zleme \u00d6rg\u00fct\u00fc Ortado\u011fu ve Kuzey Afrika B\u00f6l\u00fcm\u00fc Ba\u015fkan Yard\u0131mc\u0131s\u0131 Adam Coogle, \u201cH\u00fck\u00fcmetin sivilleri koruma ve yarg\u0131s\u0131z infazlar, rastgele \u00f6ld\u00fcrmeler ve di\u011fer ciddi su\u00e7lar\u0131n faillerini kovu\u015fturma konusunda h\u0131zl\u0131 ve kararl\u0131 ad\u0131mlar atmas\u0131 gerekiyor,\u201d \u015feklinde konu\u015ftu.<\/p>\n\n\n\n<p>\u0130nsan Haklar\u0131 \u0130zleme \u00d6rg\u00fct\u00fc, \u00f6ld\u00fcr\u00fclen veya yerinden edilen sivil say\u0131s\u0131n\u0131 do\u011frulayamam\u0131\u015f olsa da, Facebook&#8217;ta dola\u015fan \u00f6l\u00fcm ilanlar\u0131na g\u00f6re y\u00fczlerce ki\u015finin hayat\u0131n\u0131 kaybetti\u011fi, baz\u0131 ailelerin tamamen yok oldu\u011fu belirtildi. Suriye \u0130nsan Haklar\u0131 A\u011f\u0131 (SNHR), 9 Mart&#8217;ta, g\u00fcvenlik g\u00fc\u00e7leri ve bunlara ba\u011fl\u0131 silahl\u0131 gruplar\u0131n, &#8220;hem siviller hem de eski Esad rejiminin silahs\u0131z kalm\u0131\u015f \u00fcyeleri&#8221; dahil en az 396 ki\u015finin \u00f6l\u00fcm\u00fcnden sorumlu oldu\u011funu bildirdi. Baz\u0131 tahminler sivil \u00f6l\u00fc say\u0131s\u0131n\u0131 700&#8217;\u00fcn \u00fczerinde g\u00f6steriyor. SNHR, eski h\u00fck\u00fcmete ba\u011fl\u0131 silahl\u0131 gruplar\u0131n sivillere y\u00f6nelik \u00f6ld\u00fcrmeler ger\u00e7ekle\u015ftirdi\u011fini de rapor etti.<\/p>\n\n\n\n<p>Ba\u015flang\u0131\u00e7ta, resmi Telegram kanallar\u0131 insanlar\u0131 &#8220;karde\u015flerimize destek olmak i\u00e7in&#8221; k\u0131y\u0131ya gitmeye \u00e7a\u011f\u0131rm\u0131\u015ft\u0131. Ancak bu s\u00f6ylem h\u0131zla de\u011fi\u015fti ve yetkililer, g\u00f6n\u00fcll\u00fclerin art\u0131k gerekli olmad\u0131\u011f\u0131n\u0131 belirtti. 6 Mart&#8217;ta Lazkiye Kamu G\u00fcvenli\u011fi M\u00fcd\u00fcr\u00fc tam g\u00fcvenlik seferberli\u011fi ilan etti, Savunma Bakan\u0131 ise Esad yanl\u0131lar\u0131n\u0131 ezmek i\u00e7in askeri sevkiyat talimat\u0131 verdi. 7 Mart&#8217;a gelindi\u011finde, Cumhurba\u015fkan\u0131 el-\u015earaa, aff\u0131n zaman\u0131 ge\u00e7ti\u011fini belirterek, b\u00f6lgenin &#8220;\u00f6zg\u00fcrle\u015ftirilmesi&#8221; ve &#8220;temizlenmesi&#8221; odaklan\u0131ld\u0131\u011f\u0131n\u0131 ve g\u00fcvenlik g\u00fc\u00e7lerine sivilleri koruma \u00e7a\u011fr\u0131s\u0131nda bulundu. Askeri Operasyonlar Komutanl\u0131\u011f\u0131, &#8220;Nusayri [Aleviler i\u00e7in hakaret olarak kullan\u0131lan bir terim] isyan\u0131n\u0131&#8221; yenmek i\u00e7in yakla\u015f\u0131k yar\u0131m milyon sava\u015f\u00e7\u0131n\u0131n mobilize oldu\u011funu bildirdi. Daha sonra, &#8220;d\u00fczensiz kalabal\u0131klar&#8221; taraf\u0131ndan &#8220;bireysel ihlallerin&#8221; ya\u015fand\u0131\u011f\u0131n\u0131 belirtti.<\/p>\n\n\n\n<p>9 Mart&#8217;ta Cumhurba\u015fkan\u0131 el-\u015earaa, 6 Mart olaylar\u0131n\u0131 ara\u015ft\u0131rmak i\u00e7in ba\u011f\u0131ms\u0131z bir ulusal komite kurulaca\u011f\u0131n\u0131 ve 30 g\u00fcn i\u00e7inde sorumlular\u0131 yarg\u0131ya teslim etmeyi vaat etti. Suriye yetkilileri, komitenin ba\u011f\u0131ms\u0131z ve tarafs\u0131z bir \u015fekilde \u00e7al\u0131\u015fabilmesini sa\u011flamal\u0131d\u0131r.<\/p>\n\n\n\n<p>K\u0131y\u0131 b\u00f6lgesindeki bir\u00e7ok aile, g\u00fcvenlik bask\u0131nlar\u0131 nedeniyle, da\u011f k\u00f6ylerine, Lazkiye \u015fehri yak\u0131nlar\u0131ndaki Rus Hmeymim hava \u00fcss\u00fcne ve L\u00fcbnan&#8217;a s\u0131\u011f\u0131nm\u0131\u015ft\u0131r.<\/p>\n\n\n\n<p>\u0130nsan Haklar\u0131 \u0130zleme \u00d6rg\u00fct\u00fc, Baniyas \u015fehrinden ailesiyle birlikte y\u00fcr\u00fcyerek ka\u00e7an 22 ya\u015f\u0131ndaki bir Alevi t\u0131p \u00f6\u011frencisiyle g\u00f6r\u00fc\u015ft\u00fc. \u00d6\u011frenci, d\u00f6rt akrabas\u0131n\u0131n \u00f6ld\u00fc\u011f\u00fcn\u00fc \u00f6\u011frendikten sonra bu karar\u0131 ald\u0131\u011f\u0131n\u0131 s\u00f6yledi. Aile, bir k\u00f6y\u00fcn kenar\u0131ndaki bir evde bar\u0131nmaya ba\u015flad\u0131klar\u0131n\u0131 belirtti.<\/p>\n\n\n\n<p>&#8220;\u00c7ok a\u00e7\u0131z ve \u00fc\u015f\u00fcyoruz ama \u015fehre geri d\u00f6nmemiz imkans\u0131z,&#8221; dedi. &#8220;Orada g\u00fcvende hissetmiyoruz. Burada da huzur yok, her ses duydu\u011fumuzda da\u011flara ka\u00e7\u0131p saklan\u0131yoruz.&#8221; Ayr\u0131ca, Suriye K\u0131z\u0131l Hilali ve Beyaz Mi\u011fferler ile ileti\u015fime ge\u00e7ti\u011fini ancak kapasite olmad\u0131\u011f\u0131n\u0131 ve &#8220;yetkilileri aramam\u0131z gerekti\u011fini&#8221; s\u00f6ylediklerini belirtti. &#8220;Ama onlara g\u00fcvenmemiz m\u00fcmk\u00fcn de\u011fil. \u015eu anda tek \u00f6nceli\u011fimiz hayatta kalmak ve bunu ba\u015farabilirsek bu \u00fclkeden s\u0131\u011f\u0131nacak bir yer aramak.&#8221;<\/p>\n\n\n\n<p>\u0130nsan Haklar\u0131 \u0130zleme \u00d6rg\u00fct\u00fc, Latakia k\u0131rsal\u0131ndaki el-Mukhtariya k\u00f6y\u00fcnde ger\u00e7ekle\u015fen kitlesel infazlardan birine ait videolar\u0131 inceledi ve en az 32 erke\u011fin cesedini tespit etti.<\/p>\n\n\n\n<p>K\u0131y\u0131 b\u00f6lgesindeki Suriye aktivistleri, g\u00fcvenlik bask\u0131nlar\u0131 s\u0131ras\u0131nda Aral\u0131k ay\u0131ndan itibaren Aleviler ve di\u011ferlerinin korku i\u00e7inde ya\u015fad\u0131klar\u0131n\u0131, bunun yan\u0131 s\u0131ra keyfi i\u015ften \u00e7\u0131karmalar ve eski ordu ve g\u00fcvenlik g\u00fc\u00e7lerinin feshedilmesi nedeniyle ge\u00e7im kaynaklar\u0131n\u0131n kayb\u0131n\u0131n yayg\u0131n oldu\u011funu aktard\u0131.<\/p>\n\n\n\n<p>Aral\u0131k ay\u0131ndan bu yana, \u00e7o\u011funlukla Alevi ve \u015eii topluluklar\u0131na y\u00f6nelik k\u0131\u015fk\u0131rtmalar\u0131n say\u0131s\u0131z \u00f6rne\u011fi bulunmu\u015f, Alevi dini kutsal alanlar\u0131n\u0131n kas\u0131tl\u0131 olarak tahrip edilmesi ve Alevi kar\u015f\u0131t\u0131 bro\u015f\u00fcrlerin topluca da\u011f\u0131t\u0131lmas\u0131 gibi olaylar ya\u015fanm\u0131\u015ft\u0131r. Temizleme operasyonlar\u0131 kapsam\u0131nda, Ocak ay\u0131 ba\u015f\u0131ndan itibaren Alevi \u00e7o\u011funlu\u011fa sahip k\u00f6ylerde yarg\u0131s\u0131z infazlar da dahil olmak \u00fczere ihlaller bildirilmi\u015ftir.<\/p>\n\n\n\n<p>23 Ocak&#8217;ta, g\u00fcvenlik g\u00fc\u00e7leri Fahel k\u00f6y\u00fcnde bir temizleme operasyonu ger\u00e7ekle\u015ftirdi ve en az 58 erkek, eski askeri personel de dahil olmak \u00fczere g\u00f6zalt\u0131na al\u0131nd\u0131. Operasyon sona erdi\u011finde, k\u00f6y\u00fcn kenarlar\u0131nda cesetler bulundu. Daha sonra, 13 eski askeri personel ve iki sivilin \u00f6ld\u00fc\u011f\u00fc do\u011fruland\u0131. Homs medya ofisi, sald\u0131rganlar\u0131n izini s\u00fcr\u00fcp tutukland\u0131\u011f\u0131n\u0131 ancak sorumlulukla ilgili herhangi bir ek bilgi verilmedi\u011fini duyurdu.<\/p>\n\n\n\n<p>Suriye h\u00fck\u00fcmeti, sivillerin ka\u00e7mak isteyenlerin g\u00fcvenli rotalarla ayr\u0131labilmesini ve insani yard\u0131m kurulu\u015flar\u0131n\u0131n uzak k\u00f6ylere s\u0131\u011f\u0131nanlara yiyecek, t\u0131bbi yard\u0131m ve g\u00fcvenli yer de\u011fi\u015ftirme se\u00e7enekleri sunabilmesini sa\u011flamal\u0131d\u0131r, dedi \u0130nsan Haklar\u0131 \u0130zleme \u00d6rg\u00fct\u00fc.<\/p>\n\n\n\n<p>Suriye&#8217;nin k\u0131y\u0131 b\u00f6lgesindeki \u015fiddet, adalet ve hesap verebilirlik ihtiyac\u0131n\u0131 vurgulamaktad\u0131r. \u0130nsan Haklar\u0131 \u0130zleme \u00d6rg\u00fct\u00fc, t\u00fcm taraflar\u0131n, Suriye&#8217;nin yeni g\u00fcvenlik g\u00fc\u00e7leri aras\u0131nda yer alan Hay\u2019et Tahrir al-Sham ve T\u00fcrkiye destekli Suriye Ulusal Ordusu gibi gruplar\u0131n da yer ald\u0131\u011f\u0131 insan haklar\u0131 ihlalleri ve uluslararas\u0131 hukuk ihlalleri ge\u00e7mi\u015finin dikkatlice ele al\u0131nmas\u0131 gerekti\u011fini belirtti.<\/p>\n\n\n\n<p>&#8216;<\/p>\n","protected":false},"excerpt":{"rendered":"<p>Haber: Hasan Sivri Human Rights Watch (\u0130nsan Haklar\u0131 \u0130zleme \u00d6rg\u00fct\u00fc) Suriye sahil kentleri ba\u015fta olmak \u00fczere Alevilere y\u00f6nelik katliamlarda sivil \u00f6l\u00fc say\u0131s\u0131n\u0131n\u0131n 700&#8217;\u00fcn \u00fczerinde oldu\u011funu tahmin ediyor. HRW&#8217;den yap\u0131lan a\u00e7\u0131klamada, HT\u015e y\u00f6netimine katliama son vermeleri ve \u00f6l\u00fcmleri durdurmalar\u0131 y\u00f6n\u00fcnde \u00e7a\u011fr\u0131 yap\u0131ld\u0131. HRW, Banyas \u015fehrinden ailesiyle birlikte y\u00fcr\u00fcyerek ka\u00e7an 22 ya\u015f\u0131ndaki bir Alevi t\u0131p \u00f6\u011frencisiyle de [&hellip;]<\/p>\n","protected":false},"author":1,"featured_media":798,"comment_status":"closed","ping_status":"open","sticky":false,"template":"","format":"standard","meta":{"tdm_status":"","tdm_grid_status":"","footnotes":""},"categories":[8],"tags":[],"class_list":{"0":"post-797","1":"post","2":"type-post","3":"status-publish","4":"format-standard","5":"has-post-thumbnail","7":"category-guncel"},"yoast_head":"<!-- This site is optimized with the Yoast SEO plugin v26.6 - https:\/\/yoast.com\/wordpress\/plugins\/seo\/ -->\n<title>\u0130nsan Haklar\u0131 \u0130zleme \u00d6rg\u00fct\u00fc (HRW): \u00d6l\u00fc say\u0131s\u0131 700&#039;\u00fcn \u00fczerinde - ehlen<\/title>\n<meta name=\"description\" content=\"Human Rights Watch (\u0130nsan Haklar\u0131 \u0130zleme \u00d6rg\u00fct\u00fc) Suriye sahil kentleri ba\u015fta olmak \u00fczere Alevilere y\u00f6nelik katliamlarda sivil \u00f6l\u00fc say\u0131s\u0131n\u0131n\u0131n 700&#039;\u00fcn \u00fczerinde oldu\u011funu tahmin ediyor.\" \/>\n<meta name=\"robots\" content=\"index, follow, max-snippet:-1, max-image-preview:large, max-video-preview:-1\" \/>\n<link rel=\"canonical\" href=\"https:\/\/ehlendergisi.com\/index.php\/2025\/03\/11\/insan-haklari-izleme-orgutu-hrw-olu-sayisi-700un-uzerinde\/\" \/>\n<meta property=\"og:locale\" content=\"tr_TR\" \/>\n<meta property=\"og:type\" content=\"article\" \/>\n<meta property=\"og:title\" content=\"\u0130nsan Haklar\u0131 \u0130zleme \u00d6rg\u00fct\u00fc (HRW): \u00d6l\u00fc say\u0131s\u0131 700&#039;\u00fcn \u00fczerinde - ehlen\" \/>\n<meta property=\"og:description\" content=\"Human Rights Watch (\u0130nsan Haklar\u0131 \u0130zleme \u00d6rg\u00fct\u00fc) Suriye sahil kentleri ba\u015fta olmak \u00fczere Alevilere y\u00f6nelik katliamlarda sivil \u00f6l\u00fc say\u0131s\u0131n\u0131n\u0131n 700&#039;\u00fcn \u00fczerinde oldu\u011funu tahmin ediyor.\" \/>\n<meta property=\"og:url\" content=\"https:\/\/ehlendergisi.com\/index.php\/2025\/03\/11\/insan-haklari-izleme-orgutu-hrw-olu-sayisi-700un-uzerinde\/\" \/>\n<meta property=\"og:site_name\" content=\"ehlen\" \/>\n<meta property=\"article:publisher\" content=\"https:\/\/www.facebook.com\/ehlendergisi\/?locale=tr_TR\" \/>\n<meta property=\"article:published_time\" content=\"2025-03-11T14:03:27+00:00\" \/>\n<meta property=\"article:modified_time\" content=\"2025-03-11T14:08:04+00:00\" \/>\n<meta property=\"og:image\" content=\"https:\/\/ehlendergisi.com\/wp-content\/uploads\/2025\/03\/Gld_8hTXgAA5QfI.jpeg\" \/>\n\t<meta property=\"og:image:width\" content=\"1200\" \/>\n\t<meta property=\"og:image:height\" content=\"800\" \/>\n\t<meta property=\"og:image:type\" content=\"image\/jpeg\" \/>\n<meta name=\"author\" content=\"admin\" \/>\n<meta name=\"twitter:card\" content=\"summary_large_image\" \/>\n<meta name=\"twitter:creator\" content=\"@yenidenehlen\" \/>\n<meta name=\"twitter:site\" content=\"@yenidenehlen\" \/>\n<meta name=\"twitter:label1\" content=\"Yazan:\" \/>\n\t<meta name=\"twitter:data1\" content=\"admin\" \/>\n\t<meta name=\"twitter:label2\" content=\"Tahmini okuma s\u00fcresi\" \/>\n\t<meta name=\"twitter:data2\" content=\"1 dakika\" \/>\n<script type=\"application\/ld+json\" class=\"yoast-schema-graph\">{\"@context\":\"https:\/\/schema.org\",\"@graph\":[{\"@type\":\"Article\",\"@id\":\"https:\/\/ehlendergisi.com\/index.php\/2025\/03\/11\/insan-haklari-izleme-orgutu-hrw-olu-sayisi-700un-uzerinde\/#article\",\"isPartOf\":{\"@id\":\"https:\/\/ehlendergisi.com\/index.php\/2025\/03\/11\/insan-haklari-izleme-orgutu-hrw-olu-sayisi-700un-uzerinde\/\"},\"author\":{\"name\":\"admin\",\"@id\":\"http:\/\/ehlendergisi.com\/#\/schema\/person\/de94365e0837ae704e10d1723547402a\"},\"headline\":\"\u0130nsan Haklar\u0131 \u0130zleme \u00d6rg\u00fct\u00fc (HRW): \u00d6l\u00fc say\u0131s\u0131 700&#8217;\u00fcn \u00fczerinde\",\"datePublished\":\"2025-03-11T14:03:27+00:00\",\"dateModified\":\"2025-03-11T14:08:04+00:00\",\"mainEntityOfPage\":{\"@id\":\"https:\/\/ehlendergisi.com\/index.php\/2025\/03\/11\/insan-haklari-izleme-orgutu-hrw-olu-sayisi-700un-uzerinde\/\"},\"wordCount\":1411,\"publisher\":{\"@id\":\"http:\/\/ehlendergisi.com\/#organization\"},\"image\":{\"@id\":\"https:\/\/ehlendergisi.com\/index.php\/2025\/03\/11\/insan-haklari-izleme-orgutu-hrw-olu-sayisi-700un-uzerinde\/#primaryimage\"},\"thumbnailUrl\":\"https:\/\/ehlendergisi.com\/wp-content\/uploads\/2025\/03\/Gld_8hTXgAA5QfI.jpeg\",\"articleSection\":[\"G\u00fcncel\"],\"inLanguage\":\"tr\"},{\"@type\":\"WebPage\",\"@id\":\"https:\/\/ehlendergisi.com\/index.php\/2025\/03\/11\/insan-haklari-izleme-orgutu-hrw-olu-sayisi-700un-uzerinde\/\",\"url\":\"https:\/\/ehlendergisi.com\/index.php\/2025\/03\/11\/insan-haklari-izleme-orgutu-hrw-olu-sayisi-700un-uzerinde\/\",\"name\":\"\u0130nsan Haklar\u0131 \u0130zleme \u00d6rg\u00fct\u00fc (HRW): \u00d6l\u00fc say\u0131s\u0131 700'\u00fcn \u00fczerinde - ehlen\",\"isPartOf\":{\"@id\":\"http:\/\/ehlendergisi.com\/#website\"},\"primaryImageOfPage\":{\"@id\":\"https:\/\/ehlendergisi.com\/index.php\/2025\/03\/11\/insan-haklari-izleme-orgutu-hrw-olu-sayisi-700un-uzerinde\/#primaryimage\"},\"image\":{\"@id\":\"https:\/\/ehlendergisi.com\/index.php\/2025\/03\/11\/insan-haklari-izleme-orgutu-hrw-olu-sayisi-700un-uzerinde\/#primaryimage\"},\"thumbnailUrl\":\"https:\/\/ehlendergisi.com\/wp-content\/uploads\/2025\/03\/Gld_8hTXgAA5QfI.jpeg\",\"datePublished\":\"2025-03-11T14:03:27+00:00\",\"dateModified\":\"2025-03-11T14:08:04+00:00\",\"description\":\"Human Rights Watch (\u0130nsan Haklar\u0131 \u0130zleme \u00d6rg\u00fct\u00fc) Suriye sahil kentleri ba\u015fta olmak \u00fczere Alevilere y\u00f6nelik katliamlarda sivil \u00f6l\u00fc say\u0131s\u0131n\u0131n\u0131n 700'\u00fcn \u00fczerinde oldu\u011funu tahmin ediyor.\",\"breadcrumb\":{\"@id\":\"https:\/\/ehlendergisi.com\/index.php\/2025\/03\/11\/insan-haklari-izleme-orgutu-hrw-olu-sayisi-700un-uzerinde\/#breadcrumb\"},\"inLanguage\":\"tr\",\"potentialAction\":[{\"@type\":\"ReadAction\",\"target\":[\"https:\/\/ehlendergisi.com\/index.php\/2025\/03\/11\/insan-haklari-izleme-orgutu-hrw-olu-sayisi-700un-uzerinde\/\"]}]},{\"@type\":\"ImageObject\",\"inLanguage\":\"tr\",\"@id\":\"https:\/\/ehlendergisi.com\/index.php\/2025\/03\/11\/insan-haklari-izleme-orgutu-hrw-olu-sayisi-700un-uzerinde\/#primaryimage\",\"url\":\"https:\/\/ehlendergisi.com\/wp-content\/uploads\/2025\/03\/Gld_8hTXgAA5QfI.jpeg\",\"contentUrl\":\"https:\/\/ehlendergisi.com\/wp-content\/uploads\/2025\/03\/Gld_8hTXgAA5QfI.jpeg\",\"width\":1200,\"height\":800,\"caption\":\"Rus askeri \u00fcss\u00fcne s\u0131\u011f\u0131nan siviller\"},{\"@type\":\"BreadcrumbList\",\"@id\":\"https:\/\/ehlendergisi.com\/index.php\/2025\/03\/11\/insan-haklari-izleme-orgutu-hrw-olu-sayisi-700un-uzerinde\/#breadcrumb\",\"itemListElement\":[{\"@type\":\"ListItem\",\"position\":1,\"name\":\"Anasayfa\",\"item\":\"http:\/\/ehlendergisi.com\/\"},{\"@type\":\"ListItem\",\"position\":2,\"name\":\"\u0130nsan Haklar\u0131 \u0130zleme \u00d6rg\u00fct\u00fc (HRW): \u00d6l\u00fc say\u0131s\u0131 700&#8217;\u00fcn \u00fczerinde\"}]},{\"@type\":\"WebSite\",\"@id\":\"http:\/\/ehlendergisi.com\/#website\",\"url\":\"http:\/\/ehlendergisi.com\/\",\"name\":\"ehlen\",\"description\":\"k\u00fclt\u00fcr, sanat, siyaset dergisi\",\"publisher\":{\"@id\":\"http:\/\/ehlendergisi.com\/#organization\"},\"potentialAction\":[{\"@type\":\"SearchAction\",\"target\":{\"@type\":\"EntryPoint\",\"urlTemplate\":\"http:\/\/ehlendergisi.com\/?s={search_term_string}\"},\"query-input\":{\"@type\":\"PropertyValueSpecification\",\"valueRequired\":true,\"valueName\":\"search_term_string\"}}],\"inLanguage\":\"tr\"},{\"@type\":\"Organization\",\"@id\":\"http:\/\/ehlendergisi.com\/#organization\",\"name\":\"ehlen\",\"url\":\"http:\/\/ehlendergisi.com\/\",\"logo\":{\"@type\":\"ImageObject\",\"inLanguage\":\"tr\",\"@id\":\"http:\/\/ehlendergisi.com\/#\/schema\/logo\/image\/\",\"url\":\"https:\/\/ehlendergisi.com\/wp-content\/uploads\/2023\/06\/IMG_9500404081E2-1-2.jpeg\",\"contentUrl\":\"https:\/\/ehlendergisi.com\/wp-content\/uploads\/2023\/06\/IMG_9500404081E2-1-2.jpeg\",\"width\":2560,\"height\":1341,\"caption\":\"ehlen\"},\"image\":{\"@id\":\"http:\/\/ehlendergisi.com\/#\/schema\/logo\/image\/\"},\"sameAs\":[\"https:\/\/www.facebook.com\/ehlendergisi\/?locale=tr_TR\",\"https:\/\/x.com\/yenidenehlen\"]},{\"@type\":\"Person\",\"@id\":\"http:\/\/ehlendergisi.com\/#\/schema\/person\/de94365e0837ae704e10d1723547402a\",\"name\":\"admin\",\"image\":{\"@type\":\"ImageObject\",\"inLanguage\":\"tr\",\"@id\":\"http:\/\/ehlendergisi.com\/#\/schema\/person\/image\/\",\"url\":\"https:\/\/secure.gravatar.com\/avatar\/4e3d1b4ba20db56c5c7cda805db9aa90e8ae36f8cd48a7e189f21124a32188a7?s=96&d=mm&r=g\",\"contentUrl\":\"https:\/\/secure.gravatar.com\/avatar\/4e3d1b4ba20db56c5c7cda805db9aa90e8ae36f8cd48a7e189f21124a32188a7?s=96&d=mm&r=g\",\"caption\":\"admin\"},\"sameAs\":[\"http:\/\/ehlendergisi.com\"],\"url\":\"https:\/\/ehlendergisi.com\/index.php\/author\/admin\/\"}]}<\/script>\n<!-- \/ Yoast SEO plugin. -->","yoast_head_json":{"title":"\u0130nsan Haklar\u0131 \u0130zleme \u00d6rg\u00fct\u00fc (HRW): \u00d6l\u00fc say\u0131s\u0131 700'\u00fcn \u00fczerinde - ehlen","description":"Human Rights Watch (\u0130nsan Haklar\u0131 \u0130zleme \u00d6rg\u00fct\u00fc) Suriye sahil kentleri ba\u015fta olmak \u00fczere Alevilere y\u00f6nelik katliamlarda sivil \u00f6l\u00fc say\u0131s\u0131n\u0131n\u0131n 700'\u00fcn \u00fczerinde oldu\u011funu tahmin ediyor.","robots":{"index":"index","follow":"follow","max-snippet":"max-snippet:-1","max-image-preview":"max-image-preview:large","max-video-preview":"max-video-preview:-1"},"canonical":"https:\/\/ehlendergisi.com\/index.php\/2025\/03\/11\/insan-haklari-izleme-orgutu-hrw-olu-sayisi-700un-uzerinde\/","og_locale":"tr_TR","og_type":"article","og_title":"\u0130nsan Haklar\u0131 \u0130zleme \u00d6rg\u00fct\u00fc (HRW): \u00d6l\u00fc say\u0131s\u0131 700'\u00fcn \u00fczerinde - ehlen","og_description":"Human Rights Watch (\u0130nsan Haklar\u0131 \u0130zleme \u00d6rg\u00fct\u00fc) Suriye sahil kentleri ba\u015fta olmak \u00fczere Alevilere y\u00f6nelik katliamlarda sivil \u00f6l\u00fc say\u0131s\u0131n\u0131n\u0131n 700'\u00fcn \u00fczerinde oldu\u011funu tahmin ediyor.","og_url":"https:\/\/ehlendergisi.com\/index.php\/2025\/03\/11\/insan-haklari-izleme-orgutu-hrw-olu-sayisi-700un-uzerinde\/","og_site_name":"ehlen","article_publisher":"https:\/\/www.facebook.com\/ehlendergisi\/?locale=tr_TR","article_published_time":"2025-03-11T14:03:27+00:00","article_modified_time":"2025-03-11T14:08:04+00:00","og_image":[{"width":1200,"height":800,"url":"https:\/\/ehlendergisi.com\/wp-content\/uploads\/2025\/03\/Gld_8hTXgAA5QfI.jpeg","type":"image\/jpeg"}],"author":"admin","twitter_card":"summary_large_image","twitter_creator":"@yenidenehlen","twitter_site":"@yenidenehlen","twitter_misc":{"Yazan:":"admin","Tahmini okuma s\u00fcresi":"1 dakika"},"schema":{"@context":"https:\/\/schema.org","@graph":[{"@type":"Article","@id":"https:\/\/ehlendergisi.com\/index.php\/2025\/03\/11\/insan-haklari-izleme-orgutu-hrw-olu-sayisi-700un-uzerinde\/#article","isPartOf":{"@id":"https:\/\/ehlendergisi.com\/index.php\/2025\/03\/11\/insan-haklari-izleme-orgutu-hrw-olu-sayisi-700un-uzerinde\/"},"author":{"name":"admin","@id":"http:\/\/ehlendergisi.com\/#\/schema\/person\/de94365e0837ae704e10d1723547402a"},"headline":"\u0130nsan Haklar\u0131 \u0130zleme \u00d6rg\u00fct\u00fc (HRW): \u00d6l\u00fc say\u0131s\u0131 700&#8217;\u00fcn \u00fczerinde","datePublished":"2025-03-11T14:03:27+00:00","dateModified":"2025-03-11T14:08:04+00:00","mainEntityOfPage":{"@id":"https:\/\/ehlendergisi.com\/index.php\/2025\/03\/11\/insan-haklari-izleme-orgutu-hrw-olu-sayisi-700un-uzerinde\/"},"wordCount":1411,"publisher":{"@id":"http:\/\/ehlendergisi.com\/#organization"},"image":{"@id":"https:\/\/ehlendergisi.com\/index.php\/2025\/03\/11\/insan-haklari-izleme-orgutu-hrw-olu-sayisi-700un-uzerinde\/#primaryimage"},"thumbnailUrl":"https:\/\/ehlendergisi.com\/wp-content\/uploads\/2025\/03\/Gld_8hTXgAA5QfI.jpeg","articleSection":["G\u00fcncel"],"inLanguage":"tr"},{"@type":"WebPage","@id":"https:\/\/ehlendergisi.com\/index.php\/2025\/03\/11\/insan-haklari-izleme-orgutu-hrw-olu-sayisi-700un-uzerinde\/","url":"https:\/\/ehlendergisi.com\/index.php\/2025\/03\/11\/insan-haklari-izleme-orgutu-hrw-olu-sayisi-700un-uzerinde\/","name":"\u0130nsan Haklar\u0131 \u0130zleme \u00d6rg\u00fct\u00fc (HRW): \u00d6l\u00fc say\u0131s\u0131 700'\u00fcn \u00fczerinde - ehlen","isPartOf":{"@id":"http:\/\/ehlendergisi.com\/#website"},"primaryImageOfPage":{"@id":"https:\/\/ehlendergisi.com\/index.php\/2025\/03\/11\/insan-haklari-izleme-orgutu-hrw-olu-sayisi-700un-uzerinde\/#primaryimage"},"image":{"@id":"https:\/\/ehlendergisi.com\/index.php\/2025\/03\/11\/insan-haklari-izleme-orgutu-hrw-olu-sayisi-700un-uzerinde\/#primaryimage"},"thumbnailUrl":"https:\/\/ehlendergisi.com\/wp-content\/uploads\/2025\/03\/Gld_8hTXgAA5QfI.jpeg","datePublished":"2025-03-11T14:03:27+00:00","dateModified":"2025-03-11T14:08:04+00:00","description":"Human Rights Watch (\u0130nsan Haklar\u0131 \u0130zleme \u00d6rg\u00fct\u00fc) Suriye sahil kentleri ba\u015fta olmak \u00fczere Alevilere y\u00f6nelik katliamlarda sivil \u00f6l\u00fc say\u0131s\u0131n\u0131n\u0131n 700'\u00fcn \u00fczerinde oldu\u011funu tahmin ediyor.","breadcrumb":{"@id":"https:\/\/ehlendergisi.com\/index.php\/2025\/03\/11\/insan-haklari-izleme-orgutu-hrw-olu-sayisi-700un-uzerinde\/#breadcrumb"},"inLanguage":"tr","potentialAction":[{"@type":"ReadAction","target":["https:\/\/ehlendergisi.com\/index.php\/2025\/03\/11\/insan-haklari-izleme-orgutu-hrw-olu-sayisi-700un-uzerinde\/"]}]},{"@type":"ImageObject","inLanguage":"tr","@id":"https:\/\/ehlendergisi.com\/index.php\/2025\/03\/11\/insan-haklari-izleme-orgutu-hrw-olu-sayisi-700un-uzerinde\/#primaryimage","url":"https:\/\/ehlendergisi.com\/wp-content\/uploads\/2025\/03\/Gld_8hTXgAA5QfI.jpeg","contentUrl":"https:\/\/ehlendergisi.com\/wp-content\/uploads\/2025\/03\/Gld_8hTXgAA5QfI.jpeg","width":1200,"height":800,"caption":"Rus askeri \u00fcss\u00fcne s\u0131\u011f\u0131nan siviller"},{"@type":"BreadcrumbList","@id":"https:\/\/ehlendergisi.com\/index.php\/2025\/03\/11\/insan-haklari-izleme-orgutu-hrw-olu-sayisi-700un-uzerinde\/#breadcrumb","itemListElement":[{"@type":"ListItem","position":1,"name":"Anasayfa","item":"http:\/\/ehlendergisi.com\/"},{"@type":"ListItem","position":2,"name":"\u0130nsan Haklar\u0131 \u0130zleme \u00d6rg\u00fct\u00fc (HRW): \u00d6l\u00fc say\u0131s\u0131 700&#8217;\u00fcn \u00fczerinde"}]},{"@type":"WebSite","@id":"http:\/\/ehlendergisi.com\/#website","url":"http:\/\/ehlendergisi.com\/","name":"ehlen","description":"k\u00fclt\u00fcr, sanat, siyaset dergisi","publisher":{"@id":"http:\/\/ehlendergisi.com\/#organization"},"potentialAction":[{"@type":"SearchAction","target":{"@type":"EntryPoint","urlTemplate":"http:\/\/ehlendergisi.com\/?s={search_term_string}"},"query-input":{"@type":"PropertyValueSpecification","valueRequired":true,"valueName":"search_term_string"}}],"inLanguage":"tr"},{"@type":"Organization","@id":"http:\/\/ehlendergisi.com\/#organization","name":"ehlen","url":"http:\/\/ehlendergisi.com\/","logo":{"@type":"ImageObject","inLanguage":"tr","@id":"http:\/\/ehlendergisi.com\/#\/schema\/logo\/image\/","url":"https:\/\/ehlendergisi.com\/wp-content\/uploads\/2023\/06\/IMG_9500404081E2-1-2.jpeg","contentUrl":"https:\/\/ehlendergisi.com\/wp-content\/uploads\/2023\/06\/IMG_9500404081E2-1-2.jpeg","width":2560,"height":1341,"caption":"ehlen"},"image":{"@id":"http:\/\/ehlendergisi.com\/#\/schema\/logo\/image\/"},"sameAs":["https:\/\/www.facebook.com\/ehlendergisi\/?locale=tr_TR","https:\/\/x.com\/yenidenehlen"]},{"@type":"Person","@id":"http:\/\/ehlendergisi.com\/#\/schema\/person\/de94365e0837ae704e10d1723547402a","name":"admin","image":{"@type":"ImageObject","inLanguage":"tr","@id":"http:\/\/ehlendergisi.com\/#\/schema\/person\/image\/","url":"https:\/\/secure.gravatar.com\/avatar\/4e3d1b4ba20db56c5c7cda805db9aa90e8ae36f8cd48a7e189f21124a32188a7?s=96&d=mm&r=g","contentUrl":"https:\/\/secure.gravatar.com\/avatar\/4e3d1b4ba20db56c5c7cda805db9aa90e8ae36f8cd48a7e189f21124a32188a7?s=96&d=mm&r=g","caption":"admin"},"sameAs":["http:\/\/ehlendergisi.com"],"url":"https:\/\/ehlendergisi.com\/index.php\/author\/admin\/"}]}},"amp_enabled":true,"_links":{"self":[{"href":"https:\/\/ehlendergisi.com\/index.php\/wp-json\/wp\/v2\/posts\/797","targetHints":{"allow":["GET"]}}],"collection":[{"href":"https:\/\/ehlendergisi.com\/index.php\/wp-json\/wp\/v2\/posts"}],"about":[{"href":"https:\/\/ehlendergisi.com\/index.php\/wp-json\/wp\/v2\/types\/post"}],"author":[{"embeddable":true,"href":"https:\/\/ehlendergisi.com\/index.php\/wp-json\/wp\/v2\/users\/1"}],"replies":[{"embeddable":true,"href":"https:\/\/ehlendergisi.com\/index.php\/wp-json\/wp\/v2\/comments?post=797"}],"version-history":[{"count":2,"href":"https:\/\/ehlendergisi.com\/index.php\/wp-json\/wp\/v2\/posts\/797\/revisions"}],"predecessor-version":[{"id":800,"href":"https:\/\/ehlendergisi.com\/index.php\/wp-json\/wp\/v2\/posts\/797\/revisions\/800"}],"wp:featuredmedia":[{"embeddable":true,"href":"https:\/\/ehlendergisi.com\/index.php\/wp-json\/wp\/v2\/media\/798"}],"wp:attachment":[{"href":"https:\/\/ehlendergisi.com\/index.php\/wp-json\/wp\/v2\/media?parent=797"}],"wp:term":[{"taxonomy":"category","embeddable":true,"href":"https:\/\/ehlendergisi.com\/index.php\/wp-json\/wp\/v2\/categories?post=797"},{"taxonomy":"post_tag","embeddable":true,"href":"https:\/\/ehlendergisi.com\/index.php\/wp-json\/wp\/v2\/tags?post=797"}],"curies":[{"name":"wp","href":"https:\/\/api.w.org\/{rel}","templated":true}]}}