{"id":818,"date":"2025-03-14T09:48:17","date_gmt":"2025-03-14T09:48:17","guid":{"rendered":"https:\/\/ehlendergisi.com\/?p=818"},"modified":"2025-03-14T09:48:18","modified_gmt":"2025-03-14T09:48:18","slug":"kitap-tanitimi-aleviler-ve-cumhuriyet","status":"publish","type":"post","link":"https:\/\/ehlendergisi.com\/index.php\/2025\/03\/14\/kitap-tanitimi-aleviler-ve-cumhuriyet\/","title":{"rendered":"Kitap tan\u0131t\u0131m\u0131: Aleviler ve Cumhuriyet"},"content":{"rendered":"\n<p>Bir yanda: Cumhuriyet\u2019in S\u00fcnni kalbinde herkesin ili\u011fini kemi\u011fini s\u00f6m\u00fcr\u00fcrken ma\u011fduriyet g\u00f6zya\u015flar\u0131 d\u00f6k\u00fcp Cumhuriyet\u2019i K\u0131z\u0131lba\u015fl\u0131kla su\u00e7layanlar; Alevileri \u201ccellad\u0131na a\u015f\u0131k\u201d diye i\u015faretleyenler; \u201cCumhuriyet elden gidiyor\u201d diye alavere dalavere Alevileri Cumhuriyet n\u00f6betine ko\u015fanlar; kendi mahallesindeki camiyi g\u00f6rmeyip Alevinin Dede\u2019sine tav\u015fan eti satmaya \u00e7al\u0131\u015fan ya da \u201cbunlar yeni modalar\u201d diyerek b\u00fcy\u00fck k\u00f6rl\u00fc\u011fe alk\u0131\u015f tutmaya devam eden Cumhuriyet\u2019in \u201chas yurtta\u015flar\u0131&#8230;\u201d<\/p>\n\n\n\n<p>Bir yanda: Yeri geldi mi \u201celin Arab\u0131na bula\u015fmam\u0131\u015f saf M\u00fcsl\u00fcman\u201d, yeri geldi mi \u201cArap Alevi sap\u0131k\u201d; yeri geldi mi \u201cdinden habersiz, cahil, putlara tapan\u201d; yeri geldi mi \u201c\u00f6z be \u00f6z T\u00fcrk\u201d; yeri geldi mi \u201cK\u0131z\u0131lba\u015f de\u011fil mi? Mum s\u00f6nd\u00fc, ensest\u2026\u201d; yani Cumhuriyet\u2019in temiz ulusunun ruhunu kirletenler, hastal\u0131k ta\u015f\u0131y\u0131c\u0131lar\u0131, rehabilite edilmesi gerekenler, nihayet s\u00f6m\u00fcrgecilikle mal\u00fcl antropolojik bir nesne olarak Alevileriyle Cumhuriyet\u2019in ta kendisi\u2026.<\/p>\n\n\n\n<p>Elinizdeki kitap y\u00fczy\u0131ll\u0131k Cumhuriyet\u2019le Alevilerin gerilimli dengesinin izlerini s\u00fcr\u00fcyor. Gerilimli \u00e7\u00fcnk\u00fc Cumhuriyet\u2019in y\u00fcz y\u0131ll\u0131k tarihi Alevilerin teo-politik varl\u0131\u011f\u0131n\u0131 inkar\u0131n; kanl\u0131 \u00e7\u00fcnk\u00fc Cumhuriyet\u2019in Sel\u00e7uklu\u2019dan s\u00fcr\u00fcp gelen miras\u0131 sahiplenmesiyle Ko\u00e7giri\u2019den Dersim\u2019e, Mara\u015f\u2019a, \u00c7orum\u2019a, Sivas\u2019a, Gazi\u2019ye, o g\u00fcnden bug\u00fcne varan zulm\u00fcn, ayr\u0131mc\u0131l\u0131\u011f\u0131n, imhan\u0131n tarihidir. \u0130\u015fte kitap bu izlekler \u00fczerinden yeni bir yan\u0131t arayanlar i\u00e7in soruyor: Yeni bir denge mi, yeni bir Cumhuriyet mi?<\/p>\n\n\n\n<p>KATKIDA BULUNANLAR: Ahmet Kerim G\u00fcltekin, Ayhan Yal\u00e7\u0131nkaya, Cem Kara, Cemal Salman, \u00c7i\u011fdem Boz, Deniz Yonucu, Evrim Can \u0130flazo\u011flu, Hakan Mertcan, H\u00fcseyin K\u0131rm\u0131z\u0131, \u0130hsan Kolua\u00e7\u0131k, \u0130lkay Kara, \u0130lbey C. N. \u00d6zdemirci, Mehmet Ertan, Mehmet Kendirci, Mehtap Tosun, Orhan Gazi Ertekin, Ozan \u00c7avdar, Reha \u00c7amuro\u011flu, Sefa Feza Aslan, \u00dcmit \u00c7etin<\/p>\n","protected":false},"excerpt":{"rendered":"<p>Bir yanda: Cumhuriyet\u2019in S\u00fcnni kalbinde herkesin ili\u011fini kemi\u011fini s\u00f6m\u00fcr\u00fcrken ma\u011fduriyet g\u00f6zya\u015flar\u0131 d\u00f6k\u00fcp Cumhuriyet\u2019i K\u0131z\u0131lba\u015fl\u0131kla su\u00e7layanlar; Alevileri \u201ccellad\u0131na a\u015f\u0131k\u201d diye i\u015faretleyenler; \u201cCumhuriyet elden gidiyor\u201d diye alavere dalavere Alevileri Cumhuriyet n\u00f6betine ko\u015fanlar; kendi mahallesindeki camiyi g\u00f6rmeyip Alevinin Dede\u2019sine tav\u015fan eti satmaya \u00e7al\u0131\u015fan ya da \u201cbunlar yeni modalar\u201d diyerek b\u00fcy\u00fck k\u00f6rl\u00fc\u011fe alk\u0131\u015f tutmaya devam eden Cumhuriyet\u2019in \u201chas yurtta\u015flar\u0131&#8230;\u201d [&hellip;]<\/p>\n","protected":false},"author":1,"featured_media":819,"comment_status":"closed","ping_status":"open","sticky":false,"template":"","format":"standard","meta":{"tdm_status":"","tdm_grid_status":"","footnotes":""},"categories":[6],"tags":[],"class_list":{"0":"post-818","1":"post","2":"type-post","3":"status-publish","4":"format-standard","5":"has-post-thumbnail","7":"category-kultur"},"yoast_head":"<!-- This site is optimized with the Yoast SEO plugin v26.6 - https:\/\/yoast.com\/wordpress\/plugins\/seo\/ -->\n<title>Kitap tan\u0131t\u0131m\u0131: Aleviler ve Cumhuriyet - ehlen<\/title>\n<meta name=\"robots\" content=\"index, follow, max-snippet:-1, max-image-preview:large, max-video-preview:-1\" \/>\n<link rel=\"canonical\" href=\"https:\/\/ehlendergisi.com\/index.php\/2025\/03\/14\/kitap-tanitimi-aleviler-ve-cumhuriyet\/\" \/>\n<meta property=\"og:locale\" content=\"tr_TR\" \/>\n<meta property=\"og:type\" content=\"article\" \/>\n<meta property=\"og:title\" content=\"Kitap tan\u0131t\u0131m\u0131: Aleviler ve Cumhuriyet - ehlen\" \/>\n<meta property=\"og:description\" content=\"Bir yanda: Cumhuriyet\u2019in S\u00fcnni kalbinde herkesin ili\u011fini kemi\u011fini s\u00f6m\u00fcr\u00fcrken ma\u011fduriyet g\u00f6zya\u015flar\u0131 d\u00f6k\u00fcp Cumhuriyet\u2019i K\u0131z\u0131lba\u015fl\u0131kla su\u00e7layanlar; Alevileri \u201ccellad\u0131na a\u015f\u0131k\u201d diye i\u015faretleyenler; \u201cCumhuriyet elden gidiyor\u201d diye alavere dalavere Alevileri Cumhuriyet n\u00f6betine ko\u015fanlar; kendi mahallesindeki camiyi g\u00f6rmeyip Alevinin Dede\u2019sine tav\u015fan eti satmaya \u00e7al\u0131\u015fan ya da \u201cbunlar yeni modalar\u201d diyerek b\u00fcy\u00fck k\u00f6rl\u00fc\u011fe alk\u0131\u015f tutmaya devam eden Cumhuriyet\u2019in \u201chas yurtta\u015flar\u0131&#8230;\u201d [&hellip;]\" \/>\n<meta property=\"og:url\" content=\"https:\/\/ehlendergisi.com\/index.php\/2025\/03\/14\/kitap-tanitimi-aleviler-ve-cumhuriyet\/\" \/>\n<meta property=\"og:site_name\" content=\"ehlen\" \/>\n<meta property=\"article:publisher\" content=\"https:\/\/www.facebook.com\/ehlendergisi\/?locale=tr_TR\" \/>\n<meta property=\"article:published_time\" content=\"2025-03-14T09:48:17+00:00\" \/>\n<meta property=\"article:modified_time\" content=\"2025-03-14T09:48:18+00:00\" \/>\n<meta property=\"og:image\" content=\"https:\/\/ehlendergisi.com\/wp-content\/uploads\/2025\/03\/IMG_8532.jpeg\" \/>\n\t<meta property=\"og:image:width\" content=\"500\" \/>\n\t<meta property=\"og:image:height\" content=\"750\" \/>\n\t<meta property=\"og:image:type\" content=\"image\/jpeg\" \/>\n<meta name=\"author\" content=\"admin\" \/>\n<meta name=\"twitter:card\" content=\"summary_large_image\" \/>\n<meta name=\"twitter:creator\" content=\"@yenidenehlen\" \/>\n<meta name=\"twitter:site\" content=\"@yenidenehlen\" \/>\n<meta name=\"twitter:label1\" content=\"Yazan:\" \/>\n\t<meta name=\"twitter:data1\" content=\"admin\" \/>\n\t<meta name=\"twitter:label2\" content=\"Tahmini okuma s\u00fcresi\" \/>\n\t<meta name=\"twitter:data2\" content=\"2 dakika\" \/>\n<script type=\"application\/ld+json\" class=\"yoast-schema-graph\">{\"@context\":\"https:\/\/schema.org\",\"@graph\":[{\"@type\":\"Article\",\"@id\":\"https:\/\/ehlendergisi.com\/index.php\/2025\/03\/14\/kitap-tanitimi-aleviler-ve-cumhuriyet\/#article\",\"isPartOf\":{\"@id\":\"https:\/\/ehlendergisi.com\/index.php\/2025\/03\/14\/kitap-tanitimi-aleviler-ve-cumhuriyet\/\"},\"author\":{\"name\":\"admin\",\"@id\":\"http:\/\/ehlendergisi.com\/#\/schema\/person\/de94365e0837ae704e10d1723547402a\"},\"headline\":\"Kitap tan\u0131t\u0131m\u0131: Aleviler ve Cumhuriyet\",\"datePublished\":\"2025-03-14T09:48:17+00:00\",\"dateModified\":\"2025-03-14T09:48:18+00:00\",\"mainEntityOfPage\":{\"@id\":\"https:\/\/ehlendergisi.com\/index.php\/2025\/03\/14\/kitap-tanitimi-aleviler-ve-cumhuriyet\/\"},\"wordCount\":326,\"publisher\":{\"@id\":\"http:\/\/ehlendergisi.com\/#organization\"},\"image\":{\"@id\":\"https:\/\/ehlendergisi.com\/index.php\/2025\/03\/14\/kitap-tanitimi-aleviler-ve-cumhuriyet\/#primaryimage\"},\"thumbnailUrl\":\"https:\/\/ehlendergisi.com\/wp-content\/uploads\/2025\/03\/IMG_8532.jpeg\",\"articleSection\":[\"K\u00fclt\u00fcr\"],\"inLanguage\":\"tr\"},{\"@type\":\"WebPage\",\"@id\":\"https:\/\/ehlendergisi.com\/index.php\/2025\/03\/14\/kitap-tanitimi-aleviler-ve-cumhuriyet\/\",\"url\":\"https:\/\/ehlendergisi.com\/index.php\/2025\/03\/14\/kitap-tanitimi-aleviler-ve-cumhuriyet\/\",\"name\":\"Kitap tan\u0131t\u0131m\u0131: Aleviler ve Cumhuriyet - ehlen\",\"isPartOf\":{\"@id\":\"http:\/\/ehlendergisi.com\/#website\"},\"primaryImageOfPage\":{\"@id\":\"https:\/\/ehlendergisi.com\/index.php\/2025\/03\/14\/kitap-tanitimi-aleviler-ve-cumhuriyet\/#primaryimage\"},\"image\":{\"@id\":\"https:\/\/ehlendergisi.com\/index.php\/2025\/03\/14\/kitap-tanitimi-aleviler-ve-cumhuriyet\/#primaryimage\"},\"thumbnailUrl\":\"https:\/\/ehlendergisi.com\/wp-content\/uploads\/2025\/03\/IMG_8532.jpeg\",\"datePublished\":\"2025-03-14T09:48:17+00:00\",\"dateModified\":\"2025-03-14T09:48:18+00:00\",\"breadcrumb\":{\"@id\":\"https:\/\/ehlendergisi.com\/index.php\/2025\/03\/14\/kitap-tanitimi-aleviler-ve-cumhuriyet\/#breadcrumb\"},\"inLanguage\":\"tr\",\"potentialAction\":[{\"@type\":\"ReadAction\",\"target\":[\"https:\/\/ehlendergisi.com\/index.php\/2025\/03\/14\/kitap-tanitimi-aleviler-ve-cumhuriyet\/\"]}]},{\"@type\":\"ImageObject\",\"inLanguage\":\"tr\",\"@id\":\"https:\/\/ehlendergisi.com\/index.php\/2025\/03\/14\/kitap-tanitimi-aleviler-ve-cumhuriyet\/#primaryimage\",\"url\":\"https:\/\/ehlendergisi.com\/wp-content\/uploads\/2025\/03\/IMG_8532.jpeg\",\"contentUrl\":\"https:\/\/ehlendergisi.com\/wp-content\/uploads\/2025\/03\/IMG_8532.jpeg\",\"width\":500,\"height\":750},{\"@type\":\"BreadcrumbList\",\"@id\":\"https:\/\/ehlendergisi.com\/index.php\/2025\/03\/14\/kitap-tanitimi-aleviler-ve-cumhuriyet\/#breadcrumb\",\"itemListElement\":[{\"@type\":\"ListItem\",\"position\":1,\"name\":\"Anasayfa\",\"item\":\"http:\/\/ehlendergisi.com\/\"},{\"@type\":\"ListItem\",\"position\":2,\"name\":\"Kitap tan\u0131t\u0131m\u0131: Aleviler ve Cumhuriyet\"}]},{\"@type\":\"WebSite\",\"@id\":\"http:\/\/ehlendergisi.com\/#website\",\"url\":\"http:\/\/ehlendergisi.com\/\",\"name\":\"ehlen\",\"description\":\"k\u00fclt\u00fcr, sanat, siyaset dergisi\",\"publisher\":{\"@id\":\"http:\/\/ehlendergisi.com\/#organization\"},\"potentialAction\":[{\"@type\":\"SearchAction\",\"target\":{\"@type\":\"EntryPoint\",\"urlTemplate\":\"http:\/\/ehlendergisi.com\/?s={search_term_string}\"},\"query-input\":{\"@type\":\"PropertyValueSpecification\",\"valueRequired\":true,\"valueName\":\"search_term_string\"}}],\"inLanguage\":\"tr\"},{\"@type\":\"Organization\",\"@id\":\"http:\/\/ehlendergisi.com\/#organization\",\"name\":\"ehlen\",\"url\":\"http:\/\/ehlendergisi.com\/\",\"logo\":{\"@type\":\"ImageObject\",\"inLanguage\":\"tr\",\"@id\":\"http:\/\/ehlendergisi.com\/#\/schema\/logo\/image\/\",\"url\":\"https:\/\/ehlendergisi.com\/wp-content\/uploads\/2023\/06\/IMG_9500404081E2-1-2.jpeg\",\"contentUrl\":\"https:\/\/ehlendergisi.com\/wp-content\/uploads\/2023\/06\/IMG_9500404081E2-1-2.jpeg\",\"width\":2560,\"height\":1341,\"caption\":\"ehlen\"},\"image\":{\"@id\":\"http:\/\/ehlendergisi.com\/#\/schema\/logo\/image\/\"},\"sameAs\":[\"https:\/\/www.facebook.com\/ehlendergisi\/?locale=tr_TR\",\"https:\/\/x.com\/yenidenehlen\"]},{\"@type\":\"Person\",\"@id\":\"http:\/\/ehlendergisi.com\/#\/schema\/person\/de94365e0837ae704e10d1723547402a\",\"name\":\"admin\",\"image\":{\"@type\":\"ImageObject\",\"inLanguage\":\"tr\",\"@id\":\"http:\/\/ehlendergisi.com\/#\/schema\/person\/image\/\",\"url\":\"https:\/\/secure.gravatar.com\/avatar\/4e3d1b4ba20db56c5c7cda805db9aa90e8ae36f8cd48a7e189f21124a32188a7?s=96&d=mm&r=g\",\"contentUrl\":\"https:\/\/secure.gravatar.com\/avatar\/4e3d1b4ba20db56c5c7cda805db9aa90e8ae36f8cd48a7e189f21124a32188a7?s=96&d=mm&r=g\",\"caption\":\"admin\"},\"sameAs\":[\"http:\/\/ehlendergisi.com\"],\"url\":\"https:\/\/ehlendergisi.com\/index.php\/author\/admin\/\"}]}<\/script>\n<!-- \/ Yoast SEO plugin. -->","yoast_head_json":{"title":"Kitap tan\u0131t\u0131m\u0131: Aleviler ve Cumhuriyet - ehlen","robots":{"index":"index","follow":"follow","max-snippet":"max-snippet:-1","max-image-preview":"max-image-preview:large","max-video-preview":"max-video-preview:-1"},"canonical":"https:\/\/ehlendergisi.com\/index.php\/2025\/03\/14\/kitap-tanitimi-aleviler-ve-cumhuriyet\/","og_locale":"tr_TR","og_type":"article","og_title":"Kitap tan\u0131t\u0131m\u0131: Aleviler ve Cumhuriyet - ehlen","og_description":"Bir yanda: Cumhuriyet\u2019in S\u00fcnni kalbinde herkesin ili\u011fini kemi\u011fini s\u00f6m\u00fcr\u00fcrken ma\u011fduriyet g\u00f6zya\u015flar\u0131 d\u00f6k\u00fcp Cumhuriyet\u2019i K\u0131z\u0131lba\u015fl\u0131kla su\u00e7layanlar; Alevileri \u201ccellad\u0131na a\u015f\u0131k\u201d diye i\u015faretleyenler; \u201cCumhuriyet elden gidiyor\u201d diye alavere dalavere Alevileri Cumhuriyet n\u00f6betine ko\u015fanlar; kendi mahallesindeki camiyi g\u00f6rmeyip Alevinin Dede\u2019sine tav\u015fan eti satmaya \u00e7al\u0131\u015fan ya da \u201cbunlar yeni modalar\u201d diyerek b\u00fcy\u00fck k\u00f6rl\u00fc\u011fe alk\u0131\u015f tutmaya devam eden Cumhuriyet\u2019in \u201chas yurtta\u015flar\u0131&#8230;\u201d [&hellip;]","og_url":"https:\/\/ehlendergisi.com\/index.php\/2025\/03\/14\/kitap-tanitimi-aleviler-ve-cumhuriyet\/","og_site_name":"ehlen","article_publisher":"https:\/\/www.facebook.com\/ehlendergisi\/?locale=tr_TR","article_published_time":"2025-03-14T09:48:17+00:00","article_modified_time":"2025-03-14T09:48:18+00:00","og_image":[{"width":500,"height":750,"url":"https:\/\/ehlendergisi.com\/wp-content\/uploads\/2025\/03\/IMG_8532.jpeg","type":"image\/jpeg"}],"author":"admin","twitter_card":"summary_large_image","twitter_creator":"@yenidenehlen","twitter_site":"@yenidenehlen","twitter_misc":{"Yazan:":"admin","Tahmini okuma s\u00fcresi":"2 dakika"},"schema":{"@context":"https:\/\/schema.org","@graph":[{"@type":"Article","@id":"https:\/\/ehlendergisi.com\/index.php\/2025\/03\/14\/kitap-tanitimi-aleviler-ve-cumhuriyet\/#article","isPartOf":{"@id":"https:\/\/ehlendergisi.com\/index.php\/2025\/03\/14\/kitap-tanitimi-aleviler-ve-cumhuriyet\/"},"author":{"name":"admin","@id":"http:\/\/ehlendergisi.com\/#\/schema\/person\/de94365e0837ae704e10d1723547402a"},"headline":"Kitap tan\u0131t\u0131m\u0131: Aleviler ve Cumhuriyet","datePublished":"2025-03-14T09:48:17+00:00","dateModified":"2025-03-14T09:48:18+00:00","mainEntityOfPage":{"@id":"https:\/\/ehlendergisi.com\/index.php\/2025\/03\/14\/kitap-tanitimi-aleviler-ve-cumhuriyet\/"},"wordCount":326,"publisher":{"@id":"http:\/\/ehlendergisi.com\/#organization"},"image":{"@id":"https:\/\/ehlendergisi.com\/index.php\/2025\/03\/14\/kitap-tanitimi-aleviler-ve-cumhuriyet\/#primaryimage"},"thumbnailUrl":"https:\/\/ehlendergisi.com\/wp-content\/uploads\/2025\/03\/IMG_8532.jpeg","articleSection":["K\u00fclt\u00fcr"],"inLanguage":"tr"},{"@type":"WebPage","@id":"https:\/\/ehlendergisi.com\/index.php\/2025\/03\/14\/kitap-tanitimi-aleviler-ve-cumhuriyet\/","url":"https:\/\/ehlendergisi.com\/index.php\/2025\/03\/14\/kitap-tanitimi-aleviler-ve-cumhuriyet\/","name":"Kitap tan\u0131t\u0131m\u0131: Aleviler ve Cumhuriyet - ehlen","isPartOf":{"@id":"http:\/\/ehlendergisi.com\/#website"},"primaryImageOfPage":{"@id":"https:\/\/ehlendergisi.com\/index.php\/2025\/03\/14\/kitap-tanitimi-aleviler-ve-cumhuriyet\/#primaryimage"},"image":{"@id":"https:\/\/ehlendergisi.com\/index.php\/2025\/03\/14\/kitap-tanitimi-aleviler-ve-cumhuriyet\/#primaryimage"},"thumbnailUrl":"https:\/\/ehlendergisi.com\/wp-content\/uploads\/2025\/03\/IMG_8532.jpeg","datePublished":"2025-03-14T09:48:17+00:00","dateModified":"2025-03-14T09:48:18+00:00","breadcrumb":{"@id":"https:\/\/ehlendergisi.com\/index.php\/2025\/03\/14\/kitap-tanitimi-aleviler-ve-cumhuriyet\/#breadcrumb"},"inLanguage":"tr","potentialAction":[{"@type":"ReadAction","target":["https:\/\/ehlendergisi.com\/index.php\/2025\/03\/14\/kitap-tanitimi-aleviler-ve-cumhuriyet\/"]}]},{"@type":"ImageObject","inLanguage":"tr","@id":"https:\/\/ehlendergisi.com\/index.php\/2025\/03\/14\/kitap-tanitimi-aleviler-ve-cumhuriyet\/#primaryimage","url":"https:\/\/ehlendergisi.com\/wp-content\/uploads\/2025\/03\/IMG_8532.jpeg","contentUrl":"https:\/\/ehlendergisi.com\/wp-content\/uploads\/2025\/03\/IMG_8532.jpeg","width":500,"height":750},{"@type":"BreadcrumbList","@id":"https:\/\/ehlendergisi.com\/index.php\/2025\/03\/14\/kitap-tanitimi-aleviler-ve-cumhuriyet\/#breadcrumb","itemListElement":[{"@type":"ListItem","position":1,"name":"Anasayfa","item":"http:\/\/ehlendergisi.com\/"},{"@type":"ListItem","position":2,"name":"Kitap tan\u0131t\u0131m\u0131: Aleviler ve Cumhuriyet"}]},{"@type":"WebSite","@id":"http:\/\/ehlendergisi.com\/#website","url":"http:\/\/ehlendergisi.com\/","name":"ehlen","description":"k\u00fclt\u00fcr, sanat, siyaset dergisi","publisher":{"@id":"http:\/\/ehlendergisi.com\/#organization"},"potentialAction":[{"@type":"SearchAction","target":{"@type":"EntryPoint","urlTemplate":"http:\/\/ehlendergisi.com\/?s={search_term_string}"},"query-input":{"@type":"PropertyValueSpecification","valueRequired":true,"valueName":"search_term_string"}}],"inLanguage":"tr"},{"@type":"Organization","@id":"http:\/\/ehlendergisi.com\/#organization","name":"ehlen","url":"http:\/\/ehlendergisi.com\/","logo":{"@type":"ImageObject","inLanguage":"tr","@id":"http:\/\/ehlendergisi.com\/#\/schema\/logo\/image\/","url":"https:\/\/ehlendergisi.com\/wp-content\/uploads\/2023\/06\/IMG_9500404081E2-1-2.jpeg","contentUrl":"https:\/\/ehlendergisi.com\/wp-content\/uploads\/2023\/06\/IMG_9500404081E2-1-2.jpeg","width":2560,"height":1341,"caption":"ehlen"},"image":{"@id":"http:\/\/ehlendergisi.com\/#\/schema\/logo\/image\/"},"sameAs":["https:\/\/www.facebook.com\/ehlendergisi\/?locale=tr_TR","https:\/\/x.com\/yenidenehlen"]},{"@type":"Person","@id":"http:\/\/ehlendergisi.com\/#\/schema\/person\/de94365e0837ae704e10d1723547402a","name":"admin","image":{"@type":"ImageObject","inLanguage":"tr","@id":"http:\/\/ehlendergisi.com\/#\/schema\/person\/image\/","url":"https:\/\/secure.gravatar.com\/avatar\/4e3d1b4ba20db56c5c7cda805db9aa90e8ae36f8cd48a7e189f21124a32188a7?s=96&d=mm&r=g","contentUrl":"https:\/\/secure.gravatar.com\/avatar\/4e3d1b4ba20db56c5c7cda805db9aa90e8ae36f8cd48a7e189f21124a32188a7?s=96&d=mm&r=g","caption":"admin"},"sameAs":["http:\/\/ehlendergisi.com"],"url":"https:\/\/ehlendergisi.com\/index.php\/author\/admin\/"}]}},"amp_enabled":true,"_links":{"self":[{"href":"https:\/\/ehlendergisi.com\/index.php\/wp-json\/wp\/v2\/posts\/818","targetHints":{"allow":["GET"]}}],"collection":[{"href":"https:\/\/ehlendergisi.com\/index.php\/wp-json\/wp\/v2\/posts"}],"about":[{"href":"https:\/\/ehlendergisi.com\/index.php\/wp-json\/wp\/v2\/types\/post"}],"author":[{"embeddable":true,"href":"https:\/\/ehlendergisi.com\/index.php\/wp-json\/wp\/v2\/users\/1"}],"replies":[{"embeddable":true,"href":"https:\/\/ehlendergisi.com\/index.php\/wp-json\/wp\/v2\/comments?post=818"}],"version-history":[{"count":1,"href":"https:\/\/ehlendergisi.com\/index.php\/wp-json\/wp\/v2\/posts\/818\/revisions"}],"predecessor-version":[{"id":820,"href":"https:\/\/ehlendergisi.com\/index.php\/wp-json\/wp\/v2\/posts\/818\/revisions\/820"}],"wp:featuredmedia":[{"embeddable":true,"href":"https:\/\/ehlendergisi.com\/index.php\/wp-json\/wp\/v2\/media\/819"}],"wp:attachment":[{"href":"https:\/\/ehlendergisi.com\/index.php\/wp-json\/wp\/v2\/media?parent=818"}],"wp:term":[{"taxonomy":"category","embeddable":true,"href":"https:\/\/ehlendergisi.com\/index.php\/wp-json\/wp\/v2\/categories?post=818"},{"taxonomy":"post_tag","embeddable":true,"href":"https:\/\/ehlendergisi.com\/index.php\/wp-json\/wp\/v2\/tags?post=818"}],"curies":[{"name":"wp","href":"https:\/\/api.w.org\/{rel}","templated":true}]}}